{"id":39915,"date":"2022-04-12T13:17:36","date_gmt":"2022-04-12T13:17:36","guid":{"rendered":"https:\/\/www.mujerhoy.com\/moda\/tendencias\/pantalones-zara-anchos-tendencia-talle-bajo-copia-barata-parecen-lujo-20220412013713-nt.html"},"modified":"2022-04-12T13:17:36","modified_gmt":"2022-04-12T13:17:36","slug":"de-las-pasarelas-al-low-cost-asi-es-la-tendencia-de-pantalones-originales-que-ha-llegado-a-zara-y-que-confirma-la-vuelta-del-talle-bajo","status":"publish","type":"post","link":"http:\/\/hoycordobaweb.com\/index.php\/2022\/04\/12\/de-las-pasarelas-al-low-cost-asi-es-la-tendencia-de-pantalones-originales-que-ha-llegado-a-zara-y-que-confirma-la-vuelta-del-talle-bajo\/","title":{"rendered":"De las pasarelas al low cost: as\u00ed es la tendencia de pantalones originales que ha llegado a Zara y que confirma la vuelta del talle bajo"},"content":{"rendered":"<p><!-- AUTHOR --><!-- COMPONENTS --><\/p>\n<p class=\"voc-paragraph\">Despu\u00e9s de una temporada de restricciones, la moda se ha vuelto mucho m\u00e1s atrevida y <strong>el todo vale <\/strong>se ha convertido en la m\u00e1xima favorita. Las tendencias m\u00e1s arriesgadas ahora est\u00e1n s\u00faper normalizadas y los pantalones han sido la prenda que m\u00e1s se ha visto reflejada por estos cambios. Como resultado, triunfan los modelos anchos, <a data-voc-vtm-id=\"in-text-traffic\" href=\"https:\/\/www.mujerhoy.com\/moda\/tendencias\/vaqueros-cut-out-aberturas-tendencia-pantalones-mango-hym-primavera-triunfa-influencers-20220409125750-nt.html\">los que tienen aberturas laterales<\/a>, y ahora parece que hay una nueva tendencia que va a arrasar y es aquella que confirma <strong>el regreso del talle bajo<\/strong>.\n<\/p>\n<div class=\"voc-detail-photo-zoom\"><picture data-toggle=\"modal\" data-target=\"#photoZoomModal-959\" target=\"modal\">\n<div class=\"voc-img-icon-link\"><img loading=\"lazy\" data-original=\"\/\/static.mujerhoy.com\/www\/multimedia\/202204\/12\/media\/cortadas\/desfile-miu-miu-talle-bajo-kywE--460x637@MujerHoy.jpg\" class=\"lazy\" alt=\"IMAXTREE\"><noscript><img src=\"http:\/\/hoycordobaweb.com\/wp-content\/uploads\/2022\/04\/de-las-pasarelas-al-low-cost-asi-es-la-tendencia-de-pantalones-originales-que-ha-llegado-a-zara-y-que-confirma-la-vuelta-del-talle-bajo.jpg\" alt=\"IMAXTREE\"><\/noscript><i class=\"voc-icons zoom voc-multimedia-box voc-ico-l\"><\/i><\/div><figcaption class=\"figure-caption\">IMAXTREE<\/figcaption><\/picture><\/div>\n<div id=\"photoZoomModal-959\" class=\"voc-lightbox modal fade voc-lightbox--photo-zoom\" role=\"dialog\" data-voc-photozoom-lightbox>\n<div class=\"voc-lightbox__dialog\" role=\"document\">\n<div class=\"voc-lightbox__content\"><!-- Modal header --><\/p>\n<header class=\"voc-lightbox__header\"><span class=\"voc-lightbox__title\">IMAXTREE<\/span><\/header>\n<p><!-- Modal content --><\/p>\n<div class=\"voc-lightbox__photo-container\"><picture class><img loading=\"lazy\" data-original=\"\/\/static.mujerhoy.com\/www\/multimedia\/202204\/12\/media\/cortadas\/desfile-miu-miu-talle-bajo-kywE--460x637@MujerHoy.jpg\" alt=\"IMAXTREE\" class=\"lazy\"><noscript><img src=\"http:\/\/hoycordobaweb.com\/wp-content\/uploads\/2022\/04\/de-las-pasarelas-al-low-cost-asi-es-la-tendencia-de-pantalones-originales-que-ha-llegado-a-zara-y-que-confirma-la-vuelta-del-talle-bajo.jpg\" alt=\"IMAXTREE\"><\/noscript><\/picture><\/div>\n<\/div>\n<\/div>\n<\/div>\n<p class=\"voc-paragraph\">Fue hace ya varias temporada cuando vimos que <strong>la tendencia m\u00e1s temida de los 2000 <\/strong>estaba regresando t\u00edmidamente. Eran las que m\u00e1s saben de moda las que triunfaban en el street style con propuestas protagonizadas por <strong>prendas de talle bajo<\/strong>. Y aunque la gran mayor\u00eda est\u00e1 en contra de la vuelta de este estilo, lo cierto es que debes empezar a asumir que no es una utop\u00eda que llega solo a las grandes del mundo de la moda, sino que ya es un hecho y est\u00e1 mas cerca de lo que piensas.\n<\/p>\n<div class=\"voc-detail-photo-zoom\"><picture data-toggle=\"modal\" data-target=\"#photoZoomModal-751\" target=\"modal\">\n<div class=\"voc-img-icon-link\"><img loading=\"lazy\" data-original=\"\/\/static3.mujerhoy.com\/www\/multimedia\/202204\/12\/media\/cortadas\/desfile-jacquemus-pantalones-kywE--460x637@MujerHoy.jpg\" class=\"lazy\" alt=\"IMAXTREE\"><noscript><img src=\"http:\/\/hoycordobaweb.com\/wp-content\/uploads\/2022\/04\/de-las-pasarelas-al-low-cost-asi-es-la-tendencia-de-pantalones-originales-que-ha-llegado-a-zara-y-que-confirma-la-vuelta-del-talle-bajo-1.jpg\" alt=\"IMAXTREE\"><\/noscript><i class=\"voc-icons zoom voc-multimedia-box voc-ico-l\"><\/i><\/div><figcaption class=\"figure-caption\">IMAXTREE<\/figcaption><\/picture><\/div>\n<div id=\"photoZoomModal-751\" class=\"voc-lightbox modal fade voc-lightbox--photo-zoom\" role=\"dialog\" data-voc-photozoom-lightbox>\n<div class=\"voc-lightbox__dialog\" role=\"document\">\n<div class=\"voc-lightbox__content\"><!-- Modal header --><\/p>\n<header class=\"voc-lightbox__header\"><span class=\"voc-lightbox__title\">IMAXTREE<\/span><\/header>\n<p><!-- Modal content --><\/p>\n<div class=\"voc-lightbox__photo-container\"><picture class><img loading=\"lazy\" data-original=\"\/\/static3.mujerhoy.com\/www\/multimedia\/202204\/12\/media\/cortadas\/desfile-jacquemus-pantalones-kywE--460x637@MujerHoy.jpg\" alt=\"IMAXTREE\" class=\"lazy\"><noscript><img src=\"http:\/\/hoycordobaweb.com\/wp-content\/uploads\/2022\/04\/de-las-pasarelas-al-low-cost-asi-es-la-tendencia-de-pantalones-originales-que-ha-llegado-a-zara-y-que-confirma-la-vuelta-del-talle-bajo-1.jpg\" alt=\"IMAXTREE\"><\/noscript><\/picture><\/div>\n<\/div>\n<\/div>\n<\/div>\n<p class=\"voc-paragraph\">\u00bfEl motivo? Que las grandes firmas de lujo tambi\u00e9n han aceptado el talle bajo y lo han colocado como el centro de sus propuestas. Ha sido el caso de <strong>Miu Miu o Jacquemus <\/strong>,que sacaron varias prendas en esta l\u00ednea en las \u00faltimas propuestas que hicieron en la Semana de la Moda parisina. Y ya sabes, todo lo que pasa por las pasarelas acaba llegando al low cost de alguna forma u otra o en versiones mucho m\u00e1s ponibles. Y han sido <strong>los pantalones de Jacquemus los que ha clonado Zara<\/strong>.\n<\/p>\n<div class=\"voc-detail-photo-zoom\"><picture data-toggle=\"modal\" data-target=\"#photoZoomModal-471\" target=\"modal\">\n<div class=\"voc-img-icon-link\"><img loading=\"lazy\" data-original=\"\/\/static1.mujerhoy.com\/www\/multimedia\/202204\/12\/media\/cortadas\/pantalones-zara-anchos-tendencia-comodos-ksFG--460x637@MujerHoy.jpg\" class=\"lazy\" alt=\"ZARA\"><noscript><img src=\"http:\/\/hoycordobaweb.com\/wp-content\/uploads\/2022\/04\/de-las-pasarelas-al-low-cost-asi-es-la-tendencia-de-pantalones-originales-que-ha-llegado-a-zara-y-que-confirma-la-vuelta-del-talle-bajo-2.jpg\" alt=\"ZARA\"><\/noscript><i class=\"voc-icons zoom voc-multimedia-box voc-ico-l\"><\/i><\/div><figcaption class=\"figure-caption\">ZARA<\/figcaption><\/picture><\/div>\n<div id=\"photoZoomModal-471\" class=\"voc-lightbox modal fade voc-lightbox--photo-zoom\" role=\"dialog\" data-voc-photozoom-lightbox>\n<div class=\"voc-lightbox__dialog\" role=\"document\">\n<div class=\"voc-lightbox__content\"><!-- Modal header --><\/p>\n<header class=\"voc-lightbox__header\"><span class=\"voc-lightbox__title\">ZARA<\/span><\/header>\n<p><!-- Modal content --><\/p>\n<div class=\"voc-lightbox__photo-container\"><picture class><img loading=\"lazy\" data-original=\"\/\/static1.mujerhoy.com\/www\/multimedia\/202204\/12\/media\/cortadas\/pantalones-zara-anchos-tendencia-comodos-ksFG--460x637@MujerHoy.jpg\" alt=\"ZARA\" class=\"lazy\"><noscript><img src=\"http:\/\/hoycordobaweb.com\/wp-content\/uploads\/2022\/04\/de-las-pasarelas-al-low-cost-asi-es-la-tendencia-de-pantalones-originales-que-ha-llegado-a-zara-y-que-confirma-la-vuelta-del-talle-bajo-2.jpg\" alt=\"ZARA\"><\/noscript><\/picture><\/div>\n<\/div>\n<\/div>\n<\/div>\n<p class=\"voc-paragraph\">El gigante de Inditex ha querido incluir en su nueva colecci\u00f3n un dise\u00f1o de talle bajo y lo ha hecho con la versi\u00f3n m\u00e1s original de la firma parisina. No se trata del cl\u00e1sico talle que queda a la altura de la cadera, sino un dise\u00f1o diferente en el que parece que <strong>la cinturilla de un pantal\u00f3n de talle alto ha sido dada la vuelta<\/strong> para convertirlo en bajo. \u00bfEl resultado? Una <strong>prenda s\u00faper original que parece de lujo <\/strong>y que solo es apta para las m\u00e1s atrevidas.\n<\/p>\n<div class=\"voc-detail-photo-zoom\"><picture data-toggle=\"modal\" data-target=\"#photoZoomModal-722\" target=\"modal\">\n<div class=\"voc-img-icon-link\"><img loading=\"lazy\" data-original=\"\/\/static3.mujerhoy.com\/www\/multimedia\/202204\/12\/media\/cortadas\/pantalones-anchos-zara-baratos-kywE--460x637@MujerHoy.jpg\" class=\"lazy\" alt=\"ZARA\"><noscript><img src=\"http:\/\/hoycordobaweb.com\/wp-content\/uploads\/2022\/04\/de-las-pasarelas-al-low-cost-asi-es-la-tendencia-de-pantalones-originales-que-ha-llegado-a-zara-y-que-confirma-la-vuelta-del-talle-bajo-3.jpg\" alt=\"ZARA\"><\/noscript><i class=\"voc-icons zoom voc-multimedia-box voc-ico-l\"><\/i><\/div><figcaption class=\"figure-caption\">ZARA<\/figcaption><\/picture><\/div>\n<div id=\"photoZoomModal-722\" class=\"voc-lightbox modal fade voc-lightbox--photo-zoom\" role=\"dialog\" data-voc-photozoom-lightbox>\n<div class=\"voc-lightbox__dialog\" role=\"document\">\n<div class=\"voc-lightbox__content\"><!-- Modal header --><\/p>\n<header class=\"voc-lightbox__header\"><span class=\"voc-lightbox__title\">ZARA<\/span><\/header>\n<p><!-- Modal content --><\/p>\n<div class=\"voc-lightbox__photo-container\"><picture class><img loading=\"lazy\" data-original=\"\/\/static3.mujerhoy.com\/www\/multimedia\/202204\/12\/media\/cortadas\/pantalones-anchos-zara-baratos-kywE--460x637@MujerHoy.jpg\" alt=\"ZARA\" class=\"lazy\"><noscript><img src=\"http:\/\/hoycordobaweb.com\/wp-content\/uploads\/2022\/04\/de-las-pasarelas-al-low-cost-asi-es-la-tendencia-de-pantalones-originales-que-ha-llegado-a-zara-y-que-confirma-la-vuelta-del-talle-bajo-3.jpg\" alt=\"ZARA\"><\/noscript><\/picture><\/div>\n<\/div>\n<\/div>\n<\/div>\n<p class=\"voc-paragraph\">Y Zara lo ha sacado en un modelo en color <strong>rosa empolvado <\/strong>con la cinturilla a contraste en color blanco y que cuesta <strong>35,95 euros<\/strong>. Est\u00e1 disponible desde la XS a la XXL y promete ser uno de los favoritos del momento. \u00bfTe atreves con \u00e9l?\n<\/p>\n<div class=\"voc-detail__cmp voc-detail__cmp--pad-lr voc-detail__cmp--pad-lr--bdr\">\n<div class=\"voc-ficha-detail__wrapper\">\n<section class=\"voc-ficha-detail\">\n<h4 class=\"voc-ficha-detail-title voc-title-section\">te recomendamos<\/h4>\n<\/section>\n<\/div>\n<\/div>\n<p><!-- TOPICS --><\/p>\n","protected":false},"excerpt":{"rendered":"<p>Despu\u00e9s de una temporada de restricciones, la moda se ha vuelto mucho m\u00e1s atrevida y el todo vale se ha convertido en la m\u00e1xima favorita. Las tendencias m\u00e1s arriesgadas ahora est\u00e1n s\u00faper normalizadas y los pantalones han sido la prenda que m\u00e1s se ha visto reflejada por estos cambios. Como resultado, triunfan los modelos anchos, [&hellip;]<\/p>\n","protected":false},"author":1,"featured_media":39916,"comment_status":"closed","ping_status":"closed","sticky":false,"template":"","format":"standard","meta":[],"categories":[1],"tags":[],"_links":{"self":[{"href":"http:\/\/hoycordobaweb.com\/index.php\/wp-json\/wp\/v2\/posts\/39915"}],"collection":[{"href":"http:\/\/hoycordobaweb.com\/index.php\/wp-json\/wp\/v2\/posts"}],"about":[{"href":"http:\/\/hoycordobaweb.com\/index.php\/wp-json\/wp\/v2\/types\/post"}],"author":[{"embeddable":true,"href":"http:\/\/hoycordobaweb.com\/index.php\/wp-json\/wp\/v2\/users\/1"}],"replies":[{"embeddable":true,"href":"http:\/\/hoycordobaweb.com\/index.php\/wp-json\/wp\/v2\/comments?post=39915"}],"version-history":[{"count":0,"href":"http:\/\/hoycordobaweb.com\/index.php\/wp-json\/wp\/v2\/posts\/39915\/revisions"}],"wp:featuredmedia":[{"embeddable":true,"href":"http:\/\/hoycordobaweb.com\/index.php\/wp-json\/wp\/v2\/media\/39916"}],"wp:attachment":[{"href":"http:\/\/hoycordobaweb.com\/index.php\/wp-json\/wp\/v2\/media?parent=39915"}],"wp:term":[{"taxonomy":"category","embeddable":true,"href":"http:\/\/hoycordobaweb.com\/index.php\/wp-json\/wp\/v2\/categories?post=39915"},{"taxonomy":"post_tag","embeddable":true,"href":"http:\/\/hoycordobaweb.com\/index.php\/wp-json\/wp\/v2\/tags?post=39915"}],"curies":[{"name":"wp","href":"https:\/\/api.w.org\/{rel}","templated":true}]}}