{"id":39903,"date":"2022-04-13T02:42:55","date_gmt":"2022-04-13T02:42:55","guid":{"rendered":"https:\/\/www.ole.com.ar\/futbol-internacional\/libertadores\/palmeiras-campeon-libertadores_0_Ses7Z5IDlQ.html"},"modified":"2022-04-13T02:42:55","modified_gmt":"2022-04-13T02:42:55","slug":"el-campeon-metio-ocho-goles","status":"publish","type":"post","link":"http:\/\/hoycordobaweb.com\/index.php\/2022\/04\/13\/el-campeon-metio-ocho-goles\/","title":{"rendered":"El campe\u00f3n meti\u00f3 ocho goles"},"content":{"rendered":"<p><img src=\"http:\/\/hoycordobaweb.com\/wp-content\/uploads\/2022\/04\/el-campeon-metio-ocho-goles.jpg\"><\/p>\n<p>El campe\u00f3n marc\u00f3 terreno en la <a alt=\"copa-libertadores\" class=\"slug\" href=\"https:\/\/www.ole.com.ar\/tema\/copa-libertadores.html\" target=\"_blank\" title=\"copa-libertadores\" rel=\"noopener noreferrer\">Copa Libertadores<\/a>: <strong><a alt=\"palmeiras\" class=\"slug\" href=\"https:\/\/www.ole.com.ar\/tema\/palmeiras.html\" target=\"_blank\" title=\"palmeiras\" rel=\"noopener noreferrer\">Palmeiras <\/a>gole\u00f3 8 a 1 a Independiente Petrolero,<\/strong> en el Allianz Parque de San Pablo. Descomunal actuaci\u00f3n del equipo del portugu\u00e9s Abel Ferreira. Con algunas perlitas: se trat\u00f3 del resultado m\u00e1s amplio del Verdao en la historia del torneo, <strong>hubo cuatro tantos, todos en el segundo tiempo, de Rafael Navarro,<\/strong> delantero de 21 a\u00f1os, y uno de los dos de Raphael Veiga result\u00f3 espectacular:&nbsp;una volea a la salida del corner que fue directo al \u00e1ngulo.<\/p>\n<p>Adem\u00e1s, Rony aport\u00f3 un tanto, y as\u00ed acumul\u00f3 12 en todas sus participaciones en el torneo, con lo que igual\u00f3 a Alex, ya retirado. <\/p>\n<p>Toda una fiesta enorme para la torcida, que hab\u00eda empezado mal, porque Correa hab\u00eda puesto en ventaja a los bolivianos en el arranque del partido. Una sorpresa que no era esperada, como tampoco la enorme reacci\u00f3n del Verdao.<\/p>\n<div class=\"sp__Normal\">\n<div class=\"image-embeb image-trigger\" readability=\"6\">\n<picture><source media=\"(min-width: 720px)\" srcset=\"http:\/\/hoycordobaweb.com\/wp-content\/uploads\/2022\/04\/el-campeon-metio-ocho-goles-2.jpg\"><img itemprop=\"image\" src=\"http:\/\/hoycordobaweb.com\/wp-content\/uploads\/2022\/04\/el-campeon-metio-ocho-goles-2.jpg\" loading=\"lazy\" alt=\"Rafael Navarro muestra los cuatro dedos: sus goles ante Independiente Petrolero.\">\n<\/picture><figcaption readability=\"2\">\n<p>Rafael Navarro muestra los cuatro dedos: sus goles ante Independiente Petrolero.\n<\/p>\n<\/figcaption><\/div>\n<\/div>\n<p>\u00bfQui\u00e9n es Navarro? Lleg\u00f3 en enero desde Botafogo, con el pase libre. Hab\u00eda jugado nueve partidos en el torneo Paulista, estadual en el que Palmeiras fue campe\u00f3n, sin marcar un tanto. Se despach\u00f3 en la Copa: ya hab\u00eda metido un doblete contra T\u00e1chira, por lo que ya tiene seis.<\/p>\n<p>Tremendo. Su arranque y el de su equipo. Candidato a un triplete. <\/p>\n<h2><strong>Mir\u00e1 los goles<\/strong><\/h2>\n<p>\u200bDel lado de Independiente Petrolero sufri\u00f3 su t\u00e9cnico argentino, Marcelo Robledo. Y fue titular Jonathan Cristaldo, ex V\u00e9lez, Racing y Newell&#8217;s. De 2014 a 2016 hab\u00eda jugado en Palmeiras y este martes su ex club lo hundi\u00f3&#8230;<\/p>\n<div class=\"sp__Normal\">\n<div class=\"image-embeb image-trigger\" readability=\"6\">\n<picture><source media=\"(min-width: 720px)\" srcset=\"http:\/\/hoycordobaweb.com\/wp-content\/uploads\/2022\/04\/el-campeon-metio-ocho-goles-3.jpg\"><img itemprop=\"image\" src=\"http:\/\/hoycordobaweb.com\/wp-content\/uploads\/2022\/04\/el-campeon-metio-ocho-goles-3.jpg\" loading=\"lazy\" alt=\"Rafael Navarro festeja su primer gol.\">\n<\/picture><figcaption readability=\"2\">\n<p>Rafael Navarro festeja su primer gol.\n<\/p>\n<\/figcaption><\/div>\n<\/div>\n<div class=\"sp__SM\">\n<div class=\"content-new \">\n<span class=\"tit-mobile\">Mir\u00e1 tambi\u00e9n<\/span><\/p>\n<div class=\"mg\">\n<div class=\"wrap-figure\">\n<picture>\n<a href=\"https:\/\/www.ole.com.ar\/river-plate\/gallardo-tiros-libres-entrenamiento_0_cKjZ9S02xd.html\" target=\"_self\" rel=\"noopener noreferrer\"><br \/>\n<img class=\"img-responsive\" alt=\"Video: Gallardo exigi\u00f3 a los arqueros antes de Fortaleza\" src=\"http:\/\/hoycordobaweb.com\/wp-content\/uploads\/2022\/04\/el-campeon-metio-ocho-goles-4.jpg\" loading=\"lazy\"><br \/>\n<\/a>\n<\/picture>\n<\/div>\n<\/div><\/div>\n<\/div>\n<div class=\"sp__SM\">\n<div class=\"content-new \">\n<span class=\"tit-mobile\">Mir\u00e1 tambi\u00e9n<\/span><\/p>\n<div class=\"mg\">\n<div class=\"wrap-figure\">\n<picture>\n<a href=\"https:\/\/www.ole.com.ar\/talleres\/hinchas-talleres-asado-policia_0_rMh6e2AWpE.html\" target=\"_self\" rel=\"noopener noreferrer\"><br \/>\n<img class=\"img-responsive\" alt=\"Los hinchas de la T hac\u00edan asados y la polic\u00eda les dispar\u00f3\" src=\"http:\/\/hoycordobaweb.com\/wp-content\/uploads\/2022\/04\/el-campeon-metio-ocho-goles-5.jpg\" loading=\"lazy\"><br \/>\n<\/a>\n<\/picture>\n<\/div>\n<\/div><\/div>\n<\/div>\n<p><opta-widget sport=\"football\" widget=\"timeline\" competition=\"420\" season=\"2022\" match=\"2282907\" template=\"normal\" live=\"true\" orientation=\"horizontal\" vertical_timebar_height=\"260\" show_match_header=\"true\" show_score=\"true\" show_crests=\"true\" show_assists=\"all\" show_team_formation=\"true\" show_clock=\"true\" show_period_dividers=\"true\" show_halftime_score=\"false\" show_date=\"true\" date_format=\"dddd D MMMM YYYY\" show_attendance=\"true\" show_images=\"true\" show_referee=\"true\" show_venue=\"true\" show_cards=\"all\" show_goals=\"true\" show_penalties_missed=\"true\" show_subs=\"false\" show_goals_combined=\"false\" show_shootouts=\"false\" show_competition_name=\"true\" competition_naming=\"full\" team_naming=\"full\" player_naming=\"full\" show_live=\"true\" show_logo=\"false\" show_title=\"true\" breakpoints=\"400, 700\"><\/opta-widget><opta-widget sport=\"football\" widget=\"matchstats\" competition=\"420\" season=\"2022\" match=\"2282907\" template=\"lineups\" live=\"true\" side=\"both\" column_count=\"1\" side_by_side=\"true\" show_match_header=\"true\" show_score=\"true\" show_halftime_score=\"false\" show_crests=\"false\" show_team_formation=\"true\" show_competition_name=\"true\" show_date=\"false\" date_format=\"dddd D MMMM YYYY\" order_by=\"position\" group_by_position=\"false\" show_position=\"true\" show_images=\"false\" show_key=\"false\" show_starters=\"true\" show_goalkeepers=\"true\" show_defenders=\"true\" show_midfielders=\"true\" show_forwards=\"true\" show_subs=\"true\" show_unused_subs=\"false\" show_managers=\"true\" show_captain=\"false\" show_match_events=\"true\" competition_naming=\"full\" team_naming=\"full\" player_naming=\"full\" show_live=\"false\" show_logo=\"false\" show_title=\"true\" breakpoints=\"400, 700\"><\/opta-widget><opta-widget widget=\"commentary\" competition=\"420\" season=\"2022\" match=\"2282907\" template=\"normal\" live=\"true\" data_type=\"auto\" order_by=\"time_descending\" show_event_icons=\"true\" show_minor_events=\"true\" fixed_height_comments=\"300\" show_live=\"true\" show_logo=\"false\" show_title=\"true\" breakpoints=\"400\" sport=\"football\"><\/opta-widget><opta-widget sport=\"football\" widget=\"heatmap\" competition=\"420\" season=\"2022\" match=\"2282907\" preselected_player template=\"normal\" live=\"true\" show_maps=\"all\" orientation=\"horizontal\" side=\"both\" dimension=\"2D\" one_direction=\"false\" show_match_header=\"true\" show_score=\"true\" show_halftime_score=\"false\" show_crests=\"false\" show_team_formation=\"true\" show_competition_name=\"true\" show_date=\"true\" date_format=\"dddd D MMMM YYYY\" show_team_sheets=\"true\" show_subs=\"true\" show_position=\"true\" show_timecontrols=\"true\" show_timecontrols_buttons=\"true\" show_timecontrols_bar=\"true\" show_tooltips=\"false\" competition_naming=\"full\" team_naming=\"full\" player_naming=\"full\" show_logo=\"false\" show_title=\"true\" breakpoints=\"400, 700\"><\/opta-widget><opta-widget widget=\"standings\" competition=\"420\" season=\"2022\" template=\"normal\" live=\"true\" default_nav=\"1\" side=\"combined\" data_detail=\"default\" show_key=\"true\" show_crests=\"true\" points_in_first_column=\"true\" lose_before_draw=\"false\" competition_naming=\"full\" team_naming=\"full\" date_format=\"dddd D MMMM YYYY\" sorting=\"false\" show_live=\"false\" show_relegation_average=\"true\" show_logo=\"true\" show_title=\"true\" breakpoints=\"382\" sport=\"football\"><\/opta-widget> <\/p>\n<div class=\"entry-tags\">\n<h2>TEMAS QUE APARECEN EN ESTA NOTA<\/h2>\n<\/p><\/div>\n","protected":false},"excerpt":{"rendered":"<p>El campe\u00f3n marc\u00f3 terreno en la Copa Libertadores: Palmeiras gole\u00f3 8 a 1 a Independiente Petrolero, en el Allianz Parque de San Pablo. Descomunal actuaci\u00f3n del equipo del portugu\u00e9s Abel Ferreira. Con algunas perlitas: se trat\u00f3 del resultado m\u00e1s amplio del Verdao en la historia del torneo, hubo cuatro tantos, todos en el segundo tiempo, [&hellip;]<\/p>\n","protected":false},"author":1,"featured_media":39904,"comment_status":"open","ping_status":"closed","sticky":false,"template":"","format":"standard","meta":[],"categories":[16],"tags":[],"_links":{"self":[{"href":"http:\/\/hoycordobaweb.com\/index.php\/wp-json\/wp\/v2\/posts\/39903"}],"collection":[{"href":"http:\/\/hoycordobaweb.com\/index.php\/wp-json\/wp\/v2\/posts"}],"about":[{"href":"http:\/\/hoycordobaweb.com\/index.php\/wp-json\/wp\/v2\/types\/post"}],"author":[{"embeddable":true,"href":"http:\/\/hoycordobaweb.com\/index.php\/wp-json\/wp\/v2\/users\/1"}],"replies":[{"embeddable":true,"href":"http:\/\/hoycordobaweb.com\/index.php\/wp-json\/wp\/v2\/comments?post=39903"}],"version-history":[{"count":0,"href":"http:\/\/hoycordobaweb.com\/index.php\/wp-json\/wp\/v2\/posts\/39903\/revisions"}],"wp:featuredmedia":[{"embeddable":true,"href":"http:\/\/hoycordobaweb.com\/index.php\/wp-json\/wp\/v2\/media\/39904"}],"wp:attachment":[{"href":"http:\/\/hoycordobaweb.com\/index.php\/wp-json\/wp\/v2\/media?parent=39903"}],"wp:term":[{"taxonomy":"category","embeddable":true,"href":"http:\/\/hoycordobaweb.com\/index.php\/wp-json\/wp\/v2\/categories?post=39903"},{"taxonomy":"post_tag","embeddable":true,"href":"http:\/\/hoycordobaweb.com\/index.php\/wp-json\/wp\/v2\/tags?post=39903"}],"curies":[{"name":"wp","href":"https:\/\/api.w.org\/{rel}","templated":true}]}}