{"id":39864,"date":"2022-04-11T15:04:35","date_gmt":"2022-04-11T15:04:35","guid":{"rendered":"https:\/\/www.mujerhoy.com\/moda\/no-te-pierdas\/olivia-palermo-look-zara-conjunto-verde-blazer-falda-barato-favorecedor-primavera-20220411085617-nt.html"},"modified":"2022-04-11T15:04:35","modified_gmt":"2022-04-11T15:04:35","slug":"olivia-palermo-dice-que-este-conjunto-de-zara-tan-favorecedor-es-el-look-low-cost-con-el-que-ser-la-mejor-vestida","status":"publish","type":"post","link":"http:\/\/hoycordobaweb.com\/index.php\/2022\/04\/11\/olivia-palermo-dice-que-este-conjunto-de-zara-tan-favorecedor-es-el-look-low-cost-con-el-que-ser-la-mejor-vestida\/","title":{"rendered":"Olivia Palermo dice que este conjunto de Zara tan favorecedor es el look low cost con el que ser la mejor vestida"},"content":{"rendered":"<p><!-- AUTHOR --><!-- COMPONENTS --><\/p>\n<p class=\"voc-paragraph\"><strong>Olivia Palermo <\/strong>es una de las mujeres m\u00e1s reconocidas por su estilo y buen gusto para combinar prendas. La empresaria, instagramer y modelo luce<br \/>\n<strong> los looks m\u00e1s exclusivos y de lujo <\/strong>del momento, pero, como el resto de mortales, tambi\u00e9n acaba sucumbiendo a las <strong>prendas del low cost<\/strong>. En concreto, la de <strong>Zara<\/strong>. Este invierno la vimos lucir <a data-voc-vtm-id=\"in-text-traffic\" href=\"https:\/\/www.mujerhoy.com\/moda\/no-te-pierdas\/abrigo-zara-espectacular-estampado-original-arrasa-famosas-influencers-20220201100139-nt.html\">este abrigo estampado <\/a>del gigante de Inidtex y ahora ha confirmado su amor por la firma low cost con un <strong>conjunto en color verde<\/strong> ideal.\n<\/p>\n<p class=\"voc-paragraph\">La socilait\u00e9 ha publicado una fotograf\u00eda en su perfil de Instagram digna del street style y que hace alarde del buen gusto y estilo que tiene. Se atreve con combinaciones de colores exclusivas y apuesta por estampados y tonalidades llamativas, pero siempre manteniendo la elegancia y la armon\u00eda. Y este look del que te venimos a hablar hoy es una prueba de ello.\n<\/p>\n<p class=\"voc-paragraph\">Olivia confirma, en este caso, que el <strong>verde <\/strong>(y todas sus versiones) es el color de la temporada. Y lo ha hecho con un <strong>conjunto en un lima muy primaveral <\/strong>y veraniego que ha combinado de la mejor forma posible. Se trata de un dos piezas formado por una<br \/>\n<strong> blazer y una falda<\/strong>, pero no es un traje cualquiera. La chaqueta es un modelo<br \/>\n<strong> de manga corta cropped<\/strong> con dise\u00f1o cruzado que cuesta <strong>49,95 euros<\/strong>. La falda, por su parte, es un m<br \/>\n<strong>odelo mini de talle alto<\/strong>, confeccionada con un tejido estructurado (al igual que la blazer) y con un dise\u00f1o de botones en el lateral.\n<\/p>\n<div class=\"voc-detail-photo-zoom\"><picture data-toggle=\"modal\" data-target=\"#photoZoomModal-773\" target=\"modal\">\n<div class=\"voc-img-icon-link\"><img loading=\"lazy\" data-original=\"\/\/static2.mujerhoy.com\/www\/multimedia\/202204\/11\/media\/cortadas\/blazer-verde-zara-falda-kwQG--460x637@MujerHoy.jpg\" class=\"lazy\" alt=\"ZARA\"><noscript><img src=\"http:\/\/hoycordobaweb.com\/wp-content\/uploads\/2022\/04\/olivia-palermo-dice-que-este-conjunto-de-zara-tan-favorecedor-es-el-look-low-cost-con-el-que-ser-la-mejor-vestida.jpg\" alt=\"ZARA\"><\/noscript><i class=\"voc-icons zoom voc-multimedia-box voc-ico-l\"><\/i><\/div><figcaption class=\"figure-caption\">ZARA<\/figcaption><\/picture><\/div>\n<div id=\"photoZoomModal-773\" class=\"voc-lightbox modal fade voc-lightbox--photo-zoom\" role=\"dialog\" data-voc-photozoom-lightbox>\n<div class=\"voc-lightbox__dialog\" role=\"document\">\n<div class=\"voc-lightbox__content\"><!-- Modal header --><\/p>\n<header class=\"voc-lightbox__header\"><span class=\"voc-lightbox__title\">ZARA<\/span><\/header>\n<p><!-- Modal content --><\/p>\n<div class=\"voc-lightbox__photo-container\"><picture class><img loading=\"lazy\" data-original=\"\/\/static2.mujerhoy.com\/www\/multimedia\/202204\/11\/media\/cortadas\/blazer-verde-zara-falda-kwQG--460x637@MujerHoy.jpg\" alt=\"ZARA\" class=\"lazy\"><noscript><img src=\"http:\/\/hoycordobaweb.com\/wp-content\/uploads\/2022\/04\/olivia-palermo-dice-que-este-conjunto-de-zara-tan-favorecedor-es-el-look-low-cost-con-el-que-ser-la-mejor-vestida.jpg\" alt=\"ZARA\"><\/noscript><\/picture><\/div>\n<\/div>\n<\/div>\n<\/div>\n<p class=\"voc-paragraph\">Ideal, \u00bfverdad? Un look low cost que ella combin\u00f3 con <strong>prendas de abrigo <\/strong>demostrando que tambi\u00e9n es apto para estos d\u00edas en los que el fr\u00edo todav\u00eda no se ha ido. A\u00f1adi\u00f3 <strong>una camisa verde y un plum\u00edfero largo en color marr\u00f3n <\/strong>con capucha, un abrigo al que dio una vuelta y lo convirti\u00f3 en m\u00e1s elegante combin\u00e1ndolo con un chaleco en el mismo tono c\u00e1mel. Por \u00faltimo, complet\u00f3 este estilismo con unos <strong>mocasines de plataforma <\/strong>y suela dentada negros de Prada y un bolso a juego. \u00a1Nos encanta!\n<\/p>\n<div class=\"voc-detail__cmp voc-detail__cmp--pad-lr voc-detail__cmp--pad-lr--bdr\">\n<div class=\"voc-ficha-detail__wrapper\">\n<section class=\"voc-ficha-detail\">\n<h4 class=\"voc-ficha-detail-title voc-title-section\">te recomendamos<\/h4>\n<\/section>\n<\/div>\n<\/div>\n<p><!-- TOPICS --><\/p>\n","protected":false},"excerpt":{"rendered":"<p>Olivia Palermo es una de las mujeres m\u00e1s reconocidas por su estilo y buen gusto para combinar prendas. La empresaria, instagramer y modelo luce los looks m\u00e1s exclusivos y de lujo del momento, pero, como el resto de mortales, tambi\u00e9n acaba sucumbiendo a las prendas del low cost. En concreto, la de Zara. Este invierno [&hellip;]<\/p>\n","protected":false},"author":1,"featured_media":39865,"comment_status":"closed","ping_status":"closed","sticky":false,"template":"","format":"standard","meta":[],"categories":[1],"tags":[],"_links":{"self":[{"href":"http:\/\/hoycordobaweb.com\/index.php\/wp-json\/wp\/v2\/posts\/39864"}],"collection":[{"href":"http:\/\/hoycordobaweb.com\/index.php\/wp-json\/wp\/v2\/posts"}],"about":[{"href":"http:\/\/hoycordobaweb.com\/index.php\/wp-json\/wp\/v2\/types\/post"}],"author":[{"embeddable":true,"href":"http:\/\/hoycordobaweb.com\/index.php\/wp-json\/wp\/v2\/users\/1"}],"replies":[{"embeddable":true,"href":"http:\/\/hoycordobaweb.com\/index.php\/wp-json\/wp\/v2\/comments?post=39864"}],"version-history":[{"count":0,"href":"http:\/\/hoycordobaweb.com\/index.php\/wp-json\/wp\/v2\/posts\/39864\/revisions"}],"wp:featuredmedia":[{"embeddable":true,"href":"http:\/\/hoycordobaweb.com\/index.php\/wp-json\/wp\/v2\/media\/39865"}],"wp:attachment":[{"href":"http:\/\/hoycordobaweb.com\/index.php\/wp-json\/wp\/v2\/media?parent=39864"}],"wp:term":[{"taxonomy":"category","embeddable":true,"href":"http:\/\/hoycordobaweb.com\/index.php\/wp-json\/wp\/v2\/categories?post=39864"},{"taxonomy":"post_tag","embeddable":true,"href":"http:\/\/hoycordobaweb.com\/index.php\/wp-json\/wp\/v2\/tags?post=39864"}],"curies":[{"name":"wp","href":"https:\/\/api.w.org\/{rel}","templated":true}]}}