{"id":39858,"date":"2022-04-11T20:24:21","date_gmt":"2022-04-11T20:24:21","guid":{"rendered":"https:\/\/www.ole.com.ar\/futbol-internacional\/lucho-gonzalez-paranaense-dia_0_75AzjeqCKw.html"},"modified":"2022-04-11T20:24:21","modified_gmt":"2022-04-11T20:24:21","slug":"lucho-gonzalez-duro-menos-de-un-dia-como-dt-de-paranaense","status":"publish","type":"post","link":"http:\/\/hoycordobaweb.com\/index.php\/2022\/04\/11\/lucho-gonzalez-duro-menos-de-un-dia-como-dt-de-paranaense\/","title":{"rendered":"Lucho Gonz\u00e1lez dur\u00f3 menos de un d\u00eda como DT de Paranaense"},"content":{"rendered":"<p><img src=\"http:\/\/hoycordobaweb.com\/wp-content\/uploads\/2022\/04\/lucho-gonzalez-duro-menos-de-un-dia-como-dt-de-paranaense.jpg\"><\/p>\n<p>El domingo por la noche<a data-cke-saved-href=\"https:\/\/www.ole.com.ar\/futbol-internacional\/calleri-san-pablo-paranaense_0_oZ6KNrZ3yj.html\" target=\"_blank\" href=\"https:\/\/www.ole.com.ar\/futbol-internacional\/calleri-san-pablo-paranaense_0_oZ6KNrZ3yj.html\" rel=\"noopener noreferrer\">, luego de la derrota 4 a 0 ante San Pablo<\/a> en el Morumb\u00ed, se hab\u00eda producido la baja del t\u00e9cnico Alberto Valentim en<strong> Athletico Paranaense<\/strong>, y <a href=\"https:\/\/www.ole.com.ar\/futbol-internacional\/lucho-gonzalez-paranaense-brasil_0_JTONjoOMM4.html\" target=\"_blank\" rel=\"noopener noreferrer\">el club hab\u00eda anunciado a Lucho Gonz\u00e1lez<\/a>, que era parte del cuerpo t\u00e9cnico, en forma interina. Pero <strong>este lunes por la ma\u00f1ana el argentino decidi\u00f3 irse del club, del cual integraba el staff t\u00e9cnico permanente.<\/strong><\/p>\n<p><strong>\u200b<\/strong>\u00bfMotivos? Seg\u00fan la prensa local, al ex jugador de River y Hurac\u00e1n no le gust\u00f3 la forma en que se resolvi\u00f3 la baja de Valentim. Por lo tanto, el jueves pr\u00f3ximo ante The Strongest, por la <a alt=\"copa-libertadores\" class=\"slug\" href=\"https:\/\/www.ole.com.ar\/tema\/copa-libertadores.html\" target=\"_blank\" title=\"copa-libertadores\" rel=\"noopener noreferrer\">Copa Libertadores<\/a>, el t\u00e9cnico ser\u00e1 Maur\u00edcio Souza, que tambi\u00e9n formaba parte del equipo de trabajo de Valentim.<\/p>\n<div class=\"sp__Normal htmlLibre\">\n<div class=\"embed-responsive-c\" readability=\"6.9189189189189\">\n<blockquote class=\"twitter-tweet\" readability=\"7.7837837837838\">\n<p lang=\"pt\" dir=\"ltr\">O Athletico informa que, em fun\u00e7\u00e3o da sa\u00edda do t\u00e9cnico Alberto Valentim, o auxiliar t\u00e9cnico Lucho Gonz\u00e1lez solicitou seu desligamento do clube. A decis\u00e3o de Lucho foi comunicada na manh\u00e3 desta segunda-feira. <a href=\"https:\/\/t.co\/gsjJz4TEOS\">pic.twitter.com\/gsjJz4TEOS<\/a><\/p>\n<p>\u2014 Athletico Paranaense (@AthleticoPR) <a href=\"https:\/\/twitter.com\/AthleticoPR\/status\/1513566798163202053?ref_src=twsrc%5Etfw\">April 11, 2022<\/a><\/p><\/blockquote><\/div>\n<\/div>\n<p>El ex volante jug\u00f3 para el equipo de Curitiba hasta mediados de 2021. Tras retirarse del f\u00fatbol, se integr\u00f3 al cuerpo t\u00e9cnico del club. Ahora ya est\u00e1 desvinculado de la entidad, en la que fue futbolista desde 2016, tras dejar River. <\/p>\n<div class=\"sp__SM\">\n<div class=\"content-new \">\n<span class=\"tit-mobile\">Mir\u00e1 tambi\u00e9n<\/span><\/p>\n<div class=\"mg\">\n<div class=\"wrap-figure\">\n<picture>\n<a href=\"https:\/\/www.ole.com.ar\/futbol-internacional\/espana\/rodrigo-paul-entrenamiento-fisio_0_SGePK3xDtk.html\" target=\"_self\" rel=\"noopener noreferrer\"><br \/>\n<img class=\"img-responsive\" alt=\"De Paul est\u00e1 &quot;ready&quot; para la Champions\" src=\"http:\/\/hoycordobaweb.com\/wp-content\/uploads\/2022\/04\/lucho-gonzalez-duro-menos-de-un-dia-como-dt-de-paranaense-2.jpg\" loading=\"lazy\"><br \/>\n<\/a>\n<\/picture>\n<\/div>\n<\/div><\/div>\n<\/div>\n<div class=\"sp__Normal\">\n<div class=\"image-embeb image-trigger\" readability=\"6\">\n<picture><source media=\"(min-width: 720px)\" srcset=\"http:\/\/hoycordobaweb.com\/wp-content\/uploads\/2022\/04\/lucho-gonzalez-duro-menos-de-un-dia-como-dt-de-paranaense-3.jpg\"><img itemprop=\"image\" src=\"http:\/\/hoycordobaweb.com\/wp-content\/uploads\/2022\/04\/lucho-gonzalez-duro-menos-de-un-dia-como-dt-de-paranaense-3.jpg\" loading=\"lazy\" alt=\"Lucho Gonz\u00e1lez en Athletico Paranaense.\">\n<\/picture><figcaption readability=\"2\">\n<p>Lucho Gonz\u00e1lez en Athletico Paranaense.\n<\/p>\n<\/figcaption><\/div>\n<\/div>\n<p>El presidente del club, Mario Celso Petraglia, siempre fue un gran admirador de Lucho. Ahora el dirigente busca un nuevo entrenador y el apuntado es Sylvinho, ex Corinthians. Otra posibilidad es Diego Aguirre, ex Inter de Porto Alegre y San Lorenzo de Almagro.<\/p>\n<div class=\"sp__SM\">\n<div class=\"content-new \">\n<span class=\"tit-mobile\">Mir\u00e1 tambi\u00e9n<\/span><\/p>\n<div class=\"mg\">\n<div class=\"wrap-figure\">\n<picture>\n<a href=\"https:\/\/www.ole.com.ar\/futbol-internacional\/america\/quintero-colo-colovar-river-libertadores_0_gTK23pfjGi.html\" target=\"_self\" rel=\"noopener noreferrer\"><br \/>\n<img class=\"img-responsive\" alt=\"El DT rival de River en la Copa que apunt\u00f3 contra el VAR\" src=\"http:\/\/hoycordobaweb.com\/wp-content\/uploads\/2022\/04\/lucho-gonzalez-duro-menos-de-un-dia-como-dt-de-paranaense-4.jpg\" loading=\"lazy\"><br \/>\n<\/a>\n<\/picture>\n<\/div>\n<\/div><\/div>\n<\/div>\n<div class=\"entry-tags\">\n<h2>TEMAS QUE APARECEN EN ESTA NOTA<\/h2>\n<\/p><\/div>\n","protected":false},"excerpt":{"rendered":"<p>El domingo por la noche, luego de la derrota 4 a 0 ante San Pablo en el Morumb\u00ed, se hab\u00eda producido la baja del t\u00e9cnico Alberto Valentim en Athletico Paranaense, y el club hab\u00eda anunciado a Lucho Gonz\u00e1lez, que era parte del cuerpo t\u00e9cnico, en forma interina. Pero este lunes por la ma\u00f1ana el argentino [&hellip;]<\/p>\n","protected":false},"author":1,"featured_media":39859,"comment_status":"open","ping_status":"closed","sticky":false,"template":"","format":"standard","meta":[],"categories":[16],"tags":[],"_links":{"self":[{"href":"http:\/\/hoycordobaweb.com\/index.php\/wp-json\/wp\/v2\/posts\/39858"}],"collection":[{"href":"http:\/\/hoycordobaweb.com\/index.php\/wp-json\/wp\/v2\/posts"}],"about":[{"href":"http:\/\/hoycordobaweb.com\/index.php\/wp-json\/wp\/v2\/types\/post"}],"author":[{"embeddable":true,"href":"http:\/\/hoycordobaweb.com\/index.php\/wp-json\/wp\/v2\/users\/1"}],"replies":[{"embeddable":true,"href":"http:\/\/hoycordobaweb.com\/index.php\/wp-json\/wp\/v2\/comments?post=39858"}],"version-history":[{"count":0,"href":"http:\/\/hoycordobaweb.com\/index.php\/wp-json\/wp\/v2\/posts\/39858\/revisions"}],"wp:featuredmedia":[{"embeddable":true,"href":"http:\/\/hoycordobaweb.com\/index.php\/wp-json\/wp\/v2\/media\/39859"}],"wp:attachment":[{"href":"http:\/\/hoycordobaweb.com\/index.php\/wp-json\/wp\/v2\/media?parent=39858"}],"wp:term":[{"taxonomy":"category","embeddable":true,"href":"http:\/\/hoycordobaweb.com\/index.php\/wp-json\/wp\/v2\/categories?post=39858"},{"taxonomy":"post_tag","embeddable":true,"href":"http:\/\/hoycordobaweb.com\/index.php\/wp-json\/wp\/v2\/tags?post=39858"}],"curies":[{"name":"wp","href":"https:\/\/api.w.org\/{rel}","templated":true}]}}