{"id":3985,"date":"2020-10-25T22:10:00","date_gmt":"2020-10-25T22:10:00","guid":{"rendered":"https:\/\/fm-comunicar.com.ar\/contenido\/16364\/por-primera-vez-los-recuperados-de-la-region-superan-el-65-por-ciento"},"modified":"2020-10-25T22:10:00","modified_gmt":"2020-10-25T22:10:00","slug":"por-primera-vez-los-recuperados-de-la-region-superan-el-65-por-ciento","status":"publish","type":"post","link":"http:\/\/hoycordobaweb.com\/index.php\/2020\/10\/25\/por-primera-vez-los-recuperados-de-la-region-superan-el-65-por-ciento\/","title":{"rendered":"Por primera vez, los recuperados de la regi\u00f3n superan el 65 por ciento"},"content":{"rendered":"<p>De los casi 1200 contagios que hubo en nuestra zona y alrededores, 775 personas ya recibieron el alta m\u00e9dica. En los \u00faltimos siete d\u00edas, m\u00e1s de 250 infectados superaron la enfermedad.<img src=\"http:\/\/hoycordobaweb.com\/wp-content\/uploads\/2020\/10\/por-primera-vez-los-recuperados-de-la-region-superan-el-65-por-ciento.jpg\"><\/p>\n","protected":false},"excerpt":{"rendered":"<p>De los casi 1200 contagios que hubo en nuestra zona y alrededores, 775 personas ya recibieron el alta m\u00e9dica. En los \u00faltimos siete d\u00edas, m\u00e1s de 250 infectados superaron la enfermedad.<\/p>\n","protected":false},"author":1,"featured_media":3986,"comment_status":"closed","ping_status":"closed","sticky":false,"template":"","format":"standard","meta":[],"categories":[18],"tags":[],"_links":{"self":[{"href":"http:\/\/hoycordobaweb.com\/index.php\/wp-json\/wp\/v2\/posts\/3985"}],"collection":[{"href":"http:\/\/hoycordobaweb.com\/index.php\/wp-json\/wp\/v2\/posts"}],"about":[{"href":"http:\/\/hoycordobaweb.com\/index.php\/wp-json\/wp\/v2\/types\/post"}],"author":[{"embeddable":true,"href":"http:\/\/hoycordobaweb.com\/index.php\/wp-json\/wp\/v2\/users\/1"}],"replies":[{"embeddable":true,"href":"http:\/\/hoycordobaweb.com\/index.php\/wp-json\/wp\/v2\/comments?post=3985"}],"version-history":[{"count":0,"href":"http:\/\/hoycordobaweb.com\/index.php\/wp-json\/wp\/v2\/posts\/3985\/revisions"}],"wp:featuredmedia":[{"embeddable":true,"href":"http:\/\/hoycordobaweb.com\/index.php\/wp-json\/wp\/v2\/media\/3986"}],"wp:attachment":[{"href":"http:\/\/hoycordobaweb.com\/index.php\/wp-json\/wp\/v2\/media?parent=3985"}],"wp:term":[{"taxonomy":"category","embeddable":true,"href":"http:\/\/hoycordobaweb.com\/index.php\/wp-json\/wp\/v2\/categories?post=3985"},{"taxonomy":"post_tag","embeddable":true,"href":"http:\/\/hoycordobaweb.com\/index.php\/wp-json\/wp\/v2\/tags?post=3985"}],"curies":[{"name":"wp","href":"https:\/\/api.w.org\/{rel}","templated":true}]}}