{"id":39848,"date":"2022-04-12T02:05:57","date_gmt":"2022-04-12T02:05:57","guid":{"rendered":"https:\/\/www.ole.com.ar\/huracan\/kudelka-huracan-meticulosos_0_u4v51zIXIr.html"},"modified":"2022-04-12T02:05:57","modified_gmt":"2022-04-12T02:05:57","slug":"kudelka-que-sean-meticulosos-con-todos","status":"publish","type":"post","link":"http:\/\/hoycordobaweb.com\/index.php\/2022\/04\/12\/kudelka-que-sean-meticulosos-con-todos\/","title":{"rendered":"Kudelka: \u00abQue sean meticulosos con todos\u00bb"},"content":{"rendered":"<p><img src=\"http:\/\/hoycordobaweb.com\/wp-content\/uploads\/2022\/04\/kudelka-que-sean-meticulosos-con-todos.jpg\"><\/p>\n<p>La definici\u00f3n del <a href=\"https:\/\/www.ole.com.ar\/futbol-primera\/copa-liga-huracan-barracas-central_0_XSEkvRuF2w.html\" target=\"_blank\" rel=\"noopener noreferrer\">triunfo de Barracas Central sobre Hurac\u00e1n, 2 a 1 en el Duc\u00f3<\/a>, <a href=\"https:\/\/www.ole.com.ar\/futbol-primera\/huracan-barracas-gol-coccaro_0_cZ4JYFLfoq.html\" target=\"_blank\" rel=\"noopener noreferrer\">tuvo un final incre\u00edble<\/a>. El <a data-cke-saved-href=\"https:\/\/www.ole.com.ar\/huracan\/\" target=\"_blank\" href=\"https:\/\/www.ole.com.ar\/huracan\/\" rel=\"noopener noreferrer\">Globo <\/a>hab\u00eda marcado el 2 a 1 y desde el VAR le avisaron al refer\u00ed Dar\u00edo Herrera que el arquero local, Marcos D\u00edaz, hab\u00eda sacado la pelota con las manos desde afuera del \u00e1rea en el inicio de la jugada: gol anulado y tiro libre para el Guapo, que puso el 2 a 1 en ese remate.<strong> El t\u00e9cnico <a alt=\"frank-dario-kudelka\" class=\"slug\" href=\"https:\/\/www.ole.com.ar\/tema\/frank-dario-kudelka.html\" target=\"_blank\" title=\"frank-dario-kudelka\" rel=\"noopener noreferrer\">Frank Dar\u00edo Kudelka<\/a>, expulsado en esa acci\u00f3n, acept\u00f3 la situaci\u00f3n, aunque tambi\u00e9n se quej\u00f3.<\/strong><\/p>\n<p><strong>\u00abEspero que sean meticulosos as\u00ed con todos. Si est\u00e1 bien cobrado, es lo que corresponde. <\/strong>Pero repito: deseo ver que con todos los equipos sean iguales. Excelentes \u00e1rbitros, el que est\u00e1 en el VAR y acert\u00f3, perfecto. Pero con todos los equipos igual. As\u00ed, nada m\u00e1s que aplaudirlos. Porque ya hemos visto que no es as\u00ed\u00bb, dijo el DT.<\/p>\n<div class=\"sp__Normal\">\n<div class=\"image-embeb image-trigger\" readability=\"6.5\">\n<picture><source media=\"(min-width: 720px)\" srcset=\"http:\/\/hoycordobaweb.com\/wp-content\/uploads\/2022\/04\/kudelka-que-sean-meticulosos-con-todos-2.jpg\"><img itemprop=\"image\" src=\"http:\/\/hoycordobaweb.com\/wp-content\/uploads\/2022\/04\/kudelka-que-sean-meticulosos-con-todos-2.jpg\" loading=\"lazy\" alt=\"El festejo de todo Hurac\u00e1n con Cristaldo, autor del 1-0.\">\n<\/picture><figcaption readability=\"3\">\n<p>El festejo de todo Hurac\u00e1n con Cristaldo, autor del 1-0.\n<\/p>\n<\/figcaption><\/div>\n<\/div>\n<p>\u00abRevisamos la jugada y ojal\u00e1 sean as\u00ed de meticulosos en todos los partidos. Hubo una severidad muy grande para con nosotros. Entiendo que no son m\u00e1quinas los jueces del VAR\u00bb, afirm\u00f3 el DT.<\/p>\n<p>\u00abY tampoco me pareci\u00f3 justa la expulsi\u00f3n que sufr\u00ed. Porque por ejemplo el rival tuvo la p\u00e9rdida de tiempo como una t\u00e1ctica durante todo el partido y en eso no hubo rigurosidad por parte del \u00e1rbitro (Herrera)\u00bb, se quej\u00f3.<\/p>\n<p>\u00abEn el segundo gol (tiro libre de Iv\u00e1n Tapia) est\u00e1bamos shockeados. Despu\u00e9s de gritar el gol del triunfo de C\u00f3ccaro nos encontramos con un tiro libre casi penal en el borde de nuestra \u00e1rea\u00bb, argument\u00f3.<\/p>\n<p>Adem\u00e1s, el DT explic\u00f3 que C\u00f3ccaro no fue titular porque arrastraba un dolor de rodilla. Y coment\u00f3: \u00abHurac\u00e1n mereci\u00f3 ganar y termin\u00f3 perdiendo, no fue por culpa de los \u00e1rbitros. <strong>En ambos goles hubo errores nuestros y eso lo asumo\u00bb.<\/strong><\/p>\n<p>\u00abAhora se nos dificulta la clasificaci\u00f3n (Hurac\u00e1n est\u00e1 octavo en la Zona 2). Terminamos esta noche con las manos vac\u00edas pero todav\u00eda hay opciones, porque tenemos que jugar con los de arriba\u00bb, cerr\u00f3.<\/p>\n<h2><strong>El resumen del partido<\/strong><\/h2>\n<div class=\"sp__SM\">\n<div class=\"content-new \">\n<span class=\"tit-mobile\">Mir\u00e1 tambi\u00e9n<\/span><\/p>\n<div class=\"mg\">\n<div class=\"wrap-figure\">\n<picture>\n<a href=\"https:\/\/www.ole.com.ar\/futbol-primera\/huracan-barracas-gol-coccaro_0_cZ4JYFLfoq.html\" target=\"_self\" rel=\"noopener noreferrer\"><br \/>\n<img class=\"img-responsive\" alt=\"Incre\u00edble VAR: gol anulado a Hurac\u00e1n por mano del arquero y 2-1 de Barracas\" src=\"http:\/\/hoycordobaweb.com\/wp-content\/uploads\/2022\/04\/kudelka-que-sean-meticulosos-con-todos-3.jpg\" loading=\"lazy\"><br \/>\n<\/a>\n<\/picture>\n<\/div>\n<\/div><\/div>\n<\/div>\n<div class=\"sp__Normal\">\n<div class=\"image-embeb image-trigger\" readability=\"6\">\n<picture><source media=\"(min-width: 720px)\" srcset=\"http:\/\/hoycordobaweb.com\/wp-content\/uploads\/2022\/04\/kudelka-que-sean-meticulosos-con-todos-4.jpg\"><img itemprop=\"image\" src=\"http:\/\/hoycordobaweb.com\/wp-content\/uploads\/2022\/04\/kudelka-que-sean-meticulosos-con-todos-4.jpg\" loading=\"lazy\" alt=\"La luna sobre la cancha de Hurac\u00e1n (T\u00e9lam).\">\n<\/picture><figcaption readability=\"2\">\n<p>La luna sobre la cancha de Hurac\u00e1n (T\u00e9lam).\n<\/p>\n<\/figcaption><\/div>\n<\/div>\n<div class=\"sp__SM\">\n<div class=\"content-new \">\n<span class=\"tit-mobile\">Mir\u00e1 tambi\u00e9n<\/span><\/p>\n<div class=\"mg\">\n<div class=\"wrap-figure\">\n<picture>\n<a href=\"https:\/\/www.ole.com.ar\/futbol-primera\/ivan-tapia-gol-loco-var-chiqui-huracan_0_6EbTkmJS2I.html\" target=\"_self\" rel=\"noopener noreferrer\"><br \/>\n<img class=\"img-responsive\" alt=\"Iv\u00e1n Tapia: el &quot;loco&quot; 2-1 a Hurac\u00e1n y la dedicatoria a su pap\u00e1 Chiqui\" src=\"http:\/\/hoycordobaweb.com\/wp-content\/uploads\/2022\/04\/kudelka-que-sean-meticulosos-con-todos-5.jpg\" loading=\"lazy\"><br \/>\n<\/a>\n<\/picture>\n<\/div>\n<\/div><\/div>\n<\/div>\n<p><opta-widget sport=\"football\" widget=\"timeline\" competition=\"384\" season=\"2022\" match=\"2268414\" template=\"normal\" live=\"true\" orientation=\"horizontal\" vertical_timebar_height=\"260\" show_match_header=\"true\" show_score=\"true\" show_crests=\"true\" show_assists=\"all\" show_team_formation=\"true\" show_clock=\"true\" show_period_dividers=\"true\" show_halftime_score=\"false\" show_date=\"true\" date_format=\"dddd D MMMM YYYY\" show_attendance=\"true\" show_images=\"true\" show_referee=\"true\" show_venue=\"true\" show_cards=\"all\" show_goals=\"true\" show_penalties_missed=\"true\" show_subs=\"false\" show_goals_combined=\"false\" show_shootouts=\"false\" show_competition_name=\"true\" competition_naming=\"full\" team_naming=\"full\" player_naming=\"full\" show_live=\"true\" show_logo=\"false\" show_title=\"true\" breakpoints=\"400, 700\"><\/opta-widget><opta-widget sport=\"football\" widget=\"matchstats\" competition=\"384\" season=\"2022\" match=\"2268414\" template=\"lineups\" live=\"true\" side=\"both\" column_count=\"1\" side_by_side=\"true\" show_match_header=\"true\" show_score=\"true\" show_halftime_score=\"false\" show_crests=\"false\" show_team_formation=\"true\" show_competition_name=\"true\" show_date=\"false\" date_format=\"dddd D MMMM YYYY\" order_by=\"position\" group_by_position=\"false\" show_position=\"true\" show_images=\"false\" show_key=\"false\" show_starters=\"true\" show_goalkeepers=\"true\" show_defenders=\"true\" show_midfielders=\"true\" show_forwards=\"true\" show_subs=\"true\" show_unused_subs=\"false\" show_managers=\"true\" show_captain=\"false\" show_match_events=\"true\" competition_naming=\"full\" team_naming=\"full\" player_naming=\"full\" show_live=\"false\" show_logo=\"false\" show_title=\"true\" breakpoints=\"400, 700\"><\/opta-widget><opta-widget widget=\"commentary\" competition=\"384\" season=\"2022\" match=\"2268414\" template=\"normal\" live=\"true\" data_type=\"auto\" order_by=\"time_descending\" show_event_icons=\"true\" show_minor_events=\"true\" fixed_height_comments=\"300\" show_live=\"true\" show_logo=\"false\" show_title=\"true\" breakpoints=\"400\" sport=\"football\"><\/opta-widget><opta-widget sport=\"football\" widget=\"heatmap\" competition=\"384\" season=\"2022\" match=\"2268414\" preselected_player template=\"normal\" live=\"true\" show_maps=\"all\" orientation=\"horizontal\" side=\"both\" dimension=\"2D\" one_direction=\"false\" show_match_header=\"true\" show_score=\"true\" show_halftime_score=\"false\" show_crests=\"false\" show_team_formation=\"true\" show_competition_name=\"true\" show_date=\"true\" date_format=\"dddd D MMMM YYYY\" show_team_sheets=\"true\" show_subs=\"true\" show_position=\"true\" show_timecontrols=\"true\" show_timecontrols_buttons=\"true\" show_timecontrols_bar=\"true\" show_tooltips=\"false\" competition_naming=\"full\" team_naming=\"full\" player_naming=\"full\" show_logo=\"false\" show_title=\"true\" breakpoints=\"400, 700\"><\/opta-widget><opta-widget widget=\"standings\" competition=\"384\" season=\"2022\" template=\"normal\" live=\"true\" default_nav=\"1\" side=\"combined\" data_detail=\"default\" show_key=\"true\" show_crests=\"true\" points_in_first_column=\"true\" lose_before_draw=\"false\" competition_naming=\"full\" team_naming=\"full\" date_format=\"dddd D MMMM YYYY\" sorting=\"false\" show_live=\"false\" show_relegation_average=\"true\" show_logo=\"true\" show_title=\"true\" breakpoints=\"382\" sport=\"football\"><\/opta-widget> <\/p>\n<div class=\"entry-tags\">\n<h2>TEMAS QUE APARECEN EN ESTA NOTA<\/h2>\n<\/p><\/div>\n","protected":false},"excerpt":{"rendered":"<p>La definici\u00f3n del triunfo de Barracas Central sobre Hurac\u00e1n, 2 a 1 en el Duc\u00f3, tuvo un final incre\u00edble. El Globo hab\u00eda marcado el 2 a 1 y desde el VAR le avisaron al refer\u00ed Dar\u00edo Herrera que el arquero local, Marcos D\u00edaz, hab\u00eda sacado la pelota con las manos desde afuera del \u00e1rea en [&hellip;]<\/p>\n","protected":false},"author":1,"featured_media":39849,"comment_status":"open","ping_status":"closed","sticky":false,"template":"","format":"standard","meta":[],"categories":[16],"tags":[],"_links":{"self":[{"href":"http:\/\/hoycordobaweb.com\/index.php\/wp-json\/wp\/v2\/posts\/39848"}],"collection":[{"href":"http:\/\/hoycordobaweb.com\/index.php\/wp-json\/wp\/v2\/posts"}],"about":[{"href":"http:\/\/hoycordobaweb.com\/index.php\/wp-json\/wp\/v2\/types\/post"}],"author":[{"embeddable":true,"href":"http:\/\/hoycordobaweb.com\/index.php\/wp-json\/wp\/v2\/users\/1"}],"replies":[{"embeddable":true,"href":"http:\/\/hoycordobaweb.com\/index.php\/wp-json\/wp\/v2\/comments?post=39848"}],"version-history":[{"count":0,"href":"http:\/\/hoycordobaweb.com\/index.php\/wp-json\/wp\/v2\/posts\/39848\/revisions"}],"wp:featuredmedia":[{"embeddable":true,"href":"http:\/\/hoycordobaweb.com\/index.php\/wp-json\/wp\/v2\/media\/39849"}],"wp:attachment":[{"href":"http:\/\/hoycordobaweb.com\/index.php\/wp-json\/wp\/v2\/media?parent=39848"}],"wp:term":[{"taxonomy":"category","embeddable":true,"href":"http:\/\/hoycordobaweb.com\/index.php\/wp-json\/wp\/v2\/categories?post=39848"},{"taxonomy":"post_tag","embeddable":true,"href":"http:\/\/hoycordobaweb.com\/index.php\/wp-json\/wp\/v2\/tags?post=39848"}],"curies":[{"name":"wp","href":"https:\/\/api.w.org\/{rel}","templated":true}]}}