{"id":39839,"date":"2022-04-11T16:44:44","date_gmt":"2022-04-11T16:44:44","guid":{"rendered":"https:\/\/ladecimaweb.com\/?p=13178"},"modified":"2022-04-11T16:44:44","modified_gmt":"2022-04-11T16:44:44","slug":"fin-de-obra-en-la-zona-sur-san-pedro-nolasco-ya-es-un-barrio-con-asfalto","status":"publish","type":"post","link":"http:\/\/hoycordobaweb.com\/index.php\/2022\/04\/11\/fin-de-obra-en-la-zona-sur-san-pedro-nolasco-ya-es-un-barrio-con-asfalto\/","title":{"rendered":"Fin de obra en la zona sur: San Pedro Nolasco ya es un barrio con asfalto"},"content":{"rendered":"<div class=\"boldgrid-section\">\n<div class=\"container\">\n<div class=\"row\">\n<div class=\"col-md-12 col-xs-12 col-sm-12\">\n<p class=\"\"><em>(Prensa municipal)<\/em> El intendente Mart\u00edn Llaryora estuvo presente en la inauguraci\u00f3n de las <strong>18 nuevas cuadras asfaltadas en barrio San Pedro Nolasco.<\/strong><\/p>\n<p class=\"\">Se trata de <strong>una obra que beneficia a 790 vecinos de la zona,<\/strong> quienes ya disfrutan del pavimentaci\u00f3n frente a sus hogares, <strong>despu\u00e9s de 40 a\u00f1os de vivir con calles de tierra.<\/strong><\/p>\n<p class=\"\">\u201cEl Municipio debe llevar soluciones a los vecinos, escuchar sus reclamos y responder por ellos. En este sector, adem\u00e1s de la plaza que ya remodelamos, el pedido era por el pavimento. <strong>Nuestros compromisos se vuelven obras,\u201d asegur\u00f3 Llaryora,<\/strong> quien valor\u00f3 el trabajo que su gesti\u00f3n desarrolla junto a los Centros Vecinales\u201d.<\/p>\n<p class=\"\">\u201cEsta es la forma de sacar adelante el barrio, la \u00fanica soluci\u00f3n es cumplir. Hoy estamos inaugurando esta obra, as\u00ed que felicitaciones, porque esto es fruto de la militancia, el trabajo, el esfuerzo y la dedicaci\u00f3n\u201d, destac\u00f3 Juan Domingo Viola, secretario de Participaci\u00f3n Ciudadana.<\/p>\n<p class=\"\">Este barrio del sector suroeste de la ciudad est\u00e1 comprendido por las <strong>calles Posta del Cha\u00f1ar, Loncofre, Malarg\u00fce, Roversi, Loncopu\u00e9, Chavisacate, Tilquincho, Despe\u00f1aderos, Burruyaco, Pujato y Reducci\u00f3n<\/strong>, que luego de una inversi\u00f3n de $ 65 millones, ya presenta una mejora en su infraestructura.<\/p>\n<p class=\"\">Por su parte, Miguel Marsili, presidente del Centro Vecinal del barrio, asegur\u00f3: \u201cGracias al intendente y a todo su gran equipo hicimos realidad este sue\u00f1o por el que se viene luchando por tantos a\u00f1os. Hoy me toca dar la noticia en esta hermosa obra de que cambiamos la tierra por asfalto\u201d.<\/p>\n<p class=\"\"><img loading=\"lazy\" class=\"wp-image-13181 aligncenter\" src=\"http:\/\/hoycordobaweb.com\/wp-content\/uploads\/2022\/04\/fin-de-obra-en-la-zona-sur-san-pedro-nolasco-ya-es-un-barrio-con-asfalto.jpg\" alt=\"\" width=\"435\" height=\"290\" srcset=\"http:\/\/hoycordobaweb.com\/wp-content\/uploads\/2022\/04\/fin-de-obra-en-la-zona-sur-san-pedro-nolasco-ya-es-un-barrio-con-asfalto.jpg 1280w, http:\/\/hoycordobaweb.com\/wp-content\/uploads\/2022\/04\/fin-de-obra-en-la-zona-sur-san-pedro-nolasco-ya-es-un-barrio-con-asfalto-1.jpg 666w, http:\/\/hoycordobaweb.com\/wp-content\/uploads\/2022\/04\/fin-de-obra-en-la-zona-sur-san-pedro-nolasco-ya-es-un-barrio-con-asfalto-2.jpg 768w\" sizes=\"(max-width: 435px) 100vw, 435px\" \/><\/p>\n<p class=\"\">La obra permite una mejora en la circulaci\u00f3n de autom\u00f3viles, as\u00ed como tambi\u00e9n facilitar\u00e1 el drenaje de las aguas pluviales, para optimizar el tr\u00e1nsito peatonal y vehicular especialmente en d\u00edas de lluvia.&nbsp;<\/p>\n<p class=\"\">Esta obra requiri\u00f3, en un primer lugar, nivelar el terreno, para luego hacer efectivo un sistema constructivo mixto, con bocacalles de hormig\u00f3n, cordones cuneta y calles de concreto asf\u00e1ltico.<\/p>\n<p class=\"\">La acci\u00f3n se enmarca en el <strong>Plan Anual de Pavimentaci\u00f3n municipal,<\/strong> destinado a elevar el nivel de las calles de tierra con la colocaci\u00f3n de asfalto y la conformaci\u00f3n de cordones cuneta en barrios postergados de la ciudad.<\/p>\n<p class=\"\">El Plan contempla la <strong>ejecuci\u00f3n de 654 cuadras en 19 barrios capitalinos con una inversi\u00f3n de $1433 millones.&nbsp;<\/strong><\/p>\n<p class=\"\">Las intervenciones permiten completar el asfalto de barrios parcialmente pavimentados y el asfaltado total de barrios con calles de tierra.<\/p>\n<p class=\"\">En la primera tipolog\u00eda se encuentra barrio Ampliaci\u00f3n 1\u00b0 de Mayo, Don Bosco, Arg\u00fcello Norte, Gui\u00f1az\u00fa Sur, Floresta Norte, General Arenales, Nicol\u00e1s Avellaneda, Cabildo, Villa El Libertador, Los Olmos, Posta de Vargas, Mirizzi y San Javier; mientras que la segunda clasificaci\u00f3n alcanza a Coronel Olmedo, Los Sauces, Parque Rep\u00fablica, San Pedro Nolasco, San Felipe y San Roque Anexo.<\/p>\n<p class=\"\">Con esta iniciativa, casi 100.000 frentistas ver\u00e1n mejorada la calidad de vida bajo el Plan Anual de Pavimentaci\u00f3n.<\/p>\n<p class=\"\">\n<div class=\"ubm_banner\"><a href=\"https:\/\/www.cba.gov.ar\/10-https:\/\/www.cba.gov.ar\/10-mil-viviendas\/?csrt=8333084810548506306\" target=\"_blank\" rel=\"dofollow noopener noreferrer\"><img src=\"http:\/\/hoycordobaweb.com\/wp-content\/uploads\/2022\/04\/fin-de-obra-en-la-zona-sur-san-pedro-nolasco-ya-es-un-barrio-con-asfalto.gif\" alt=\"\"><\/a><\/div>\n<\/div>\n<\/div>\n<\/div>\n<\/div>\n<p>La entrada <a rel=\"nofollow\" href=\"https:\/\/ladecimaweb.com\/fin-de-obra-en-la-zona-sur-san-pedro-nolasco-ya-es-un-barrio-con-asfalto\/\">Fin de obra en la zona sur: San Pedro Nolasco ya es un barrio con asfalto<\/a> se public\u00f3 primero en <a rel=\"nofollow\" href=\"https:\/\/ladecimaweb.com\">LaDecima<\/a>.<\/p>\n","protected":false},"excerpt":{"rendered":"<p>(Prensa municipal) El intendente Mart\u00edn Llaryora estuvo presente en la inauguraci\u00f3n de las 18 nuevas cuadras asfaltadas en barrio San Pedro Nolasco. Se trata de una obra que beneficia a 790 vecinos de la zona, quienes ya disfrutan del pavimentaci\u00f3n frente a sus hogares, despu\u00e9s de 40 a\u00f1os de vivir con calles de tierra. \u201cEl [&hellip;]<\/p>\n","protected":false},"author":1,"featured_media":39840,"comment_status":"closed","ping_status":"closed","sticky":false,"template":"","format":"standard","meta":[],"categories":[19],"tags":[],"_links":{"self":[{"href":"http:\/\/hoycordobaweb.com\/index.php\/wp-json\/wp\/v2\/posts\/39839"}],"collection":[{"href":"http:\/\/hoycordobaweb.com\/index.php\/wp-json\/wp\/v2\/posts"}],"about":[{"href":"http:\/\/hoycordobaweb.com\/index.php\/wp-json\/wp\/v2\/types\/post"}],"author":[{"embeddable":true,"href":"http:\/\/hoycordobaweb.com\/index.php\/wp-json\/wp\/v2\/users\/1"}],"replies":[{"embeddable":true,"href":"http:\/\/hoycordobaweb.com\/index.php\/wp-json\/wp\/v2\/comments?post=39839"}],"version-history":[{"count":0,"href":"http:\/\/hoycordobaweb.com\/index.php\/wp-json\/wp\/v2\/posts\/39839\/revisions"}],"wp:featuredmedia":[{"embeddable":true,"href":"http:\/\/hoycordobaweb.com\/index.php\/wp-json\/wp\/v2\/media\/39840"}],"wp:attachment":[{"href":"http:\/\/hoycordobaweb.com\/index.php\/wp-json\/wp\/v2\/media?parent=39839"}],"wp:term":[{"taxonomy":"category","embeddable":true,"href":"http:\/\/hoycordobaweb.com\/index.php\/wp-json\/wp\/v2\/categories?post=39839"},{"taxonomy":"post_tag","embeddable":true,"href":"http:\/\/hoycordobaweb.com\/index.php\/wp-json\/wp\/v2\/tags?post=39839"}],"curies":[{"name":"wp","href":"https:\/\/api.w.org\/{rel}","templated":true}]}}