{"id":39798,"date":"2022-04-11T02:06:07","date_gmt":"2022-04-11T02:06:07","guid":{"rendered":"https:\/\/www.ole.com.ar\/godoy-cruz\/godoy-cruz-nuevo-dt-dupla-orsi-gomez_0_ekDQOoFOiy.html"},"modified":"2022-04-11T02:06:07","modified_gmt":"2022-04-11T02:06:07","slug":"godoy-cruz-una-dupla-para-reemplazar-el-traductor","status":"publish","type":"post","link":"http:\/\/hoycordobaweb.com\/index.php\/2022\/04\/11\/godoy-cruz-una-dupla-para-reemplazar-el-traductor\/","title":{"rendered":"Godoy Cruz: una dupla para reemplazar el traductor"},"content":{"rendered":"<p><img src=\"http:\/\/hoycordobaweb.com\/wp-content\/uploads\/2022\/04\/godoy-cruz-una-dupla-para-reemplazar-el-traductor.jpg\"><\/p>\n<p>Los resultados irregulares de <a alt=\"godoy-cruz\" class=\"slug\" href=\"https:\/\/www.ole.com.ar\/tema\/godoy-cruz.html\" target=\"_blank\" title=\"godoy-cruz\" rel=\"noopener noreferrer\">Godoy Cruz<\/a> en la <a alt=\"copa-de-la-liga-profesional-de-futbol\" class=\"slug\" href=\"https:\/\/www.ole.com.ar\/tema\/copa-de-la-liga-profesional-de-futbol.html\" target=\"_blank\" title=\"copa-de-la-liga-profesional-de-futbol\" rel=\"noopener noreferrer\">Copa de la Liga<\/a>, s<a href=\"https:\/\/www.ole.com.ar\/futbol-primera\/arsenal-godoy-cruz-copa-liga_0_PgQfttUknA.html\" target=\"_blank\" rel=\"noopener noreferrer\"><strong>umado al empate 3-3 frente a Arsenal <\/strong><\/a>del \u00faltimo viernes, luego de ir goleando 3-0, pusieron punto final al ciclo de <a alt=\"diego-flores\" class=\"slug\" href=\"https:\/\/www.ole.com.ar\/tema\/diego-flores.html\" target=\"_blank\" title=\"diego-flores\" rel=\"noopener noreferrer\">Diego Flores<\/a> al frente del conjunto mendocino. Pese a que el entrenador hab\u00eda asegurado que quer\u00eda continuar en su cargo para intentar revertir la situaci\u00f3n, la CD finalmente acord\u00f3 su salida. Y el traductor ya tiene reemplazante: es <strong>la dupla&nbsp;Favio Orsi-Sergio G\u00f3mez<\/strong>.<\/p>\n<div class=\"sp__SM\">\n<div class=\"content-new \">\n<span class=\"tit-mobile\">Mir\u00e1 tambi\u00e9n<\/span><\/p>\n<div class=\"mg\">\n<div class=\"wrap-figure\">\n<picture>\n<a href=\"https:\/\/www.ole.com.ar\/godoy-cruz\/diego-flores-godoy-cruz-desvinculacion_0_fOCV8d7KH4.html\" target=\"_self\" rel=\"noopener noreferrer\"><br \/>\n<img class=\"img-responsive\" alt=\"Diego Flores dej\u00f3 de ser el t\u00e9cnico de Godoy Cruz\" src=\"http:\/\/hoycordobaweb.com\/wp-content\/uploads\/2022\/04\/godoy-cruz-una-dupla-para-reemplazar-el-traductor-2.jpg\" loading=\"lazy\"><br \/>\n<\/a>\n<\/picture>\n<\/div>\n<\/div><\/div>\n<\/div>\n<div class=\"sp__Normal\">\n<div class=\"image-embeb image-trigger\">\n<picture><source media=\"(min-width: 720px)\" srcset=\"http:\/\/hoycordobaweb.com\/wp-content\/uploads\/2022\/04\/godoy-cruz-una-dupla-para-reemplazar-el-traductor-3.jpg\"><img itemprop=\"image\" src=\"http:\/\/hoycordobaweb.com\/wp-content\/uploads\/2022\/04\/godoy-cruz-una-dupla-para-reemplazar-el-traductor-3.jpg\" loading=\"lazy\" alt=\"Orsi y G\u00f3mez.\">\n<\/picture><figcaption>\n<p>Orsi y G\u00f3mez.\n<\/p>\n<\/figcaption><\/div>\n<\/div>\n<div class=\"sp__SM\">\n<div class=\"content-new \">\n<span class=\"tit-mobile\">Mir\u00e1 tambi\u00e9n<\/span><\/p>\n<div class=\"mg\">\n<div class=\"wrap-figure\"> <picture>\n<a href=\"https:\/\/www.ole.com.ar\/futbol-primera\/dt-azconzabal-renuncia-atletico-tucuman_0_jFk18sQxWA.html\" target=\"_self\" rel=\"noopener noreferrer\"><br \/>\n<img class=\"img-responsive\" alt=\"Ya son ocho: la Copa de la Liga sum\u00f3 otros dos nombres a la lista de t\u00e9cnicos que se quedaron sin equipo\" src=\"http:\/\/hoycordobaweb.com\/wp-content\/uploads\/2022\/04\/godoy-cruz-una-dupla-para-reemplazar-el-traductor-4.jpg\" loading=\"lazy\"><br \/>\n<\/a>\n<\/picture>\n<\/div>\n<\/div><\/div>\n<\/div>\n<p> \u201cInformamos que, tras conversaciones en los mejores t\u00e9rminos, s<a data-cke-saved-href=\"https:\/\/www.ole.com.ar\/godoy-cruz\/diego-flores-godoy-cruz-desvinculacion_0_fOCV8d7KH4.html\" target=\"_blank\" href=\"https:\/\/www.ole.com.ar\/godoy-cruz\/diego-flores-godoy-cruz-desvinculacion_0_fOCV8d7KH4.html\" rel=\"noopener noreferrer\"><strong>e decidi\u00f3 de com\u00fan acuerdo que Diego Flores <\/strong><\/a>y su cuerpo t\u00e9cnico no contin\u00faen al frente del primer equipo. \u00a1Agradecemos el trabajo y el profesionalismo y le deseamos a Diego lo mejor para su futuro!\u201d, informaron desde el club, el s\u00e1bado a \u00faltima hora, en una publicaci\u00f3n en sus redes sociales.<\/p>\n<div class=\"sp__SM\">\n<div class=\"content-new \">\n<span class=\"tit-mobile\">Mir\u00e1 tambi\u00e9n<\/span><\/p>\n<div class=\"mg\">\n<div class=\"wrap-figure\">\n<picture>\n<a href=\"https:\/\/www.ole.com.ar\/atletico-tucuman\/juan-manuel-azconzabal-atletico-tucuman_0_PkHaz5LeiK.html\" target=\"_self\" rel=\"noopener noreferrer\"><br \/>\n<img class=\"img-responsive\" alt=\"Azconz\u00e1bal, otro DT que dej\u00f3 su cargo esta fecha\" src=\"http:\/\/hoycordobaweb.com\/wp-content\/uploads\/2022\/04\/godoy-cruz-una-dupla-para-reemplazar-el-traductor-5.jpg\" loading=\"lazy\"><br \/>\n<\/a>\n<\/picture>\n<\/div>\n<\/div><\/div>\n<\/div>\n<p>M\u00e1s all\u00e1 del empate, que tuvo sabor a derrota para el Tomba por c\u00f3mo se dio el tr\u00e1mite del partido, la victoria de Sarmiento frente a San Lorenzo tambi\u00e9n aceler\u00f3 la salida del entrenador. Es que <strong>el triunfo del equipo de Jun\u00edn dej\u00f3 a Godoy Cruz en zona de descenso<\/strong> directo.<\/p>\n<h2>Una nueva era<\/h2>\n<p>Ahora, es el turno de Orsi y G\u00f3mez, los t\u00e9cnicos que dejaron Ferro a fin de a\u00f1o, luego de una excelente campa\u00f1a, que termin\u00f3 con la ca\u00edda frente a Quilmes en el Reducido, con un pol\u00e9mico penal cobrado por Nicol\u00e1s Lamolina. En su paso por Godoy Cruz, Flores, el ex traductor de Marcelo Bielsa, cosech\u00f3 nueve triunfos, misma cantidad de empates y diez derrotas.<\/p>\n<div class=\"sp__Normal\">\n<div class=\"image-embeb image-trigger\" readability=\"6\">\n<picture><source media=\"(min-width: 720px)\" srcset=\"http:\/\/hoycordobaweb.com\/wp-content\/uploads\/2022\/04\/godoy-cruz-una-dupla-para-reemplazar-el-traductor-6.jpg\"><img itemprop=\"image\" src=\"http:\/\/hoycordobaweb.com\/wp-content\/uploads\/2022\/04\/godoy-cruz-una-dupla-para-reemplazar-el-traductor-6.jpg\" loading=\"lazy\" alt=\"Diego Flores se fue de Godoy Cruz.\">\n<\/picture><figcaption readability=\"2\">\n<p>Diego Flores se fue de Godoy Cruz.\n<\/p>\n<\/figcaption><\/div>\n<\/div>\n<p> Walter Zunino como ayudante de campo, Ricardo Somma como preparador f\u00edsico, Osvaldo Peranzoni como entrenador de arqueros y Pablo Orsi como analista de videos.<\/p>\n<p>El debut del Tomba de Orsi y G\u00f3mez ser\u00e1 el domingo 17, desde las dos de la tarde, frente a V\u00e9lez en Mendoza.<\/p>\n<h2>EL \u00daLTIMO PARTIDO DE FLORES EN GODOY CRUZ<\/h2>\n<div class=\"entry-tags\">\n<h2>TEMAS QUE APARECEN EN ESTA NOTA<\/h2>\n<\/p><\/div>\n","protected":false},"excerpt":{"rendered":"<p>Los resultados irregulares de Godoy Cruz en la Copa de la Liga, sumado al empate 3-3 frente a Arsenal del \u00faltimo viernes, luego de ir goleando 3-0, pusieron punto final al ciclo de Diego Flores al frente del conjunto mendocino. Pese a que el entrenador hab\u00eda asegurado que quer\u00eda continuar en su cargo para intentar [&hellip;]<\/p>\n","protected":false},"author":1,"featured_media":39799,"comment_status":"open","ping_status":"closed","sticky":false,"template":"","format":"standard","meta":[],"categories":[16],"tags":[],"_links":{"self":[{"href":"http:\/\/hoycordobaweb.com\/index.php\/wp-json\/wp\/v2\/posts\/39798"}],"collection":[{"href":"http:\/\/hoycordobaweb.com\/index.php\/wp-json\/wp\/v2\/posts"}],"about":[{"href":"http:\/\/hoycordobaweb.com\/index.php\/wp-json\/wp\/v2\/types\/post"}],"author":[{"embeddable":true,"href":"http:\/\/hoycordobaweb.com\/index.php\/wp-json\/wp\/v2\/users\/1"}],"replies":[{"embeddable":true,"href":"http:\/\/hoycordobaweb.com\/index.php\/wp-json\/wp\/v2\/comments?post=39798"}],"version-history":[{"count":0,"href":"http:\/\/hoycordobaweb.com\/index.php\/wp-json\/wp\/v2\/posts\/39798\/revisions"}],"wp:featuredmedia":[{"embeddable":true,"href":"http:\/\/hoycordobaweb.com\/index.php\/wp-json\/wp\/v2\/media\/39799"}],"wp:attachment":[{"href":"http:\/\/hoycordobaweb.com\/index.php\/wp-json\/wp\/v2\/media?parent=39798"}],"wp:term":[{"taxonomy":"category","embeddable":true,"href":"http:\/\/hoycordobaweb.com\/index.php\/wp-json\/wp\/v2\/categories?post=39798"},{"taxonomy":"post_tag","embeddable":true,"href":"http:\/\/hoycordobaweb.com\/index.php\/wp-json\/wp\/v2\/tags?post=39798"}],"curies":[{"name":"wp","href":"https:\/\/api.w.org\/{rel}","templated":true}]}}