{"id":39748,"date":"2022-04-10T03:22:49","date_gmt":"2022-04-10T03:22:49","guid":{"rendered":"https:\/\/www.ole.com.ar\/boca-juniors\/sebastian-battaglia-boca-almendra_0_NzXHs1FCGl.html"},"modified":"2022-04-10T03:22:49","modified_gmt":"2022-04-10T03:22:49","slug":"video-que-dijo-battaglia-del-regreso-de-almendra","status":"publish","type":"post","link":"http:\/\/hoycordobaweb.com\/index.php\/2022\/04\/10\/video-que-dijo-battaglia-del-regreso-de-almendra\/","title":{"rendered":"Video: qu\u00e9 dijo Battaglia del regreso de Almendra"},"content":{"rendered":"<p><img src=\"http:\/\/hoycordobaweb.com\/wp-content\/uploads\/2022\/04\/video-que-dijo-battaglia-del-regreso-de-almendra.jpg\"><\/p>\n<p>Era la pregunta que se impon\u00eda en la conferencia tras el partido con V\u00e9lez. No fue de las primeras consultas al t\u00e9cnico de <strong><a alt=\"boca-juniors\" class=\"slug\" href=\"https:\/\/www.ole.com.ar\/tema\/boca-juniors.html\" target=\"_blank\" title=\"boca-juniors\" rel=\"noopener noreferrer\">Boca<\/a><\/strong>, pero s\u00ed apareci\u00f3 y volvi\u00f3 a generar ruido: a<strong> <a alt=\"sebastian-battaglia\" class=\"slug\" href=\"https:\/\/www.ole.com.ar\/tema\/sebastian-battaglia.html\" target=\"_blank\" title=\"sebastian-battaglia\" rel=\"noopener noreferrer\">Sebasti\u00e1n Battaglia <\/a>le preguntaron otra vez por Agust\u00edn Almendra, quien este viernes reapareci\u00f3 en Reserva, convirti\u00f3 un golazo y luego pidi\u00f3 tener una charla con el DT para ofrecerle disculpas.<\/strong> Peeeero&#8230;<\/p>\n<div class=\"sp__SM\">\n<div class=\"content-new \">\n<span class=\"tit-mobile\">Mir\u00e1 tambi\u00e9n<\/span><\/p>\n<div class=\"mg\">\n<div class=\"wrap-figure\">\n<picture>\n<a href=\"https:\/\/www.ole.com.ar\/boca-juniors\/sebastian-villa-boca-penal-var_0_osKC7Z84ip.html\" target=\"_self\" rel=\"noopener noreferrer\"><br \/>\n<img class=\"img-responsive\" alt=\"Videos: el penal que reclam\u00f3 Boca y la incre\u00edble mano de Varela que no vio el VAR\" src=\"http:\/\/hoycordobaweb.com\/wp-content\/uploads\/2022\/04\/video-que-dijo-battaglia-del-regreso-de-almendra-2.jpg\" loading=\"lazy\"><br \/>\n<\/a>\n<\/picture>\n<\/div>\n<\/div><\/div>\n<\/div>\n<p><strong>\u201cYo ya fui muy claro, muchachos: no quiero redundar en un tema que ya se hace denso, sinceramente no quiero&#8230;<\/strong> Fui claro en mis declaraciones, y lo vuelvo a repetir, yo fui claro en mis declaraciones cuando habl\u00e9 en su momento, no creo que tenga que volver a decir nada\u201d, insisti\u00f3 el Le\u00f3n.<\/p>\n<div class=\"sp__SM\">\n<div class=\"content-new \">\n<span class=\"tit-mobile\">Mir\u00e1 tambi\u00e9n<\/span><\/p>\n<div class=\"mg\">\n<div class=\"wrap-figure\">\n<picture>\n<a href=\"https:\/\/www.ole.com.ar\/boca-juniors\/boca-juega-cuartos-liga_0_IrzjDxxkHR.html\" target=\"_self\" rel=\"noopener noreferrer\"><br \/>\n<img class=\"img-responsive\" alt=\"Cu\u00e1ndo vuelve a jugar Boca y contra qui\u00e9n se estar\u00eda cruzando en cuartos de la Copa de la Liga\" src=\"http:\/\/hoycordobaweb.com\/wp-content\/uploads\/2022\/04\/video-que-dijo-battaglia-del-regreso-de-almendra-3.jpg\" loading=\"lazy\"><br \/>\n<\/a>\n<\/picture>\n<\/div>\n<\/div><\/div>\n<\/div>\n<p>Ahora bien, \u00bfcu\u00e1les son las lecturas de estos nuevos dichos que no son nuevos? Primero que <strong>Battaglia, y seg\u00fan sus palabras, sigue firme en su postura. <\/strong>\u00bfCu\u00e1l? En que A<strong>lmendra no va a entrenar ni jugar en Primera mientras \u00e9l sea el t\u00e9cnico, caso contrario, ya le avis\u00f3 al Consejo que se ir\u00e1. <\/strong>Y en segundo lugar, con el tono de su declaraci\u00f3n pareciera haber mandado un mensaje no s\u00f3lo para el volante, sino tambi\u00e9n para otro sector&#8230;<\/p>\n<div class=\"sp__SM\">\n<div class=\"content-new \">\n<span class=\"tit-mobile\">Mir\u00e1 tambi\u00e9n<\/span><\/p>\n<div class=\"mg\">\n<div class=\"wrap-figure\">\n<picture>\n<a href=\"https:\/\/www.ole.com.ar\/boca-juniors\/bermudez-apoyo-almendra-battaglia_0_SAugvloR0b.html\" target=\"_self\" rel=\"noopener noreferrer\"><br \/>\n<img class=\"img-responsive\" alt=\"Qu\u00e9 dijo Berm\u00fadez del conflicto Battaglia-Almendra\" src=\"http:\/\/hoycordobaweb.com\/wp-content\/uploads\/2022\/04\/video-que-dijo-battaglia-del-regreso-de-almendra-4.jpg\" loading=\"lazy\"><br \/>\n<\/a>\n<\/picture>\n<\/div>\n<\/div><\/div>\n<\/div>\n<p>Sucede que <strong>la banca fuerte que tiene Almendra en Boca viene del lado del Consejo de <a alt=\"juan-roman-riquelme\" class=\"slug\" href=\"https:\/\/www.ole.com.ar\/tema\/juan-roman-riquelme.html\" target=\"_blank\" title=\"juan-roman-riquelme\" rel=\"noopener noreferrer\">Juan Rom\u00e1n Riquelme<\/a>, <\/strong>que primero acept\u00f3 las disculpas del chico, que luego autoriz\u00f3 a Hugo Ibarra para que pueda trabajar con la Reserva y que finalmente se manifest\u00f3 a trav\u00e9s de Jorge Berm\u00fadez&#8230;<\/p>\n<div class=\"sp__SM\">\n<div class=\"content-new \">\n<span class=\"tit-mobile\">Mir\u00e1 tambi\u00e9n<\/span><\/p>\n<div class=\"mg\">\n<div class=\"wrap-figure\">\n<picture>\n<a href=\"https:\/\/www.ole.com.ar\/boca-juniors\/boca-velez_0_3fVb6PrYIe.html\" target=\"_self\" rel=\"noopener noreferrer\"><br \/>\n<img class=\"img-responsive\" alt=\"El uno por uno de Boca ante V\u00e9lez\" src=\"http:\/\/hoycordobaweb.com\/wp-content\/uploads\/2022\/04\/video-que-dijo-battaglia-del-regreso-de-almendra-5.jpg\" loading=\"lazy\"><br \/>\n<\/a>\n<\/picture>\n<\/div>\n<\/div><\/div>\n<\/div>\n<p>\u201cEl t\u00e9cnico tiene una manera de actuar y ha asumido una situaci\u00f3n en torneo a Agust\u00edn. Como Consejo vamos a asumir la que siempre nos caracteriza, que es institucional, de proteger, de fortalecer, de recuperar y de <a data-cke-saved-href=\"https:\/\/www.ole.com.ar\/boca-juniors\/bermudez-apoyo-almendra-battaglia_0_SAugvloR0b.html\" target=\"_blank\" href=\"https:\/\/www.ole.com.ar\/boca-juniors\/bermudez-apoyo-almendra-battaglia_0_SAugvloR0b.html\" rel=\"noopener noreferrer\"><strong>ayudar a este muchacho para que salga adelante, para que sea feliz jugando al f\u00fatbol y para que su nena lo vea brillando en la cancha y para que realmente el mundo Boca lo pueda aprovechar\u201d,<\/strong><\/a> dijo antes del partido con V\u00e9lez el Patr\u00f3n, que junto a Cascini y Delgado<a data-cke-saved-href=\"https:\/\/www.ole.com.ar\/boca-juniors\/reunion-battaglia-consejo_0_rorbDw3mSQ.html\" target=\"_blank\" href=\"https:\/\/www.ole.com.ar\/boca-juniors\/reunion-battaglia-consejo_0_rorbDw3mSQ.html\" rel=\"noopener noreferrer\"><strong> se reunieron con el DT por este tema y por el presente del equipo.<\/strong><\/a><\/p>\n<div class=\"sp__SM\">\n<div class=\"content-new \">\n<span class=\"tit-mobile\">Mir\u00e1 tambi\u00e9n<\/span><\/p>\n<div class=\"mg\">\n<div class=\"wrap-figure\">\n<picture>\n<a href=\"https:\/\/www.ole.com.ar\/boca-juniors\/boca-velez-equipo-confirmado-torneo_0_po5xHV7fz8.html\" target=\"_self\" rel=\"noopener noreferrer\"><br \/>\n<img class=\"img-responsive\" alt=\"Empate a pura pol\u00e9mica\" src=\"http:\/\/hoycordobaweb.com\/wp-content\/uploads\/2022\/04\/video-que-dijo-battaglia-del-regreso-de-almendra-6.jpg\" loading=\"lazy\"><br \/>\n<\/a>\n<\/picture>\n<\/div>\n<\/div><\/div>\n<\/div>\n<p>A la vista, sin dudas, se plantea una contradicci\u00f3n entre el deseo del Consejo y <strong>la postura de Battaglia, que por lo visto sigue con el pulgar abajo si se trata de Almendra. <\/strong>Continuar\u00e1&#8230;<\/p>\n<h2><strong>La banca de Berm\u00fadez y el Consejo de Rom\u00e1n a Almendra<\/strong><\/h2>\n<div class=\"entry-tags\">\n<h2>TEMAS QUE APARECEN EN ESTA NOTA<\/h2>\n<\/p><\/div>\n","protected":false},"excerpt":{"rendered":"<p>Era la pregunta que se impon\u00eda en la conferencia tras el partido con V\u00e9lez. No fue de las primeras consultas al t\u00e9cnico de Boca, pero s\u00ed apareci\u00f3 y volvi\u00f3 a generar ruido: a Sebasti\u00e1n Battaglia le preguntaron otra vez por Agust\u00edn Almendra, quien este viernes reapareci\u00f3 en Reserva, convirti\u00f3 un golazo y luego pidi\u00f3 tener [&hellip;]<\/p>\n","protected":false},"author":1,"featured_media":39749,"comment_status":"open","ping_status":"closed","sticky":false,"template":"","format":"standard","meta":[],"categories":[16],"tags":[],"_links":{"self":[{"href":"http:\/\/hoycordobaweb.com\/index.php\/wp-json\/wp\/v2\/posts\/39748"}],"collection":[{"href":"http:\/\/hoycordobaweb.com\/index.php\/wp-json\/wp\/v2\/posts"}],"about":[{"href":"http:\/\/hoycordobaweb.com\/index.php\/wp-json\/wp\/v2\/types\/post"}],"author":[{"embeddable":true,"href":"http:\/\/hoycordobaweb.com\/index.php\/wp-json\/wp\/v2\/users\/1"}],"replies":[{"embeddable":true,"href":"http:\/\/hoycordobaweb.com\/index.php\/wp-json\/wp\/v2\/comments?post=39748"}],"version-history":[{"count":0,"href":"http:\/\/hoycordobaweb.com\/index.php\/wp-json\/wp\/v2\/posts\/39748\/revisions"}],"wp:featuredmedia":[{"embeddable":true,"href":"http:\/\/hoycordobaweb.com\/index.php\/wp-json\/wp\/v2\/media\/39749"}],"wp:attachment":[{"href":"http:\/\/hoycordobaweb.com\/index.php\/wp-json\/wp\/v2\/media?parent=39748"}],"wp:term":[{"taxonomy":"category","embeddable":true,"href":"http:\/\/hoycordobaweb.com\/index.php\/wp-json\/wp\/v2\/categories?post=39748"},{"taxonomy":"post_tag","embeddable":true,"href":"http:\/\/hoycordobaweb.com\/index.php\/wp-json\/wp\/v2\/tags?post=39748"}],"curies":[{"name":"wp","href":"https:\/\/api.w.org\/{rel}","templated":true}]}}