{"id":39666,"date":"2022-04-08T20:21:41","date_gmt":"2022-04-08T20:21:41","guid":{"rendered":"https:\/\/www.espinof.com\/premios-oscar\/will-smith-vetado-oscar-durante-10-anos-academia-hollywood-dicta-su-castigo-agresion-a-chris-rock-actor-se-pronuncia"},"modified":"2022-04-08T20:21:41","modified_gmt":"2022-04-08T20:21:41","slug":"will-smith-vetado-de-los-oscar-durante-10-anos-la-academia-de-hollywood-dicta-su-castigo-por-la-agresion-a-chris-rock-y-el-actor-se-pronuncia","status":"publish","type":"post","link":"http:\/\/hoycordobaweb.com\/index.php\/2022\/04\/08\/will-smith-vetado-de-los-oscar-durante-10-anos-la-academia-de-hollywood-dicta-su-castigo-por-la-agresion-a-chris-rock-y-el-actor-se-pronuncia\/","title":{"rendered":"Will Smith vetado de los \u00d3scar durante 10 a\u00f1os: la Academia de Hollywood dicta su castigo por la agresi\u00f3n a Chris Rock y el actor se pronuncia"},"content":{"rendered":"<p>La Academia de Hollywood al fin ha dictado su castigo contra <strong>Will Smith<\/strong> por <a href=\"https:\/\/www.espinof.com\/premios-oscar\/momento-desagradable-historia-oscar-will-smith-agrede-a-chris-rock-escenario-broma-su-mujer\">su pol\u00e9mico bofet\u00f3n a Chris Rock<\/a> durante la \u00faltima gala de los \u00d3scar: el actor tendr\u00e1 <strong>prohibida la asistencia<\/strong> a cualquier ceremonia que organice esa organizaci\u00f3n, incluyendo, claro est\u00e1, los propios \u00d3scar <strong>durante 10 a\u00f1os<\/strong>.<\/p>\n<p><!-- BREAK 1 --><\/p>\n<p>La decisi\u00f3n <strong>viene motivada<\/strong> por lo que consideran que es \u00ab<em>un comportamiento inaceptable y nocivo<\/em>\u00bb y apuntan que \u00ab<em>tambi\u00e9n esperemos que esto inicie un periodo de curaci\u00f3n y restauraci\u00f3n para todos los implicados y los que se han visto impactados por ello<\/em>\u00ab.<\/p>\n<p><!-- BREAK 2 --> <\/p>\n<h2>Smith acepta el castigo<\/h2>\n<div class=\"article-asset article-asset-normal article-asset-center\">\n<div class=\"desvio-container\">\n<div class=\"desvio\">\n<div class=\"desvio-figure js-desvio-figure\"> <a href=\"https:\/\/www.espinof.com\/actores-y-actrices\/estrategia-will-smith-para-salvar-su-carrera-polemico-bofeton-a-chris-rock-oscar\"> <img alt=\"La estrategia de Will Smith para salvar su carrera tras el pol\u00e9mico bofet\u00f3n a Chris Rock en los \u00d3scar \" src=\"http:\/\/hoycordobaweb.com\/wp-content\/uploads\/2022\/04\/will-smith-vetado-de-los-oscar-durante-10-anos-la-academia-de-hollywood-dicta-su-castigo-por-la-agresion-a-chris-rock-y-el-actor-se-pronuncia.jpg\"> <\/a> <\/div><\/div><\/div>\n<\/div>\n<p>El protagonista de <a href=\"https:\/\/www.espinof.com\/criticas\/metodo-williams-will-smith-brilla-efectivo-drama-deportivo-que-deja-ganas-pelicula-venus-serena\">&#8216;El m\u00e9todo Williams&#8217;<\/a> <strong>ha aceptado la decisi\u00f3n<\/strong> de la Academia, lanzando un breve comunicado que dice lo siguiente: \u00ab<em>Acepto y respeto la decisi\u00f3n de la Academia<\/em>&#8216;. Recordemos que Smith <a href=\"https:\/\/www.espinof.com\/premios-oscar\/will-smith-dimite-academia-hollywood-su-polemica-agresion-a-chris-rock-oscar-que-hice-fue-escandaloso-e-imperdonable\">ya hab\u00eda renunciado<\/a> como miembro de la Academia hace varios d\u00edas, y ya entonces destac\u00f3 que aceptar\u00eda cualquier medida disciplinaria adicional que se tomase contra \u00e9l.<\/p>\n<p><!-- BREAK 3 --><\/p>\n<p>De esta forma se zanja cualquier duda sobre <a href=\"https:\/\/www.espinof.com\/premios-oscar\/puede-will-smith-perder-su-oscar-a-mejor-actor-agredir-a-chris-rock-esto-dice-codigo-conducta-academia\">la posible retirada del \u00d3scar<\/a> que <a href=\"https:\/\/www.espinof.com\/premios-oscar\/oscar-2022-will-smith-gana-estatuilla-a-mejor-actor-metodo-williams\">gan\u00f3 apenas minutos despu\u00e9s<\/a> de este desafortunado incidente, pero <strong>queda la duda de si servir\u00e1 para que la imagen de Smith se recupere tras lo sucedido<\/strong>. Eso es lo que est\u00e1 realmente da\u00f1ado y habr\u00e1 que ver cu\u00e1les son los siguientes pasos que da la estrella de <a href=\"https:\/\/www.espinof.com\/criticas\/hancock-no-es-lo-que-parece\">&#8216;Hancock&#8217;<\/a> para intentar remediarlo.<\/p>\n<p><!-- BREAK 4 --> <\/p>\n","protected":false},"excerpt":{"rendered":"<p>La Academia de Hollywood al fin ha dictado su castigo contra Will Smith por su pol\u00e9mico bofet\u00f3n a Chris Rock durante la \u00faltima gala de los \u00d3scar: el actor tendr\u00e1 prohibida la asistencia a cualquier ceremonia que organice esa organizaci\u00f3n, incluyendo, claro est\u00e1, los propios \u00d3scar durante 10 a\u00f1os. La decisi\u00f3n viene motivada por lo [&hellip;]<\/p>\n","protected":false},"author":1,"featured_media":39667,"comment_status":"open","ping_status":"closed","sticky":false,"template":"","format":"standard","meta":[],"categories":[1],"tags":[],"_links":{"self":[{"href":"http:\/\/hoycordobaweb.com\/index.php\/wp-json\/wp\/v2\/posts\/39666"}],"collection":[{"href":"http:\/\/hoycordobaweb.com\/index.php\/wp-json\/wp\/v2\/posts"}],"about":[{"href":"http:\/\/hoycordobaweb.com\/index.php\/wp-json\/wp\/v2\/types\/post"}],"author":[{"embeddable":true,"href":"http:\/\/hoycordobaweb.com\/index.php\/wp-json\/wp\/v2\/users\/1"}],"replies":[{"embeddable":true,"href":"http:\/\/hoycordobaweb.com\/index.php\/wp-json\/wp\/v2\/comments?post=39666"}],"version-history":[{"count":0,"href":"http:\/\/hoycordobaweb.com\/index.php\/wp-json\/wp\/v2\/posts\/39666\/revisions"}],"wp:featuredmedia":[{"embeddable":true,"href":"http:\/\/hoycordobaweb.com\/index.php\/wp-json\/wp\/v2\/media\/39667"}],"wp:attachment":[{"href":"http:\/\/hoycordobaweb.com\/index.php\/wp-json\/wp\/v2\/media?parent=39666"}],"wp:term":[{"taxonomy":"category","embeddable":true,"href":"http:\/\/hoycordobaweb.com\/index.php\/wp-json\/wp\/v2\/categories?post=39666"},{"taxonomy":"post_tag","embeddable":true,"href":"http:\/\/hoycordobaweb.com\/index.php\/wp-json\/wp\/v2\/tags?post=39666"}],"curies":[{"name":"wp","href":"https:\/\/api.w.org\/{rel}","templated":true}]}}