{"id":39645,"date":"2022-04-08T00:57:29","date_gmt":"2022-04-08T00:57:29","guid":{"rendered":"https:\/\/www.ole.com.ar\/informacion-general\/ardiles-operacion-corazon-tottenham_0_aNeoVMQYLM.html"},"modified":"2022-04-08T00:57:29","modified_gmt":"2022-04-08T00:57:29","slug":"ardiles-salio-bien-la-operacion","status":"publish","type":"post","link":"http:\/\/hoycordobaweb.com\/index.php\/2022\/04\/08\/ardiles-salio-bien-la-operacion\/","title":{"rendered":"Ardiles sali\u00f3 bien la operaci\u00f3n"},"content":{"rendered":"<p><img src=\"http:\/\/hoycordobaweb.com\/wp-content\/uploads\/2022\/04\/ardiles-salio-bien-la-operacion.jpg\"><\/p>\n<p><strong><a alt=\"osvaldo-ardiles\" class=\"slug\" href=\"https:\/\/www.ole.com.ar\/tema\/osvaldo-ardiles.html\" target=\"_blank\" title=\"osvaldo-ardiles\" rel=\"noopener noreferrer\">Osvaldo Ardiles <\/a>hab\u00eda sido operado del coraz\u00f3n en Inglaterra, su pa\u00eds de residencia, y este jueves dio un mensaje optimista en sus redes sociales:<\/strong> \u00abMi m\u00e1s sincero agradecimiento a Mr Uppal y todo su equipo como asi tambien al hospital St Barts. Simplemente no hay palabras para describir tanto trabajo excepcional\u00bb. Escribi\u00f3 esto con una imagen con el pulgar arriba.<\/p>\n<p>La intervenci\u00f3n quir\u00fargica hab\u00eda sido comunicada por el Tottenham, el club en el que brill\u00f3 Ossie en los 80: \u00abEl club desea expresar sus mejores deseos a nuestro embajador y ex jugador legendario Osvaldo Ardiles, quien se someti\u00f3 con \u00e9xito a una cirug\u00eda card\u00edaca esta semana y ahora se est\u00e1 recuperando en el hospital. \u00a1Te deseamos una pronta recuperaci\u00f3n, Ossie!\u00bb.<\/p>\n<p>Ardiles hab\u00eda padecido coronavirus a principios de 2021. \u201cMuy contento de poder decirles que me he recuperado de Covid-19. Testee positivo el primero de enero y a partir de all\u00ed ha sido una pelea muy grande con este virus tan horrible\u201d, escribi\u00f3 en Twitter en aquel momento.<\/p>\n<div class=\"sp__SM\">\n<div class=\"content-new \">\n<span class=\"tit-mobile\">Mir\u00e1 tambi\u00e9n<\/span><\/p>\n<div class=\"mg\">\n<div class=\"wrap-figure\">\n<picture>\n<a href=\"https:\/\/www.ole.com.ar\/river-plate\/aldair-rodriguez-river-rojas-fractura_0_PNU6gaT0zU.html\" target=\"_self\" rel=\"noopener noreferrer\"><br \/>\n<img class=\"img-responsive\" alt=\"\u00bfQui\u00e9n es Aldair Rodr\u00edguez, el villano de la patada a Rojas?\" src=\"http:\/\/hoycordobaweb.com\/wp-content\/uploads\/2022\/04\/ardiles-salio-bien-la-operacion-2.jpg\" loading=\"lazy\"><br \/>\n<\/a> <\/picture>\n<\/div>\n<\/div><\/div>\n<\/div>\n<div class=\"sp__Normal htmlLibre\">\n<div class=\"embed-responsive-c\" readability=\"5.4610655737705\">\n<blockquote class=\"twitter-tweet\" readability=\"5.0409836065574\">\n<p lang=\"es\" dir=\"ltr\">Mi m\u00e1s sincero agradecimiento a Mr Uppal y todo su equipo como asi tambien a St Barts hospital.<br \/>Simplemente no hay palabras para describir tanto trabajo excepcional. <a href=\"https:\/\/t.co\/dB7UIR6P4G\">pic.twitter.com\/dB7UIR6P4G<\/a><\/p>\n<p>\u2014 osvaldo ardiles (@osvaldooardiles) <a href=\"https:\/\/twitter.com\/osvaldooardiles\/status\/1512119983366676484?ref_src=twsrc%5Etfw\">April 7, 2022<\/a><\/p><\/blockquote><\/div>\n<\/div>\n<p>El ex volante, campe\u00f3n del mundo con Argentina en 1978, es \u00eddolo de Instituto, el club en el que surgi\u00f3 al profesionalismo. Incluso, una de las tribunas del estadio Kempes de C\u00f3rdoba lleva su nombre. <\/p>\n<p>En Argentina fue entrenador de Racing y de Hurac\u00e1n. Tambi\u00e9n condujo a Cerro Porte\u00f1o de Paraguay y a Chivas de Guadalajara.<\/p>\n<div class=\"sp__SM\">\n<div class=\"content-new \">\n<span class=\"tit-mobile\">Mir\u00e1 tambi\u00e9n<\/span><\/p>\n<div class=\"mg\">\n<div class=\"wrap-figure\">\n<picture>\n<a href=\"https:\/\/www.ole.com.ar\/futbol-internacional\/sudamericana\/gol-racing-polemica-river-uruguay_0_8dxItZA6JS.html\" target=\"_self\" rel=\"noopener noreferrer\"><br \/>\n<img class=\"img-responsive\" alt=\"El gol de Racing: la pelota pic\u00f3 adentro\" src=\"http:\/\/hoycordobaweb.com\/wp-content\/uploads\/2022\/04\/ardiles-salio-bien-la-operacion-3.jpg\" loading=\"lazy\"><br \/>\n<\/a>\n<\/picture>\n<\/div>\n<\/div><\/div>\n<\/div>\n<div class=\"entry-tags\">\n<h2>TEMAS QUE APARECEN EN ESTA NOTA<\/h2>\n<\/p><\/div>\n","protected":false},"excerpt":{"rendered":"<p>Osvaldo Ardiles hab\u00eda sido operado del coraz\u00f3n en Inglaterra, su pa\u00eds de residencia, y este jueves dio un mensaje optimista en sus redes sociales: \u00abMi m\u00e1s sincero agradecimiento a Mr Uppal y todo su equipo como asi tambien al hospital St Barts. Simplemente no hay palabras para describir tanto trabajo excepcional\u00bb. Escribi\u00f3 esto con una [&hellip;]<\/p>\n","protected":false},"author":1,"featured_media":39646,"comment_status":"open","ping_status":"closed","sticky":false,"template":"","format":"standard","meta":[],"categories":[16],"tags":[],"_links":{"self":[{"href":"http:\/\/hoycordobaweb.com\/index.php\/wp-json\/wp\/v2\/posts\/39645"}],"collection":[{"href":"http:\/\/hoycordobaweb.com\/index.php\/wp-json\/wp\/v2\/posts"}],"about":[{"href":"http:\/\/hoycordobaweb.com\/index.php\/wp-json\/wp\/v2\/types\/post"}],"author":[{"embeddable":true,"href":"http:\/\/hoycordobaweb.com\/index.php\/wp-json\/wp\/v2\/users\/1"}],"replies":[{"embeddable":true,"href":"http:\/\/hoycordobaweb.com\/index.php\/wp-json\/wp\/v2\/comments?post=39645"}],"version-history":[{"count":0,"href":"http:\/\/hoycordobaweb.com\/index.php\/wp-json\/wp\/v2\/posts\/39645\/revisions"}],"wp:featuredmedia":[{"embeddable":true,"href":"http:\/\/hoycordobaweb.com\/index.php\/wp-json\/wp\/v2\/media\/39646"}],"wp:attachment":[{"href":"http:\/\/hoycordobaweb.com\/index.php\/wp-json\/wp\/v2\/media?parent=39645"}],"wp:term":[{"taxonomy":"category","embeddable":true,"href":"http:\/\/hoycordobaweb.com\/index.php\/wp-json\/wp\/v2\/categories?post=39645"},{"taxonomy":"post_tag","embeddable":true,"href":"http:\/\/hoycordobaweb.com\/index.php\/wp-json\/wp\/v2\/tags?post=39645"}],"curies":[{"name":"wp","href":"https:\/\/api.w.org\/{rel}","templated":true}]}}