{"id":39623,"date":"2022-04-07T22:40:00","date_gmt":"2022-04-07T22:40:00","guid":{"rendered":"https:\/\/fm-comunicar.com.ar\/contenido\/19102\/sofia-boscatto-la-primera-arqueologa-caroyense"},"modified":"2022-04-07T22:40:00","modified_gmt":"2022-04-07T22:40:00","slug":"sofia-boscatto-la-primera-arqueologa-caroyense","status":"publish","type":"post","link":"http:\/\/hoycordobaweb.com\/index.php\/2022\/04\/07\/sofia-boscatto-la-primera-arqueologa-caroyense\/","title":{"rendered":"Sof\u00eda Boscatto, la primera arque\u00f3loga caroyense"},"content":{"rendered":"<p>Se recibi\u00f3 hace una semana en la Universidad Nacional de Catamarca y ya logr\u00f3 una beca del CONICET. Ahora seguir\u00e1 trabajando para lograr el Doctorado. Quiere volver a Caroya para investigar la vida antes de la llegada de los colonos.<img src=\"http:\/\/hoycordobaweb.com\/wp-content\/uploads\/2022\/04\/sofia-boscatto-la-primera-arqueologa-caroyense.jpg\"><\/p>\n","protected":false},"excerpt":{"rendered":"<p>Se recibi\u00f3 hace una semana en la Universidad Nacional de Catamarca y ya logr\u00f3 una beca del CONICET. Ahora seguir\u00e1 trabajando para lograr el Doctorado. Quiere volver a Caroya para investigar la vida antes de la llegada de los colonos.<\/p>\n","protected":false},"author":1,"featured_media":39624,"comment_status":"closed","ping_status":"closed","sticky":false,"template":"","format":"standard","meta":[],"categories":[18],"tags":[],"_links":{"self":[{"href":"http:\/\/hoycordobaweb.com\/index.php\/wp-json\/wp\/v2\/posts\/39623"}],"collection":[{"href":"http:\/\/hoycordobaweb.com\/index.php\/wp-json\/wp\/v2\/posts"}],"about":[{"href":"http:\/\/hoycordobaweb.com\/index.php\/wp-json\/wp\/v2\/types\/post"}],"author":[{"embeddable":true,"href":"http:\/\/hoycordobaweb.com\/index.php\/wp-json\/wp\/v2\/users\/1"}],"replies":[{"embeddable":true,"href":"http:\/\/hoycordobaweb.com\/index.php\/wp-json\/wp\/v2\/comments?post=39623"}],"version-history":[{"count":0,"href":"http:\/\/hoycordobaweb.com\/index.php\/wp-json\/wp\/v2\/posts\/39623\/revisions"}],"wp:featuredmedia":[{"embeddable":true,"href":"http:\/\/hoycordobaweb.com\/index.php\/wp-json\/wp\/v2\/media\/39624"}],"wp:attachment":[{"href":"http:\/\/hoycordobaweb.com\/index.php\/wp-json\/wp\/v2\/media?parent=39623"}],"wp:term":[{"taxonomy":"category","embeddable":true,"href":"http:\/\/hoycordobaweb.com\/index.php\/wp-json\/wp\/v2\/categories?post=39623"},{"taxonomy":"post_tag","embeddable":true,"href":"http:\/\/hoycordobaweb.com\/index.php\/wp-json\/wp\/v2\/tags?post=39623"}],"curies":[{"name":"wp","href":"https:\/\/api.w.org\/{rel}","templated":true}]}}