{"id":39621,"date":"2022-04-07T22:58:00","date_gmt":"2022-04-07T22:58:00","guid":{"rendered":"https:\/\/fm-comunicar.com.ar\/contenido\/19105\/el-sindicato-acordo-con-el-ejecutivo-pero-un-grupo-de-municipales-se-opone-a-la-"},"modified":"2022-04-07T22:58:00","modified_gmt":"2022-04-07T22:58:00","slug":"el-sindicato-acordo-con-el-ejecutivo-pero-un-grupo-de-municipales-se-opone-a-la-pauta-2022","status":"publish","type":"post","link":"http:\/\/hoycordobaweb.com\/index.php\/2022\/04\/07\/el-sindicato-acordo-con-el-ejecutivo-pero-un-grupo-de-municipales-se-opone-a-la-pauta-2022\/","title":{"rendered":"El Sindicato acord\u00f3 con el Ejecutivo, pero un grupo de municipales se opone a la pauta 2022"},"content":{"rendered":"<p>Ins\u00f3lita situaci\u00f3n en el Concejo Deliberante: hay trabajadores que consideran el arreglo como \u201cpaup\u00e9rrimo\u201d y lo hicieron saber con una nota que ingres\u00f3 a la sesi\u00f3n de este mi\u00e9rcoles.<img src=\"http:\/\/hoycordobaweb.com\/wp-content\/uploads\/2022\/04\/el-sindicato-acordo-con-el-ejecutivo-pero-un-grupo-de-municipales-se-opone-a-la-pauta-2022.jpg\"><\/p>\n","protected":false},"excerpt":{"rendered":"<p>Ins\u00f3lita situaci\u00f3n en el Concejo Deliberante: hay trabajadores que consideran el arreglo como \u201cpaup\u00e9rrimo\u201d y lo hicieron saber con una nota que ingres\u00f3 a la sesi\u00f3n de este mi\u00e9rcoles.<\/p>\n","protected":false},"author":1,"featured_media":39622,"comment_status":"closed","ping_status":"closed","sticky":false,"template":"","format":"standard","meta":[],"categories":[18],"tags":[],"_links":{"self":[{"href":"http:\/\/hoycordobaweb.com\/index.php\/wp-json\/wp\/v2\/posts\/39621"}],"collection":[{"href":"http:\/\/hoycordobaweb.com\/index.php\/wp-json\/wp\/v2\/posts"}],"about":[{"href":"http:\/\/hoycordobaweb.com\/index.php\/wp-json\/wp\/v2\/types\/post"}],"author":[{"embeddable":true,"href":"http:\/\/hoycordobaweb.com\/index.php\/wp-json\/wp\/v2\/users\/1"}],"replies":[{"embeddable":true,"href":"http:\/\/hoycordobaweb.com\/index.php\/wp-json\/wp\/v2\/comments?post=39621"}],"version-history":[{"count":0,"href":"http:\/\/hoycordobaweb.com\/index.php\/wp-json\/wp\/v2\/posts\/39621\/revisions"}],"wp:featuredmedia":[{"embeddable":true,"href":"http:\/\/hoycordobaweb.com\/index.php\/wp-json\/wp\/v2\/media\/39622"}],"wp:attachment":[{"href":"http:\/\/hoycordobaweb.com\/index.php\/wp-json\/wp\/v2\/media?parent=39621"}],"wp:term":[{"taxonomy":"category","embeddable":true,"href":"http:\/\/hoycordobaweb.com\/index.php\/wp-json\/wp\/v2\/categories?post=39621"},{"taxonomy":"post_tag","embeddable":true,"href":"http:\/\/hoycordobaweb.com\/index.php\/wp-json\/wp\/v2\/tags?post=39621"}],"curies":[{"name":"wp","href":"https:\/\/api.w.org\/{rel}","templated":true}]}}