{"id":39558,"date":"2022-04-06T02:04:00","date_gmt":"2022-04-06T02:04:00","guid":{"rendered":"http:\/\/hoycordobaweb.com\/index.php\/2022\/04\/06\/gobierno-cgt-y-la-uia-acordaron-adelantar-paritarias-y-crear-una-canasta-alimentaria\/"},"modified":"2022-04-06T02:04:00","modified_gmt":"2022-04-06T02:04:00","slug":"gobierno-cgt-y-la-uia-acordaron-adelantar-paritarias-y-crear-una-canasta-alimentaria","status":"publish","type":"post","link":"http:\/\/hoycordobaweb.com\/index.php\/2022\/04\/06\/gobierno-cgt-y-la-uia-acordaron-adelantar-paritarias-y-crear-una-canasta-alimentaria\/","title":{"rendered":"Gobierno, CGT y la UIA acordaron adelantar paritarias y crear una canasta alimentaria"},"content":{"rendered":"<p><img src=\"http:\/\/hoycordobaweb.com\/wp-content\/uploads\/2022\/04\/gobierno-cgt-y-la-uia-acordaron-adelantar-paritarias-y-crear-una-canasta-alimentaria.jpg\"><\/p>\n<div class=\"video_repositive\"> <a class=\"video_sticky\" href=\"javascript:void();\" onclick=\"removeStuckVideo(true);\"><i class=\"far fa-window-close\"><\/i><\/a> <\/p>\n<div id=\"6XSnYlvjl08\" class=\"video_telam\" readability=\"6.5\">\n<div class=\"feature_article_inner\" readability=\"33\">\n<p><h2 class=\"text-center\">Gobierno, CGT y la UIA acordaron adelantar paritarias y poner en marcha una canasta alimentaria<\/h2>\n<\/p><\/div>\n<p>VER VIDEO <i class=\"fas fa-play\"><\/i><\/p>\n<\/p><\/div><\/div>\n<p>El Gobierno, la Confederaci\u00f3n General del Trabajo (CGT) y la Uni\u00f3n Industrial Argentina (UIA) acordaron en la tarde de este martes una serie de medidas con el objetivo de contener las expectativas inflacionarias y mejorar el poder adquisitivo de los trabajadores, entre las que se destacan la posibilidad de abrir de manera anticipada la discusi\u00f3n de convenios salariales y la creaci\u00f3n de una canasta alimentaria de primera necesidad compuesta por entre 50 y 60 productos.<\/p>\n<p>Fue en el marco de una nueva reuni\u00f3n que mantuvieron este martes los ministros de Econom\u00eda, Mart\u00edn Guzm\u00e1n; de Trabajo, Claudio Moroni; y de Desarrollo Productivo, Mat\u00edas Kulfas; y la Jefa de Gabinete del Ministerio de Econom\u00eda Melina Mallamace; con representantes de la Confederaci\u00f3n General del Trabajo (CGT) y la Uni\u00f3n Industrial Argentina (UIA) en el marco de la mesa tripartita de trabajo creada la semana pasada para coordinar acciones destinadas a enfrentar la inflaci\u00f3n.<\/p>\n<figure class=\"mb-3\"><img loading=\"lazy\" src=\"http:\/\/hoycordobaweb.com\/wp-content\/uploads\/2022\/04\/gobierno-cgt-y-la-uia-acordaron-adelantar-paritarias-y-crear-una-canasta-alimentaria-2.jpg\" width=\"100%\" height=\"100%\" alt=\"Foto Prensa\"><figcaption> Foto: Prensa. <\/figcaption><\/figure>\n<p>&nbsp;<br \/>En representaci\u00f3n del sector sindical estuvieron los secretarios generales de la Confederaci\u00f3n General del Trabajo (CGT), H\u00e9ctor Daer, Pablo Moyano y Carlos Acu\u00f1a, junto al secretario General Adjunto de la entidad, Andr\u00e9s Rodr\u00edguez.<\/p>\n<p>Por la entidad fabril participaron en la reuni\u00f3n su presidente, Daniel Funes de Rioja, junto al secretario de la entidad, Miguel \u00c1ngel Rodr\u00edguez; el vicepresidente Regional, Guillermo Moretti; y el director Ejecutivo, Diego Coatz.<\/p>\n<h2 class>Detalles de las medidas<\/h2>\n<p>Las medidas acordadas contemplan la posibilidad abrir negociaciones paritarias antes de las fechas estipuladas por cada sector, a la vez que las partes ratificaron la decisi\u00f3n de consensuar una canasta b\u00e1sica con 50 0 60 productos de primera necesidad a precios accesibles, cuya implementaci\u00f3n deber\u00eda estar definida en un plazo de 72 horas.<\/p>\n<p>De manera espec\u00edfica, el Gobierno, los empresarios y los sindicalistas acordaron la apertura de la negociaci\u00f3n de convenios salariales que a\u00fan no han vencido o que no se encuentran en etapa de tratativas.<\/p>\n<figure class=\"mb-3\"><img loading=\"lazy\" src=\"http:\/\/hoycordobaweb.com\/wp-content\/uploads\/2022\/04\/gobierno-cgt-y-la-uia-acordaron-adelantar-paritarias-y-crear-una-canasta-alimentaria-3.jpg\" width=\"100%\" height=\"100%\" alt=\"Foto Alfredo Luna\"><figcaption> Foto: Alfredo Luna. <\/figcaption><\/figure>\n<p>Tambi\u00e9n acordaron conformar mesas de trabajo para dise\u00f1ar e implementar las medidas tendientes para administrar las dificultades de la actual coyuntura, en particular en lo atinente al impacto de la inflaci\u00f3n en las pymes.<\/p>\n<p>Tambi\u00e9n coincidieron en la necesidad de establecer una canasta alimentaria de primera necesidad, integrada por entre 50 y 60 productos, que tengan un precio claro en los diferentes formatos de comercializaci\u00f3n, en especial en los comercios de cercan\u00eda.<\/p>\n<div class=\"jumbotron pt-4 mt-3\" readability=\"29\">\n<h3 class=\"module-title\">Medidas acordadas por el Gobierno nacional con la UIA y la CGT<\/h3>\n<p>El Gobierno Nacional, la Uni\u00f3n Industrial Argentina (UIA) y la Confederaci\u00f3n General del Trabajo (CGT) acordaron un conjunto de medidas para anclar las expectativas inflacionarias y mejorar el poder adquisitivo de los salarios.<\/p>\n<p>En el marco de una reuni\u00f3n celebrada esta tarde en la sede del Palacio de Hacienda, alcanzaron los siguientes acuerdos:<\/p>\n<p>-La apertura de la negociaci\u00f3n de convenios salariales que aun no han vencido o que no se encuentran en etapa de tratativas<\/p>\n<p>-La presentaci\u00f3n de una canasta de primera necesidad, integrada por entre 50 y 60 productos, que tengan un precio claro en los diferentes formatos de comercializaci\u00f3n, el cual tendr\u00e1 una amplia difusi\u00f3n.<\/p>\n<p>-La conformaci\u00f3n de mesas de trabajo para dise\u00f1ar e implementar las medidas tendientes para administrar las dificultades de la actual coyuntura, en particular en lo atinente al impacto en las pymes.<\/p>\n<\/p><\/div>\n<p>Al finalizar la reuni\u00f3n celebrada en el Ministerio de Econom\u00eda tambi\u00e9n firmaron una nueva acta de compromiso, al igual que la semana pasada.<\/p>\n<blockquote class=\"twitter-tweet\" readability=\"11.379310344828\">\n<p lang=\"es\" dir=\"ltr\">ACUERDO PARA FORTALECER LOS INGRESOS REALES DE LAS Y LOS TRABAJADORES<\/p>\n<p>El Gobierno, la <a href=\"https:\/\/twitter.com\/hashtag\/CGT?src=hash&amp;ref_src=twsrc%5Etfw\">#CGT<\/a> y la <a href=\"https:\/\/twitter.com\/hashtag\/UIA?src=hash&amp;ref_src=twsrc%5Etfw\">#UIA<\/a> acordaron medidas para mejorar el poder adquisitivo de los salarios, cuidar la canasta b\u00e1sica de consumo, preservar la reactivaci\u00f3n econ\u00f3mica y anclar expectativas. <\/p>\n<p>El acta \ud83d\udc47 <a href=\"https:\/\/t.co\/GwT5YmzzFG\">pic.twitter.com\/GwT5YmzzFG<\/a><\/p>\n<p>\u2014 Ministerio de Econom\u00eda de la Naci\u00f3n (@Economia_Ar) <a href=\"https:\/\/twitter.com\/Economia_Ar\/status\/1511483710205399044?ref_src=twsrc%5Etfw\">April 5, 2022<\/a><\/p><\/blockquote>\n<p>\u00abLas partes reunidas coincidieron en la necesidad de concertar acciones que permitan afrontar las dificultades econ\u00f3micas locales, agravadas por el conflicto en Ucrania, con el fin de mejorar el poder adquisitivo de los salarios, cuidar la canasta b\u00e1sica de consumo de los argentinos y argentinas y preservar la reactivaci\u00f3n de la econom\u00eda\u00bb, sostiene el documento.<\/p>\n<p>\u00abCon el objetivo de mejorar el poder adquisitivo de los salarios, la CGT solicita que, frente a la posible evoluci\u00f3n del costo de vida en el marco de esta situaci\u00f3n, excepcional, se anticipe la apertura de negociaci\u00f3n de aquellos convenios salariales que a\u00fan no han vencido o no se encuentran en la etapa de tratativas\u00bb, detalla uno de los puntos del acta.<\/p>\n<figure class=\"mb-3\"><img loading=\"lazy\" src=\"http:\/\/hoycordobaweb.com\/wp-content\/uploads\/2022\/04\/gobierno-cgt-y-la-uia-acordaron-adelantar-paritarias-y-crear-una-canasta-alimentaria-4.jpg\" width=\"100%\" height=\"100%\" alt=\"Foto Alfredo Luna\"><figcaption> Foto: Alfredo Luna. <\/figcaption><\/figure>\n<p>Otro punto del documento sostiene que \u00abadicionalmente, se coincidi\u00f3 en que bajo el actual escenario global se producen tensiones significativas en la cadena de suministros, acceso a insumos claves, log\u00edstica y abastecimiento energ\u00e9tico a nivel internacional. Por lo tanto, las partes acuerdan conformar mesas de trabajo para dise\u00f1ar e implementar las medidas tendientes para administrar las dificultades de la actual coyuntura, en particular en lo atinente al impacto en las pymes\u00bb.<\/p>\n<p>La reuni\u00f3n de este martes fue una continuaci\u00f3n de los encuentros producidos durante el 28 y 31 de marzo pasado a instancias del presidente Alberto Fern\u00e1ndez, con el objetivo de establecer una mesa de di\u00e1logo y concertaci\u00f3n social tendiente a alinear expectativas y a fortalecer la reactivaci\u00f3n productiva de manera articulada con la creaci\u00f3n de empleo formal y la mejora en los ingresos reales de la poblaci\u00f3n.<\/p>\n<figure class=\"mb-3\"><img loading=\"lazy\" src=\"http:\/\/hoycordobaweb.com\/wp-content\/uploads\/2022\/04\/gobierno-cgt-y-la-uia-acordaron-adelantar-paritarias-y-crear-una-canasta-alimentaria-5.jpg\" width=\"100%\" height=\"100%\" alt=\"Foto Alfredo Luna\"><figcaption> Foto: Alfredo Luna. <\/figcaption><\/figure>\n<p>La CGT pidi\u00f3 que ante la posible suba de precios, en el marco generado por la invasi\u00f3n de Rusia a Ucrania, \u00abse anticipe la apertura de negociaci\u00f3n de aquellos convenios salariales que a\u00fan no han vencido o no se encuentran en la etapa de tratativas\u00bb.<\/p>\n<p>Esa postura fue avalada por la UIA \u00aben el entendimiento de que el di\u00e1logo social permite generar las pol\u00edticas adecuadas para el desarrollo econ\u00f3mico con inclusi\u00f3n social, y que la fijaci\u00f3n de los salarios. mediante la negociaci\u00f3n colectiva es la herramienta adecuada para lograr el incremento de las remuneraciones\u00bb, seg\u00fan detalla el acta rubricada al cierre de la reuni\u00f3n.<\/p>\n<figure class=\"mb-3\"><img loading=\"lazy\" src=\"http:\/\/hoycordobaweb.com\/wp-content\/uploads\/2022\/04\/gobierno-cgt-y-la-uia-acordaron-adelantar-paritarias-y-crear-una-canasta-alimentaria-6.jpg\" width=\"100%\" height=\"100%\" alt=\"Foto Alfredo Luna\"><figcaption> Foto: Alfredo Luna. <\/figcaption><\/figure>\n<p>Tanto sindicalistas como empresarios coincidieron que \u00abbajo las actuales circunstancias (de inflaci\u00f3n) se producen dispersiones significativas en los precios de los alimentos y otros productos de la canasta b\u00e1sica\u00bb.<\/p>\n<p>Estas dispersiones \u00abse registran tanto a nivel territorial como en diferentes formatos de comercializaci\u00f3n\u00bb y por eso el gobierno presentar\u00e1 en los pr\u00f3ximos tres d\u00edas \u00abuna canasta de primera necesidad, integrada por entre 50 y 60 productos, que tengan un precio claro en los diferentes formatos de comercializaci\u00f3n, el cual tendr\u00e1 una amplia difusi\u00f3n\u00bb y que ser\u00e1 complementaria al programa de Precios Cuidados.<\/p>\n<p>UIA y la CGT explicitaron su compromiso para llevar adelante una \u00abamplia campa\u00f1a de divulgaci\u00f3n a los fines de fortalecer la referencia de precios en la poblaci\u00f3n\u00bb, una vez puesta en marcha la canasta alimentaria b\u00e1sica. <\/p>\n","protected":false},"excerpt":{"rendered":"<p>Gobierno, CGT y la UIA acordaron adelantar paritarias y poner en marcha una canasta alimentaria VER VIDEO El Gobierno, la Confederaci\u00f3n General del Trabajo (CGT) y la Uni\u00f3n Industrial Argentina (UIA) acordaron en la tarde de este martes una serie de medidas con el objetivo de contener las expectativas inflacionarias y mejorar el poder adquisitivo [&hellip;]<\/p>\n","protected":false},"author":1,"featured_media":39559,"comment_status":"open","ping_status":"closed","sticky":false,"template":"","format":"standard","meta":[],"categories":[19],"tags":[],"_links":{"self":[{"href":"http:\/\/hoycordobaweb.com\/index.php\/wp-json\/wp\/v2\/posts\/39558"}],"collection":[{"href":"http:\/\/hoycordobaweb.com\/index.php\/wp-json\/wp\/v2\/posts"}],"about":[{"href":"http:\/\/hoycordobaweb.com\/index.php\/wp-json\/wp\/v2\/types\/post"}],"author":[{"embeddable":true,"href":"http:\/\/hoycordobaweb.com\/index.php\/wp-json\/wp\/v2\/users\/1"}],"replies":[{"embeddable":true,"href":"http:\/\/hoycordobaweb.com\/index.php\/wp-json\/wp\/v2\/comments?post=39558"}],"version-history":[{"count":0,"href":"http:\/\/hoycordobaweb.com\/index.php\/wp-json\/wp\/v2\/posts\/39558\/revisions"}],"wp:featuredmedia":[{"embeddable":true,"href":"http:\/\/hoycordobaweb.com\/index.php\/wp-json\/wp\/v2\/media\/39559"}],"wp:attachment":[{"href":"http:\/\/hoycordobaweb.com\/index.php\/wp-json\/wp\/v2\/media?parent=39558"}],"wp:term":[{"taxonomy":"category","embeddable":true,"href":"http:\/\/hoycordobaweb.com\/index.php\/wp-json\/wp\/v2\/categories?post=39558"},{"taxonomy":"post_tag","embeddable":true,"href":"http:\/\/hoycordobaweb.com\/index.php\/wp-json\/wp\/v2\/tags?post=39558"}],"curies":[{"name":"wp","href":"https:\/\/api.w.org\/{rel}","templated":true}]}}