{"id":39554,"date":"2022-04-05T20:30:10","date_gmt":"2022-04-05T20:30:10","guid":{"rendered":"https:\/\/www.trendencias.com\/belleza\/11-peinados-para-tu-look-invitada-que-lograras-verte-ideal-estar-diez"},"modified":"2022-04-05T20:30:10","modified_gmt":"2022-04-05T20:30:10","slug":"11-peinados-para-tu-look-de-invitada-con-los-que-lograras-verte-ideal-y-estar-de-diez","status":"publish","type":"post","link":"http:\/\/hoycordobaweb.com\/index.php\/2022\/04\/05\/11-peinados-para-tu-look-de-invitada-con-los-que-lograras-verte-ideal-y-estar-de-diez\/","title":{"rendered":"11 peinados para tu look de invitada con los que lograr\u00e1s verte ideal y estar de diez"},"content":{"rendered":"<p>Puede que a estas alturas <a href=\"https:\/\/www.trendencias.com\/vestidos\/siete-vestidos-que-nos-convertiran-invitada-perfecta-a-boda-que-se-encuentran-rebajas-100-euros\">ya tengas alguna invitaci\u00f3n de boda u otra ceremonia<\/a>, porque sin duda la primavera es el pistolezado de salida; y si hay algo que tiene mucha importancia para un look perfecto de invitada, ese es el peinado, y claro, entre tantas dudas quiz\u00e1s necesites algo de inspiraci\u00f3n, <a href=\"https:\/\/www.trendencias.com\/belleza\/ocho-peinados-recogidos-muy-faciles-hacer-casa-que-tu-look-invitada-parecera-peluqueria\">ya sean recogidos, coletas o melenas de ensue\u00f1o<\/a> y estos <strong>11 peinados que hemos seleccionado, son simplemente maravillosos<\/strong>.<\/p>\n<p><!-- BREAK 1 --><\/p>\n<div class=\"article-asset article-asset-normal article-asset-center\">\n<div class=\"desvio-container\">\n<div class=\"desvio\">\n<div class=\"desvio-figure js-desvio-figure\"> <a href=\"https:\/\/www.trendencias.com\/belleza\/nueve-ideas-semi-recogidos-para-pelo-largo-triunfar-ellos\"> <img alt=\"Nueve ideas de semi-recogidos para pelo largo que son perfectos para cualquier fiesta o ceremonia\" src=\"http:\/\/hoycordobaweb.com\/wp-content\/uploads\/2022\/04\/11-peinados-para-tu-look-de-invitada-con-los-que-lograras-verte-ideal-y-estar-de-diez.jpg\"> <\/a> <\/div><\/div><\/div>\n<\/div>\n<div class=\"article-asset-image article-asset-normal article-asset-center\">\n<div class=\"asset-content\">\n<div class=\"base-wrapper-image\"> <img class=\"sf-lazy centro_sinmarco\" data-sf-srcset=\"http:\/\/hoycordobaweb.com\/wp-content\/uploads\/2022\/04\/11-peinados-para-tu-look-de-invitada-con-los-que-lograras-verte-ideal-y-estar-de-diez-1.jpg 450w, http:\/\/hoycordobaweb.com\/wp-content\/uploads\/2022\/04\/11-peinados-para-tu-look-de-invitada-con-los-que-lograras-verte-ideal-y-estar-de-diez-23.jpg 681w,http:\/\/hoycordobaweb.com\/wp-content\/uploads\/2022\/04\/11-peinados-para-tu-look-de-invitada-con-los-que-lograras-verte-ideal-y-estar-de-diez-24.jpg 1024w, http:\/\/hoycordobaweb.com\/wp-content\/uploads\/2022\/04\/11-peinados-para-tu-look-de-invitada-con-los-que-lograras-verte-ideal-y-estar-de-diez-25.jpg 1366w,\" data-sf-src=\"http:\/\/hoycordobaweb.com\/wp-content\/uploads\/2022\/04\/11-peinados-para-tu-look-de-invitada-con-los-que-lograras-verte-ideal-y-estar-de-diez-1.jpg\" alt=\"leletny\"> <noscript><img alt=\"leletny\" class=\"centro_sinmarco\" src=\"http:\/\/hoycordobaweb.com\/wp-content\/uploads\/2022\/04\/11-peinados-para-tu-look-de-invitada-con-los-que-lograras-verte-ideal-y-estar-de-diez-1.jpg\"><\/noscript> <\/div><\/div>\n<\/div>\n<p><a href=\"https:\/\/www.trendencias.com\/belleza\/cinco-peinados-recogidos-trenzas-muy-faciles-que-nunca-pasan-moda\">Una trenza siempre es una buena idea<\/a> y<strong> las de estilo <\/strong><em><strong>effortless<\/strong><\/em><strong> son de las que m\u00e1s nos gustan<\/strong>, relajadas pero igualmente de divinas, como esta que se ha realizado con dos trenzas enroscadas desde la ra\u00edz y se han ido uniendo para crear una sola. Lo mejor ese efecto imperfecto y relajado que se contrarresta con una preciosa diadema dorada.<\/p>\n<p><!-- BREAK 2 --> <!-- PIVOT START --><\/p>\n<div class=\"pivot-ecommerce-container\">\n<div class=\"pivot-ecommerce\" readability=\"5.2990654205607\">\n<div class=\"pivot-ecommerce-figure\"> <img alt=\"Yean - Diadema para novia, dise\u00f1o de hojas doradas, para dama de honor y flores\" src=\"http:\/\/hoycordobaweb.com\/wp-content\/uploads\/2022\/04\/11-peinados-para-tu-look-de-invitada-con-los-que-lograras-verte-ideal-y-estar-de-diez-2.jpg\"> <\/div>\n<div class=\"pivot-ecommerce-summary\" readability=\"6.8130841121495\">\n<p class=\"pivot-ecommerce-desc\">Yean &#8211; Diadema para novia, dise\u00f1o de hojas doradas, para dama de honor y flores<\/p>\n<\/p><\/div><\/div>\n<\/div>\n<p><!-- PIVOT END --><\/p>\n<div class=\"article-asset-image article-asset-normal article-asset-center\">\n<div class=\"asset-content\">\n<div class=\"base-wrapper-image\"> <img class=\"sf-lazy centro_sinmarco\" data-sf-srcset=\"http:\/\/hoycordobaweb.com\/wp-content\/uploads\/2022\/04\/11-peinados-para-tu-look-de-invitada-con-los-que-lograras-verte-ideal-y-estar-de-diez-3.jpg 450w, http:\/\/hoycordobaweb.com\/wp-content\/uploads\/2022\/04\/11-peinados-para-tu-look-de-invitada-con-los-que-lograras-verte-ideal-y-estar-de-diez-26.jpg 681w,http:\/\/hoycordobaweb.com\/wp-content\/uploads\/2022\/04\/11-peinados-para-tu-look-de-invitada-con-los-que-lograras-verte-ideal-y-estar-de-diez-27.jpg 1024w, http:\/\/hoycordobaweb.com\/wp-content\/uploads\/2022\/04\/11-peinados-para-tu-look-de-invitada-con-los-que-lograras-verte-ideal-y-estar-de-diez-28.jpg 1366w,\" data-sf-src=\"http:\/\/hoycordobaweb.com\/wp-content\/uploads\/2022\/04\/11-peinados-para-tu-look-de-invitada-con-los-que-lograras-verte-ideal-y-estar-de-diez-3.jpg\" alt=\"a.shtyrts\"> <noscript><img alt=\"a.shtyrts\" class=\"centro_sinmarco\" src=\"http:\/\/hoycordobaweb.com\/wp-content\/uploads\/2022\/04\/11-peinados-para-tu-look-de-invitada-con-los-que-lograras-verte-ideal-y-estar-de-diez-3.jpg\"><\/noscript> <\/div><\/div>\n<\/div>\n<p>Un peinado que no dejar\u00e1 a nadie indiferente, es este precioso <strong>semi-recogido con aires rom\u00e1nticos<\/strong>. Una opci\u00f3n ideal para quienes quieran lucir una melena con ondas y a la vez, crear un efecto de coleta baja, y por supuesto <a href=\"https:\/\/www.trendencias.com\/belleza\/peinados-lazos-asi-podemos-lucirlos-nuestro-pelo-triunfar-expertos\">los lazos son el plus con el que lograr un resultado final tan ideal<\/a>.<\/p>\n<p><!-- BREAK 3 --><!-- PIVOT START --><\/p>\n<div class=\"pivot-ecommerce-container\">\n<div class=\"pivot-ecommerce\" readability=\"3.5238095238095\">\n<div class=\"pivot-ecommerce-figure\"> <img alt=\"OLESILK Coleteros Finos para el Pelo\" src=\"http:\/\/hoycordobaweb.com\/wp-content\/uploads\/2022\/04\/11-peinados-para-tu-look-de-invitada-con-los-que-lograras-verte-ideal-y-estar-de-diez-4.jpg\"> <\/div>\n<div class=\"pivot-ecommerce-summary\" readability=\"4.1111111111111\">\n<p class=\"pivot-ecommerce-desc\">OLESILK Coleteros Finos para el Pelo<\/p>\n<\/p><\/div><\/div>\n<\/div>\n<p><!-- PIVOT END --><\/p>\n<div class=\"article-asset-image article-asset-normal article-asset-center\">\n<div class=\"asset-content\">\n<div class=\"base-wrapper-image\"> <img class=\"sf-lazy centro_sinmarco\" data-sf-srcset=\"http:\/\/hoycordobaweb.com\/wp-content\/uploads\/2022\/04\/11-peinados-para-tu-look-de-invitada-con-los-que-lograras-verte-ideal-y-estar-de-diez-5.jpg 450w, http:\/\/hoycordobaweb.com\/wp-content\/uploads\/2022\/04\/11-peinados-para-tu-look-de-invitada-con-los-que-lograras-verte-ideal-y-estar-de-diez-29.jpg 681w,http:\/\/hoycordobaweb.com\/wp-content\/uploads\/2022\/04\/11-peinados-para-tu-look-de-invitada-con-los-que-lograras-verte-ideal-y-estar-de-diez-30.jpg 1024w, http:\/\/hoycordobaweb.com\/wp-content\/uploads\/2022\/04\/11-peinados-para-tu-look-de-invitada-con-los-que-lograras-verte-ideal-y-estar-de-diez-31.jpg 1366w,\" data-sf-src=\"http:\/\/hoycordobaweb.com\/wp-content\/uploads\/2022\/04\/11-peinados-para-tu-look-de-invitada-con-los-que-lograras-verte-ideal-y-estar-de-diez-5.jpg\" alt=\"benskervin\"> <noscript><img alt=\"benskervin\" class=\"centro_sinmarco\" src=\"http:\/\/hoycordobaweb.com\/wp-content\/uploads\/2022\/04\/11-peinados-para-tu-look-de-invitada-con-los-que-lograras-verte-ideal-y-estar-de-diez-5.jpg\"><\/noscript> <\/div><\/div>\n<\/div>\n<p><a href=\"https:\/\/www.trendencias.com\/belleza\/25-recogidos-efecto-messy-que-triunfar-dia-tu-boda-1\">Los recogiodos <em>messy<\/em> nunca fallan<\/a>, sea cual sea tu estilo estos <strong>mo\u00f1os despeinados y de aires casual<\/strong> siempre funcionan genial, hacen que te veas a\u00fan m\u00e1s guapa sin esfuerzo. Adem\u00e1s son la opci\u00f3n perfecta si quieres lucir alg\u00fan tocado o pamela.<\/p>\n<p><!-- BREAK 4 --><!-- PIVOT START --><\/p>\n<div class=\"pivot-ecommerce-container\">\n<div class=\"pivot-ecommerce\" readability=\"3.7391304347826\">\n<div class=\"pivot-ecommerce-figure\"> <img alt=\"Caja con horquillas y gomas para recogidos\" src=\"http:\/\/hoycordobaweb.com\/wp-content\/uploads\/2022\/04\/11-peinados-para-tu-look-de-invitada-con-los-que-lograras-verte-ideal-y-estar-de-diez-6.jpg\"> <\/div>\n<div class=\"pivot-ecommerce-summary\" readability=\"4.3623188405797\">\n<p class=\"pivot-ecommerce-desc\">Caja con horquillas y gomas para recogidos<\/p>\n<\/p><\/div><\/div>\n<\/div>\n<p><!-- PIVOT END --><\/p>\n<div class=\"article-asset-image article-asset-normal article-asset-center\">\n<div class=\"asset-content\">\n<div class=\"base-wrapper-image\"> <img class=\"sf-lazy centro_sinmarco\" data-sf-srcset=\"http:\/\/hoycordobaweb.com\/wp-content\/uploads\/2022\/04\/11-peinados-para-tu-look-de-invitada-con-los-que-lograras-verte-ideal-y-estar-de-diez-7.jpg 450w, http:\/\/hoycordobaweb.com\/wp-content\/uploads\/2022\/04\/11-peinados-para-tu-look-de-invitada-con-los-que-lograras-verte-ideal-y-estar-de-diez-32.jpg 681w,http:\/\/hoycordobaweb.com\/wp-content\/uploads\/2022\/04\/11-peinados-para-tu-look-de-invitada-con-los-que-lograras-verte-ideal-y-estar-de-diez-33.jpg 1024w, http:\/\/hoycordobaweb.com\/wp-content\/uploads\/2022\/04\/11-peinados-para-tu-look-de-invitada-con-los-que-lograras-verte-ideal-y-estar-de-diez-34.jpg 1366w,\" data-sf-src=\"http:\/\/hoycordobaweb.com\/wp-content\/uploads\/2022\/04\/11-peinados-para-tu-look-de-invitada-con-los-que-lograras-verte-ideal-y-estar-de-diez-7.jpg\" alt=\"pulido\"> <noscript><img alt=\"pulido\" class=\"centro_sinmarco\" src=\"http:\/\/hoycordobaweb.com\/wp-content\/uploads\/2022\/04\/11-peinados-para-tu-look-de-invitada-con-los-que-lograras-verte-ideal-y-estar-de-diez-7.jpg\"><\/noscript> <\/div><\/div>\n<\/div>\n<p>Un recogido completamente diferente, es el <strong>mo\u00f1o pulido y perfectamente trabajado<\/strong> para que no haya ning\u00fan pelo por ah\u00ed haciendo de las suyas. En este caso, vemos un <strong>mo\u00f1o bajo anudado<\/strong> que previamente ha sido pulido con alguna cera y luego fijado con laca.<\/p>\n<p><!-- BREAK 5 --><!-- PIVOT START --><\/p>\n<div class=\"pivot-ecommerce-container\">\n<div class=\"pivot-ecommerce\" readability=\"3.9342105263158\">\n<div class=\"pivot-ecommerce-figure\"> <img alt=\"Babaria -cera Moldeadora Mate-cera Pelo Hombre-mujer-vegana, Blanco\" src=\"http:\/\/hoycordobaweb.com\/wp-content\/uploads\/2022\/04\/11-peinados-para-tu-look-de-invitada-con-los-que-lograras-verte-ideal-y-estar-de-diez-8.jpg\"> <\/div>\n<div class=\"pivot-ecommerce-summary\" readability=\"4.8421052631579\">\n<p class=\"pivot-ecommerce-desc\">Babaria -cera Moldeadora Mate-cera Pelo Hombre-mujer-vegana, Blanco<\/p>\n<\/p><\/div><\/div>\n<\/div>\n<p><!-- PIVOT END --><\/p>\n<div class=\"article-asset-image article-asset-normal article-asset-center\">\n<div class=\"asset-content\">\n<div class=\"base-wrapper-image\"> <img class=\"sf-lazy centro_sinmarco\" data-sf-srcset=\"http:\/\/hoycordobaweb.com\/wp-content\/uploads\/2022\/04\/11-peinados-para-tu-look-de-invitada-con-los-que-lograras-verte-ideal-y-estar-de-diez-9.jpg 450w, http:\/\/hoycordobaweb.com\/wp-content\/uploads\/2022\/04\/11-peinados-para-tu-look-de-invitada-con-los-que-lograras-verte-ideal-y-estar-de-diez-35.jpg 681w,http:\/\/hoycordobaweb.com\/wp-content\/uploads\/2022\/04\/11-peinados-para-tu-look-de-invitada-con-los-que-lograras-verte-ideal-y-estar-de-diez-36.jpg 1024w, http:\/\/hoycordobaweb.com\/wp-content\/uploads\/2022\/04\/11-peinados-para-tu-look-de-invitada-con-los-que-lograras-verte-ideal-y-estar-de-diez-37.jpg 1366w,\" data-sf-src=\"http:\/\/hoycordobaweb.com\/wp-content\/uploads\/2022\/04\/11-peinados-para-tu-look-de-invitada-con-los-que-lograras-verte-ideal-y-estar-de-diez-9.jpg\" alt=\"bobbyeliot\"> <noscript><img alt=\"bobbyeliot\" class=\"centro_sinmarco\" src=\"http:\/\/hoycordobaweb.com\/wp-content\/uploads\/2022\/04\/11-peinados-para-tu-look-de-invitada-con-los-que-lograras-verte-ideal-y-estar-de-diez-9.jpg\"><\/noscript> <\/div><\/div>\n<\/div>\n<p><strong>El mo\u00f1o bailarina<\/strong>, como ya sab\u00e9is es todo un cl\u00e1sico y<strong> una de las mejores opcines cuando buscamos estilizar el cuello<\/strong> y dejar que otras partes destaquen m\u00e1s, como puede ser un gran escote o un maquillaje. La fijaci\u00f3n perfecta es la clave y<a href=\"https:\/\/www.trendencias.com\/belleza\/peinados-que-tendencia-cinco-monos-faciles-rapidos-para-lucir-tu-look-diario\"> podemos optar por el efecto mojado<\/a>.<\/p>\n<p><!-- BREAK 6 --><!-- PIVOT START --><\/p>\n<div class=\"pivot-ecommerce-container\">\n<div class=\"pivot-ecommerce\" readability=\"3.5135135135135\">\n<div class=\"pivot-ecommerce-figure\"> <img alt=\"Wella Professionals Eimi Shape Shift Gomina Moldeadora - 150 ml\" src=\"http:\/\/hoycordobaweb.com\/wp-content\/uploads\/2022\/04\/11-peinados-para-tu-look-de-invitada-con-los-que-lograras-verte-ideal-y-estar-de-diez-10.jpg\"> <\/div>\n<div class=\"pivot-ecommerce-summary\" readability=\"4.0990990990991\">\n<p class=\"pivot-ecommerce-desc\">Wella Professionals Eimi Shape Shift Gomina Moldeadora &#8211; 150 ml<\/p>\n<\/p><\/div><\/div>\n<\/div>\n<p><!-- PIVOT END --><\/p>\n<div class=\"article-asset-image article-asset-normal article-asset-center\">\n<div class=\"asset-content\">\n<div class=\"base-wrapper-image\"> <img class=\"sf-lazy centro_sinmarco\" data-sf-srcset=\"http:\/\/hoycordobaweb.com\/wp-content\/uploads\/2022\/04\/11-peinados-para-tu-look-de-invitada-con-los-que-lograras-verte-ideal-y-estar-de-diez-11.jpg 450w, http:\/\/hoycordobaweb.com\/wp-content\/uploads\/2022\/04\/11-peinados-para-tu-look-de-invitada-con-los-que-lograras-verte-ideal-y-estar-de-diez-38.jpg 681w,http:\/\/hoycordobaweb.com\/wp-content\/uploads\/2022\/04\/11-peinados-para-tu-look-de-invitada-con-los-que-lograras-verte-ideal-y-estar-de-diez-39.jpg 1024w, http:\/\/hoycordobaweb.com\/wp-content\/uploads\/2022\/04\/11-peinados-para-tu-look-de-invitada-con-los-que-lograras-verte-ideal-y-estar-de-diez-40.jpg 1366w,\" data-sf-src=\"http:\/\/hoycordobaweb.com\/wp-content\/uploads\/2022\/04\/11-peinados-para-tu-look-de-invitada-con-los-que-lograras-verte-ideal-y-estar-de-diez-11.jpg\" alt=\"jenniferbehr\"> <noscript><img alt=\"jenniferbehr\" class=\"centro_sinmarco\" src=\"http:\/\/hoycordobaweb.com\/wp-content\/uploads\/2022\/04\/11-peinados-para-tu-look-de-invitada-con-los-que-lograras-verte-ideal-y-estar-de-diez-11.jpg\"><\/noscript> <\/div><\/div>\n<\/div>\n<p>Una melena trabajada, fijada y decorada <a href=\"https:\/\/www.trendencias.com\/belleza\/diadema-turbante-aires-rusticos-parfois-accesorio-pelo-ideal-para-noches-verano-looks-otono\">con una diadema turbante<\/a> es de las opciones m\u00e1s f\u00e1ciles de lograr y con un resultado as\u00ed de bonito. Y s\u00ed, como invitada estar\u00e1s perfecta. En este caso <strong>debemos pasar el cabello por detr\u00e1s de la orejas<\/strong>, y si buscamos estar m\u00e1s c\u00f3modas lo podemos sujetar con horquillas.<\/p>\n<p><!-- BREAK 7 --><!-- PIVOT START --><\/p>\n<div class=\"pivot-ecommerce-container\">\n<div class=\"pivot-ecommerce\" readability=\"3.4563492063492\">\n<div class=\"pivot-ecommerce-figure\"> <img alt=\"ghd original - Plancha de pelo profesional, tecnolog\u00eda cer\u00e1mica\" src=\"http:\/\/hoycordobaweb.com\/wp-content\/uploads\/2022\/04\/11-peinados-para-tu-look-de-invitada-con-los-que-lograras-verte-ideal-y-estar-de-diez-12.jpg\"> <\/div>\n<div class=\"pivot-ecommerce-summary\" readability=\"4.2539682539683\">\n<p class=\"pivot-ecommerce-desc\">ghd original &#8211; Plancha de pelo profesional, tecnolog\u00eda cer\u00e1mica<\/p>\n<\/p><\/div><\/div>\n<\/div>\n<p><!-- PIVOT END --><\/p>\n<div class=\"article-asset-image article-asset-normal article-asset-center\">\n<div class=\"asset-content\">\n<div class=\"base-wrapper-image\"> <img class=\"sf-lazy centro_sinmarco\" data-sf-srcset=\"http:\/\/hoycordobaweb.com\/wp-content\/uploads\/2022\/04\/11-peinados-para-tu-look-de-invitada-con-los-que-lograras-verte-ideal-y-estar-de-diez-13.jpg 450w, http:\/\/hoycordobaweb.com\/wp-content\/uploads\/2022\/04\/11-peinados-para-tu-look-de-invitada-con-los-que-lograras-verte-ideal-y-estar-de-diez-41.jpg 681w,http:\/\/hoycordobaweb.com\/wp-content\/uploads\/2022\/04\/11-peinados-para-tu-look-de-invitada-con-los-que-lograras-verte-ideal-y-estar-de-diez-42.jpg 1024w, http:\/\/hoycordobaweb.com\/wp-content\/uploads\/2022\/04\/11-peinados-para-tu-look-de-invitada-con-los-que-lograras-verte-ideal-y-estar-de-diez-43.jpg 1366w,\" data-sf-src=\"http:\/\/hoycordobaweb.com\/wp-content\/uploads\/2022\/04\/11-peinados-para-tu-look-de-invitada-con-los-que-lograras-verte-ideal-y-estar-de-diez-13.jpg\" alt=\"jenniferbehr\"> <noscript><img alt=\"jenniferbehr\" class=\"centro_sinmarco\" src=\"http:\/\/hoycordobaweb.com\/wp-content\/uploads\/2022\/04\/11-peinados-para-tu-look-de-invitada-con-los-que-lograras-verte-ideal-y-estar-de-diez-13.jpg\"><\/noscript> <\/div><\/div>\n<\/div>\n<p><a href=\"https:\/\/www.trendencias.com\/belleza\/melenas-texturizadas-top-momento-estos-productos-puedes-conseguir-efecto\">Una melena texturizada es una gran idea<\/a> y bastante inesperado, as\u00ed con <strong>ondas rotas y luminosas<\/strong>, y un mech\u00f3n ladeado recogido para aportar ese toque m\u00e1s elaborado, <a href=\"https:\/\/www.trendencias.com\/belleza\/cinco-formas-lucir-mucho-estilo-horquillas-fiesta-cargadas-strass-nuestro-pelo-zara\">y si lo hacemos con horquillas joya<\/a>, el resultado ser\u00e1 m\u00e1s sofitiscado y elegante.<\/p>\n<p><!-- BREAK 8 --><!-- PIVOT START --><\/p>\n<div class=\"pivot-ecommerce-container\">\n<div class=\"pivot-ecommerce\" readability=\"4.4705882352941\">\n<div class=\"pivot-ecommerce-figure\"> <img alt=\"17 Piezas Clips de Pelo Horquillas Geom\u00e9tricas Horquilla de Metal Joyer\u00eda\" src=\"http:\/\/hoycordobaweb.com\/wp-content\/uploads\/2022\/04\/11-peinados-para-tu-look-de-invitada-con-los-que-lograras-verte-ideal-y-estar-de-diez-14.jpg\"> <\/div>\n<div class=\"pivot-ecommerce-summary\" readability=\"5.2156862745098\">\n<p class=\"pivot-ecommerce-desc\">17 Piezas Clips de Pelo Horquillas Geom\u00e9tricas Horquilla de Metal Joyer\u00eda<\/p>\n<\/p><\/div><\/div>\n<\/div>\n<p><!-- PIVOT END --><\/p>\n<div class=\"article-asset-image article-asset-normal article-asset-center\">\n<div class=\"asset-content\">\n<div class=\"base-wrapper-image\"> <img class=\"sf-lazy centro_sinmarco\" data-sf-srcset=\"http:\/\/hoycordobaweb.com\/wp-content\/uploads\/2022\/04\/11-peinados-para-tu-look-de-invitada-con-los-que-lograras-verte-ideal-y-estar-de-diez-15.jpg 450w, http:\/\/hoycordobaweb.com\/wp-content\/uploads\/2022\/04\/11-peinados-para-tu-look-de-invitada-con-los-que-lograras-verte-ideal-y-estar-de-diez-44.jpg 681w,http:\/\/hoycordobaweb.com\/wp-content\/uploads\/2022\/04\/11-peinados-para-tu-look-de-invitada-con-los-que-lograras-verte-ideal-y-estar-de-diez-45.jpg 1024w, http:\/\/hoycordobaweb.com\/wp-content\/uploads\/2022\/04\/11-peinados-para-tu-look-de-invitada-con-los-que-lograras-verte-ideal-y-estar-de-diez-46.jpg 1366w,\" data-sf-src=\"http:\/\/hoycordobaweb.com\/wp-content\/uploads\/2022\/04\/11-peinados-para-tu-look-de-invitada-con-los-que-lograras-verte-ideal-y-estar-de-diez-15.jpg\" alt=\"bobbyeliot\"> <noscript><img alt=\"bobbyeliot\" class=\"centro_sinmarco\" src=\"http:\/\/hoycordobaweb.com\/wp-content\/uploads\/2022\/04\/11-peinados-para-tu-look-de-invitada-con-los-que-lograras-verte-ideal-y-estar-de-diez-15.jpg\"><\/noscript> <\/div><\/div>\n<\/div>\n<p>Para las que tienen una melena midi y desean lucir un semi-recogido, solo tienen que fichar el peinado de <strong>Sarah Paulson<\/strong>. La actriz logra estar perfecta con este <strong>semi-recogido con volumen en la cabeza<\/strong> y con ese acabado como si hubiera sido peinado con los dedos, y &nbsp;que termina en un peque\u00f1o mo\u00f1ete anudado.<\/p>\n<p><!-- BREAK 9 --><!-- PIVOT START --><\/p>\n<div class=\"pivot-ecommerce-container\">\n<div class=\"pivot-ecommerce\" readability=\"3\">\n<div class=\"pivot-ecommerce-figure\"> <img alt=\"Schwarzkopf Osis+ Texture Craft Spray (2) 300 ml\" src=\"http:\/\/hoycordobaweb.com\/wp-content\/uploads\/2022\/04\/11-peinados-para-tu-look-de-invitada-con-los-que-lograras-verte-ideal-y-estar-de-diez-16.jpg\"> <\/div>\n<div class=\"pivot-ecommerce-summary\" readability=\"3.5\">\n<p class=\"pivot-ecommerce-desc\">Schwarzkopf Osis+ Texture Craft Spray (2) 300 ml<\/p>\n<\/p><\/div><\/div>\n<\/div>\n<p><!-- PIVOT END --> <\/p>\n<p>Para quienes busquen un peinado con aires vintage, esta <strong>melena midi con ondas cepilladas<\/strong> y peinadas hacia dentro, es simplemente ideal y te aseguramos que a m\u00e1s de uno le recordar\u00e1s <strong>Grace Kelly<\/strong>.<\/p>\n<p><!-- BREAK 10 --><!-- PIVOT START --><\/p>\n<div class=\"pivot-ecommerce-container\">\n<div class=\"pivot-ecommerce\" readability=\"4.843137254902\">\n<div class=\"pivot-ecommerce-figure\"> <img alt=\"Olivia Garden C + I 55 - Cepillo redondo de cer\u00e1mica con iones, 55 x 75 mm\" src=\"http:\/\/hoycordobaweb.com\/wp-content\/uploads\/2022\/04\/11-peinados-para-tu-look-de-invitada-con-los-que-lograras-verte-ideal-y-estar-de-diez-17.jpg\"> <\/div>\n<div class=\"pivot-ecommerce-summary\" readability=\"5.9607843137255\">\n<p class=\"pivot-ecommerce-desc\">Olivia Garden C + I 55 &#8211; Cepillo redondo de cer\u00e1mica con iones, 55 x 75 mm<\/p>\n<\/p><\/div><\/div>\n<\/div>\n<p><!-- PIVOT END --><\/p>\n<div class=\"article-asset-image article-asset-normal article-asset-center\">\n<div class=\"asset-content\">\n<div class=\"base-wrapper-image\"> <img class=\"sf-lazy centro_sinmarco\" data-sf-srcset=\"http:\/\/hoycordobaweb.com\/wp-content\/uploads\/2022\/04\/11-peinados-para-tu-look-de-invitada-con-los-que-lograras-verte-ideal-y-estar-de-diez-18.jpg 450w, http:\/\/hoycordobaweb.com\/wp-content\/uploads\/2022\/04\/11-peinados-para-tu-look-de-invitada-con-los-que-lograras-verte-ideal-y-estar-de-diez-47.jpg 681w,http:\/\/hoycordobaweb.com\/wp-content\/uploads\/2022\/04\/11-peinados-para-tu-look-de-invitada-con-los-que-lograras-verte-ideal-y-estar-de-diez-48.jpg 1024w, http:\/\/hoycordobaweb.com\/wp-content\/uploads\/2022\/04\/11-peinados-para-tu-look-de-invitada-con-los-que-lograras-verte-ideal-y-estar-de-diez-49.jpg 1366w,\" data-sf-src=\"http:\/\/hoycordobaweb.com\/wp-content\/uploads\/2022\/04\/11-peinados-para-tu-look-de-invitada-con-los-que-lograras-verte-ideal-y-estar-de-diez-18.jpg\" alt=\"hairby.brittany\"> <noscript><img alt=\"hairby.brittany\" class=\"centro_sinmarco\" src=\"http:\/\/hoycordobaweb.com\/wp-content\/uploads\/2022\/04\/11-peinados-para-tu-look-de-invitada-con-los-que-lograras-verte-ideal-y-estar-de-diez-18.jpg\"><\/noscript> <\/div><\/div>\n<\/div>\n<p>Si lo que buscas <a href=\"https:\/\/www.trendencias.com\/belleza\/estos-peinados-coleta-para-fiesta-demuestran-que-pueden-ser-elegantes-sofisticadas-como-cualquier-otro-recogido\">es una coleta elegante y trabajada<\/a>, esta opci\u00f3n es perfecta. Definida por <strong>las ondas tanto en la coleta como en los mechones frontales<\/strong>. Para un resultado perfecto y duradero, no puede faltar una buena dosis de fijaci\u00f3n.<\/p>\n<p><!-- BREAK 11 --><!-- PIVOT START --><\/p>\n<div class=\"pivot-ecommerce-container\">\n<div class=\"pivot-ecommerce\" readability=\"2.2439024390244\">\n<div class=\"pivot-ecommerce-figure\"> <img alt=\"TRESemm\u00e9 Laca Fijaci\u00f3n Extra Fuerte 400ml\" src=\"http:\/\/hoycordobaweb.com\/wp-content\/uploads\/2022\/04\/11-peinados-para-tu-look-de-invitada-con-los-que-lograras-verte-ideal-y-estar-de-diez-19.jpg\"> <\/div>\n<div class=\"pivot-ecommerce-summary\" readability=\"2.6178861788618\">\n<p class=\"pivot-ecommerce-desc\">TRESemm\u00e9 Laca Fijaci\u00f3n Extra Fuerte 400ml<\/p>\n<\/p><\/div><\/div>\n<\/div>\n<p><!-- PIVOT END --><\/p>\n<div class=\"article-asset-image article-asset-normal article-asset-center\">\n<div class=\"asset-content\">\n<div class=\"base-wrapper-image\"> <img class=\"sf-lazy centro_sinmarco\" data-sf-srcset=\"http:\/\/hoycordobaweb.com\/wp-content\/uploads\/2022\/04\/11-peinados-para-tu-look-de-invitada-con-los-que-lograras-verte-ideal-y-estar-de-diez-20.jpg 450w, http:\/\/hoycordobaweb.com\/wp-content\/uploads\/2022\/04\/11-peinados-para-tu-look-de-invitada-con-los-que-lograras-verte-ideal-y-estar-de-diez-50.jpg 681w,http:\/\/hoycordobaweb.com\/wp-content\/uploads\/2022\/04\/11-peinados-para-tu-look-de-invitada-con-los-que-lograras-verte-ideal-y-estar-de-diez-51.jpg 1024w, http:\/\/hoycordobaweb.com\/wp-content\/uploads\/2022\/04\/11-peinados-para-tu-look-de-invitada-con-los-que-lograras-verte-ideal-y-estar-de-diez-52.jpg 1366w,\" data-sf-src=\"http:\/\/hoycordobaweb.com\/wp-content\/uploads\/2022\/04\/11-peinados-para-tu-look-de-invitada-con-los-que-lograras-verte-ideal-y-estar-de-diez-20.jpg\" alt=\"oui_novias\"> <noscript><img alt=\"oui_novias\" class=\"centro_sinmarco\" src=\"http:\/\/hoycordobaweb.com\/wp-content\/uploads\/2022\/04\/11-peinados-para-tu-look-de-invitada-con-los-que-lograras-verte-ideal-y-estar-de-diez-20.jpg\"><\/noscript> <\/div><\/div>\n<\/div>\n<p>Las melenas largas encuentran un peinado perfecto en este<strong> semi-recogido trenzado<\/strong>, que conjuga modernidad con matices rom\u00e1nticos, de ah\u00ed que el resultado sea tan especial. <a href=\"https:\/\/www.trendencias.com\/belleza\/siete-serums-capilares-que-dar-hidratacion-extra-a-tu-melena-necesidad-aclarado\">Aplicar previamente un s\u00e9rum<\/a>, ayudar\u00e1 a que el resultado sea tan brillante e hidratado.<\/p>\n<p><!-- BREAK 12 --><!-- PIVOT START --><\/p>\n<div class=\"pivot-ecommerce-container\">\n<div class=\"pivot-ecommerce\" readability=\"2.3389830508475\">\n<div class=\"pivot-ecommerce-figure\"> <img alt=\"Ziaja Arg\u00e1n Serum Capilar Suavizante 50 ml\" src=\"http:\/\/hoycordobaweb.com\/wp-content\/uploads\/2022\/04\/11-peinados-para-tu-look-de-invitada-con-los-que-lograras-verte-ideal-y-estar-de-diez-21.jpg\"> <\/div>\n<div class=\"pivot-ecommerce-summary\" readability=\"2.728813559322\">\n<p class=\"pivot-ecommerce-desc\">Ziaja Arg\u00e1n Serum Capilar Suavizante 50 ml<\/p>\n<\/p><\/div><\/div>\n<\/div>\n<p><!-- PIVOT END --><\/p>\n<p><em>Nota: algunos de los enlaces aqu\u00ed publicados son de afiliados. A pesar de ello, ninguno de los art\u00edculos mencionados han sido propuestos ni por las marcas ni por las tiendas, siendo su introducci\u00f3n una decisi\u00f3n \u00fanica del equipo de editores.<\/em><\/p>\n<p><!-- BREAK 13 --><\/p>\n<p>Fotos | <a href=\"https:\/\/www.instagram.com\/benskervin\/\">@benskervin<\/a>, <a href=\"https:\/\/www.instagram.com\/beyondtheponytail\/\">@beyondtheponytail<\/a>, <a href=\"https:\/\/www.instagram.com\/leletny\/\">@leletny<\/a>, <a href=\"https:\/\/www.instagram.com\/jenniferbehr\/\">@jenniferbehr<\/a>, <a href=\"https:\/\/www.instagram.com\/hairby.brittany\/\">@hairby.brittany<\/a>, <a href=\"https:\/\/www.instagram.com\/bobbyeliot\/\">@bobbyeliot<\/a>, <a href=\"https:\/\/www.instagram.com\/a.shtyrts\/\">@a.shtyrts<\/a>, <a href=\"https:\/\/www.instagram.com\/oui_novias\/\">@oui_novias<\/a><\/p>\n<p><!-- BREAK 14 --> <\/p>\n","protected":false},"excerpt":{"rendered":"<p>Puede que a estas alturas ya tengas alguna invitaci\u00f3n de boda u otra ceremonia, porque sin duda la primavera es el pistolezado de salida; y si hay algo que tiene mucha importancia para un look perfecto de invitada, ese es el peinado, y claro, entre tantas dudas quiz\u00e1s necesites algo de inspiraci\u00f3n, ya sean recogidos, [&hellip;]<\/p>\n","protected":false},"author":1,"featured_media":39555,"comment_status":"closed","ping_status":"closed","sticky":false,"template":"","format":"standard","meta":[],"categories":[1],"tags":[],"_links":{"self":[{"href":"http:\/\/hoycordobaweb.com\/index.php\/wp-json\/wp\/v2\/posts\/39554"}],"collection":[{"href":"http:\/\/hoycordobaweb.com\/index.php\/wp-json\/wp\/v2\/posts"}],"about":[{"href":"http:\/\/hoycordobaweb.com\/index.php\/wp-json\/wp\/v2\/types\/post"}],"author":[{"embeddable":true,"href":"http:\/\/hoycordobaweb.com\/index.php\/wp-json\/wp\/v2\/users\/1"}],"replies":[{"embeddable":true,"href":"http:\/\/hoycordobaweb.com\/index.php\/wp-json\/wp\/v2\/comments?post=39554"}],"version-history":[{"count":0,"href":"http:\/\/hoycordobaweb.com\/index.php\/wp-json\/wp\/v2\/posts\/39554\/revisions"}],"wp:featuredmedia":[{"embeddable":true,"href":"http:\/\/hoycordobaweb.com\/index.php\/wp-json\/wp\/v2\/media\/39555"}],"wp:attachment":[{"href":"http:\/\/hoycordobaweb.com\/index.php\/wp-json\/wp\/v2\/media?parent=39554"}],"wp:term":[{"taxonomy":"category","embeddable":true,"href":"http:\/\/hoycordobaweb.com\/index.php\/wp-json\/wp\/v2\/categories?post=39554"},{"taxonomy":"post_tag","embeddable":true,"href":"http:\/\/hoycordobaweb.com\/index.php\/wp-json\/wp\/v2\/tags?post=39554"}],"curies":[{"name":"wp","href":"https:\/\/api.w.org\/{rel}","templated":true}]}}