{"id":39532,"date":"2022-04-05T13:09:52","date_gmt":"2022-04-05T13:09:52","guid":{"rendered":"https:\/\/www.ole.com.ar\/huracan\/marcos-diaz-huracan-entrevista-kudelka_0_U4bLyF592y.html"},"modified":"2022-04-05T13:09:52","modified_gmt":"2022-04-05T13:09:52","slug":"la-confesion-de-marcos-diaz-en-ole-sobre-kudelka","status":"publish","type":"post","link":"http:\/\/hoycordobaweb.com\/index.php\/2022\/04\/05\/la-confesion-de-marcos-diaz-en-ole-sobre-kudelka\/","title":{"rendered":"La confesi\u00f3n de Marcos D\u00edaz en Ol\u00e9 sobre Kudelka"},"content":{"rendered":"<p><img src=\"http:\/\/hoycordobaweb.com\/wp-content\/uploads\/2022\/04\/la-confesion-de-marcos-diaz-en-ole-sobre-kudelka.jpg\"><\/p>\n<p>El segundo ciclo de<a alt=\"frank-dario-kudelka\" class=\"slug\" href=\"https:\/\/www.ole.com.ar\/tema\/frank-dario-kudelka.html\" target=\"_blank\" title=\"frank-dario-kudelka\" rel=\"noopener noreferrer\"> Frank Dar\u00edo Kudelka <\/a>en <a alt=\"huracan\" class=\"slug\" href=\"https:\/\/www.ole.com.ar\/tema\/huracan.html\" target=\"_blank\" title=\"huracan\" rel=\"noopener noreferrer\">Hurac\u00e1n<\/a>, que comenz\u00f3 en marzo del a\u00f1o pasado, fue de menor a mayor, tanto en resultados como en cuanto al juego del equipo. Es as\u00ed como el Globo pas\u00f3 de estar en el fondo de la tabla de los promedios a quedarse en la puerta de la <a alt=\"copa-sudamericana\" class=\"slug\" href=\"https:\/\/www.ole.com.ar\/tema\/copa-sudamericana.html\" target=\"_blank\" title=\"copa-sudamericana\" rel=\"noopener noreferrer\">Copa Sudamericana<\/a>, pr\u00f3xima a comenzar, y el entrenador pas\u00f3 de ser cuestionado por una parte de la hinchada quemera a ser casi indiscutido.<\/p>\n<div class=\"sp__SM\">\n<div class=\"content-new \">\n<span class=\"tit-mobile\">Mir\u00e1 tambi\u00e9n<\/span><\/p>\n<div class=\"mg\">\n<div class=\"wrap-figure\">\n<picture>\n<a href=\"https:\/\/www.ole.com.ar\/huracan\/marcos-diaz-entrevista-huracan-referente_0_Fku5Y5Tb3e.html\" target=\"_self\" rel=\"noopener noreferrer\"><br \/>\n<img class=\"img-responsive\" alt=\"Marcos D\u00edaz con Ol\u00e9: &quot;Este Hurac\u00e1n puede darle batalla a cualquiera&quot;\" src=\"http:\/\/hoycordobaweb.com\/wp-content\/uploads\/2022\/04\/la-confesion-de-marcos-diaz-en-ole-sobre-kudelka-2.jpg\" loading=\"lazy\"><br \/>\n<\/a>\n<\/picture>\n<\/div>\n<\/div><\/div>\n<\/div>\n<p>Por eso, las alarmas se encendieron en Parque Patricios cuando <a alt=\"talleres-de-cordoba\" class=\"slug\" href=\"https:\/\/www.ole.com.ar\/tema\/talleres-de-cordoba.html\" target=\"_blank\" title=\"talleres-de-cordoba\" rel=\"noopener noreferrer\">Talleres <\/a>debi\u00f3 salir a buscarle un reemplazante a <a alt=\"alexander-medina\" class=\"slug\" href=\"https:\/\/www.ole.com.ar\/tema\/alexander-medina.html\" target=\"_blank\" title=\"alexander-medina\" rel=\"noopener noreferrer\">Alexander Medina,<\/a> y el elegido por <a alt=\"andres-fassi\" class=\"slug\" href=\"https:\/\/www.ole.com.ar\/tema\/andres-fassi.html\" target=\"_blank\" title=\"andres-fassi\" rel=\"noopener noreferrer\">Andr\u00e9s Fassi<\/a>, que suele cumplirse los caprichos, fue nada menos que FDK.&nbsp;Claro, <strong>la relaci\u00f3n entre la T y Dar\u00edo es de un amor mutuo muy grande, ya que fue el DT de 60 a\u00f1os que devolvi\u00f3 al Matador a Primera Divisi\u00f3n luego de 12 a\u00f1os<\/strong>, en 2016.<\/p>\n<div class=\"sp__SM\">\n<div class=\"content-new \">\n<span class=\"tit-mobile\">Mir\u00e1 tambi\u00e9n<\/span><\/p>\n<div class=\"mg\">\n<div class=\"wrap-figure\">\n<picture>\n<a href=\"https:\/\/www.ole.com.ar\/huracan\/huracan-lesiones-tobio-hezze_0_VSbISpUeXb.html\" target=\"_self\" rel=\"noopener noreferrer\"><br \/>\n<img class=\"img-responsive\" alt=\"\u00bfC\u00f3mo est\u00e1n los lesionados Tobio y Hezze?\" src=\"http:\/\/hoycordobaweb.com\/wp-content\/uploads\/2022\/04\/la-confesion-de-marcos-diaz-en-ole-sobre-kudelka-3.jpg\" loading=\"lazy\"><br \/>\n<\/a>\n<\/picture>\n<\/div>\n<\/div><\/div>\n<\/div>\n<p>\u201cEntr\u00f3 la preocupaci\u00f3n de que por ah\u00ed se iba el cuerpo t\u00e9cnico y se desarmaba todo, era&nbsp;arrancar todo de vuelta, con poco tiempo y poco margen. <strong>La realidad es que rog\u00e1bamos para que se quedara, sobre todo por c\u00f3mo se daba este torneo que nos da la posibilidad de pelear.<\/strong>&nbsp;Y&nbsp;si \u00e9l se iba, iba a ser complicado. O no, nunca se sabe, pero \u00e9l ya ven\u00eda de un torneo, era un plantel que \u00e9l conoc\u00eda\u201d, revel\u00f3 <a alt=\"marcos-diaz\" class=\"slug\" href=\"https:\/\/www.ole.com.ar\/tema\/marcos-diaz.html\" target=\"_blank\" title=\"marcos-diaz\" rel=\"noopener noreferrer\">Marcos D\u00edaz,<\/a><a target=\"_blank\" href=\"https:\/\/www.ole.com.ar\/huracan\/marcos-diaz-entrevista-huracan-referente_0_Fku5Y5Tb3e.html\" rel=\"noopener noreferrer\"> en una extensa charla con Ol\u00e9.<\/a><\/p>\n<p>El capit\u00e1n, as\u00ed como todo el plantel, <a href=\"https:\/\/www.ole.com.ar\/huracan\/huracan-kudelka-globo-copalpf_0_stcF6lfZTu.html\" target=\"_blank\" rel=\"noopener noreferrer\">percib\u00eda la incertidumbre que el propio Kudelka luego admitir\u00eda, en lo que fue para \u00e9l \u00abuna situaci\u00f3n que me prob\u00f3 como persona\u00bb<\/a>. <strong>\u201cPor suerte se decidi\u00f3 por nosotros\u201d<\/strong>, desliz\u00f3 el arquero de 36 a\u00f1os. Y sin dudas, los jugadores fueron fieles al entrenador en un momento complicado del 2021 y esta vez el entrenador fue fiel al plantel, al club, a los hinchas y tambi\u00e9n a la dirigencia.<\/p>\n<div class=\"sp__Normal\">\n<div class=\"image-embeb image-trigger\" readability=\"6\">\n<picture><source media=\"(min-width: 720px)\" srcset=\"http:\/\/hoycordobaweb.com\/wp-content\/uploads\/2022\/04\/la-confesion-de-marcos-diaz-en-ole-sobre-kudelka-4.jpg\"><img itemprop=\"image\" src=\"http:\/\/hoycordobaweb.com\/wp-content\/uploads\/2022\/04\/la-confesion-de-marcos-diaz-en-ole-sobre-kudelka-4.jpg\" loading=\"lazy\" alt=\"El arquero fue designado capit\u00e1n por FDK (Luciano Thieberger).\">\n<\/picture><figcaption readability=\"2\">\n<p>El arquero fue designado capit\u00e1n por FDK (Luciano Thieberger).\n<\/p>\n<\/figcaption><\/div>\n<\/div>\n<div class=\"sp__SM\">\n<div class=\"content-new \">\n<span class=\"tit-mobile\">Mir\u00e1 tambi\u00e9n<\/span><\/p>\n<div class=\"mg\">\n<div class=\"wrap-figure\">\n<picture>\n<a href=\"https:\/\/www.ole.com.ar\/futbol-internacional\/libertadores\/alianza-lima-river-peru-cambio-sede_0_Or1J3sCor7.html\" target=\"_self\" rel=\"noopener noreferrer\"><br \/>\n<img class=\"img-responsive\" alt=\"Urgente: corre riesgo Alianza - River en Lima\" src=\"http:\/\/hoycordobaweb.com\/wp-content\/uploads\/2022\/04\/la-confesion-de-marcos-diaz-en-ole-sobre-kudelka-5.jpg\" loading=\"lazy\"><br \/>\n<\/a>\n<\/picture>\n<\/div>\n<\/div><\/div>\n<\/div>\n<h2><strong>La banca de Marcos D\u00edaz y Hurac\u00e1n a Kudelka<\/strong><\/h2>\n<p>\u201cLamentablemente los platos rotos siempre los paga el cuerpo t\u00e9cnico, cuando los mayores responsables muchas veces somos los jugadores, que somos los que hacemos las cosas bien o mal dentro de la cancha. El t\u00e9cnico te da herramientas y vos las ten\u00e9s que saber aprovechar. Despu\u00e9s, si est\u00e1 todo mal con el t\u00e9cnico bueno, ah\u00ed es otra cosa, pero ac\u00e1 no fue as\u00ed. <strong>Daba bronca que se le eche la culpa de todo a \u00e9l, y sab\u00edamos que la \u00fanica forma de respaldarlo era ganando. En el f\u00fatbol argentino ganar es lo \u00fanico\u201d,<\/strong> subray\u00f3 Marcos.<\/p>\n<div class=\"sp__SM\">\n<div class=\"content-new \">\n<span class=\"tit-mobile\">Mir\u00e1 tambi\u00e9n<\/span><\/p>\n<div class=\"mg\">\n<div class=\"wrap-figure\">\n<picture>\n<a href=\"https:\/\/www.ole.com.ar\/spotify\/ole-podcast-spotify-teo-gutierrez_0_MaVaCQ11K7.html\" target=\"_self\" rel=\"noopener noreferrer\"><br \/>\n<img class=\"img-responsive\" alt=\"El podcast de Ol\u00e9 en Spotify: Teo, el \u00faltimo provocador del f\u00fatbol argentino\" src=\"http:\/\/hoycordobaweb.com\/wp-content\/uploads\/2022\/04\/la-confesion-de-marcos-diaz-en-ole-sobre-kudelka-6.jpg\" loading=\"lazy\"><br \/>\n<\/a>\n<\/picture>\n<\/div>\n<\/div><\/div>\n<\/div>\n<p>Pero hubo un momento de quiebre: tras la derrota ante <a alt=\"club-atletico-independiente\" class=\"slug\" href=\"https:\/\/www.ole.com.ar\/tema\/club-atletico-independiente.html\" target=\"_blank\" title=\"club-atletico-independiente\" rel=\"noopener noreferrer\">Independiente<\/a>, el grupo se uni\u00f3 m\u00e1s que nunca y meti\u00f3 tres triunfos al hilo. El primero de ellos, contra <a alt=\"newells-old-boys\" class=\"slug\" href=\"https:\/\/www.ole.com.ar\/tema\/newells-old-boys.html\" target=\"_blank\" title=\"newells-old-boys\" rel=\"noopener noreferrer\">Newell&#8217;s<\/a> en Rosario, fue el envi\u00f3n de un Globo que volver\u00eda a volar alto, y que, aunque no logr\u00f3 cumplir el objetivo de entrar en Copas, dej\u00f3 bien sentadas las bases de lo que hoy es un <a alt=\"huracan\" class=\"slug\" href=\"https:\/\/www.ole.com.ar\/tema\/huracan.html\" target=\"_blank\" title=\"huracan\" rel=\"noopener noreferrer\">Hurac\u00e1n<\/a> que, <a href=\"https:\/\/www.ole.com.ar\/huracan\/marcos-diaz-entrevista-huracan-referente_0_Fku5Y5Tb3e.html\" target=\"_blank\" rel=\"noopener noreferrer\">desde la \u00f3ptica del capit\u00e1n, \u201cle puede dar batalla a cualquiera\u201d.<\/a><\/p>\n<div class=\"entry-tags\">\n<h2>TEMAS QUE APARECEN EN ESTA NOTA<\/h2>\n<\/p><\/div>\n","protected":false},"excerpt":{"rendered":"<p>El segundo ciclo de Frank Dar\u00edo Kudelka en Hurac\u00e1n, que comenz\u00f3 en marzo del a\u00f1o pasado, fue de menor a mayor, tanto en resultados como en cuanto al juego del equipo. Es as\u00ed como el Globo pas\u00f3 de estar en el fondo de la tabla de los promedios a quedarse en la puerta de la [&hellip;]<\/p>\n","protected":false},"author":1,"featured_media":39533,"comment_status":"open","ping_status":"closed","sticky":false,"template":"","format":"standard","meta":[],"categories":[16],"tags":[],"_links":{"self":[{"href":"http:\/\/hoycordobaweb.com\/index.php\/wp-json\/wp\/v2\/posts\/39532"}],"collection":[{"href":"http:\/\/hoycordobaweb.com\/index.php\/wp-json\/wp\/v2\/posts"}],"about":[{"href":"http:\/\/hoycordobaweb.com\/index.php\/wp-json\/wp\/v2\/types\/post"}],"author":[{"embeddable":true,"href":"http:\/\/hoycordobaweb.com\/index.php\/wp-json\/wp\/v2\/users\/1"}],"replies":[{"embeddable":true,"href":"http:\/\/hoycordobaweb.com\/index.php\/wp-json\/wp\/v2\/comments?post=39532"}],"version-history":[{"count":0,"href":"http:\/\/hoycordobaweb.com\/index.php\/wp-json\/wp\/v2\/posts\/39532\/revisions"}],"wp:featuredmedia":[{"embeddable":true,"href":"http:\/\/hoycordobaweb.com\/index.php\/wp-json\/wp\/v2\/media\/39533"}],"wp:attachment":[{"href":"http:\/\/hoycordobaweb.com\/index.php\/wp-json\/wp\/v2\/media?parent=39532"}],"wp:term":[{"taxonomy":"category","embeddable":true,"href":"http:\/\/hoycordobaweb.com\/index.php\/wp-json\/wp\/v2\/categories?post=39532"},{"taxonomy":"post_tag","embeddable":true,"href":"http:\/\/hoycordobaweb.com\/index.php\/wp-json\/wp\/v2\/tags?post=39532"}],"curies":[{"name":"wp","href":"https:\/\/api.w.org\/{rel}","templated":true}]}}