{"id":39522,"date":"2022-04-05T21:55:00","date_gmt":"2022-04-05T21:55:00","guid":{"rendered":"http:\/\/hoycordobaweb.com\/index.php\/2022\/04\/05\/tras-la-denuncia-de-masacre-mas-paises-de-europa-expulsan-a-diplomaticos-rusos\/"},"modified":"2022-04-05T21:55:00","modified_gmt":"2022-04-05T21:55:00","slug":"tras-la-denuncia-de-masacre-mas-paises-de-europa-expulsan-a-diplomaticos-rusos","status":"publish","type":"post","link":"http:\/\/hoycordobaweb.com\/index.php\/2022\/04\/05\/tras-la-denuncia-de-masacre-mas-paises-de-europa-expulsan-a-diplomaticos-rusos\/","title":{"rendered":"Tras la denuncia de masacre, m\u00e1s pa\u00edses de Europa expulsan a diplom\u00e1ticos rusos"},"content":{"rendered":"<p><img src=\"http:\/\/hoycordobaweb.com\/wp-content\/uploads\/2022\/04\/tras-la-denuncia-de-masacre-mas-paises-de-europa-expulsan-a-diplomaticos-rusos.jpg\"><\/p>\n<figure class=\"mb-3\"><img loading=\"lazy\" src=\"http:\/\/hoycordobaweb.com\/wp-content\/uploads\/2022\/04\/tras-la-denuncia-de-masacre-mas-paises-de-europa-expulsan-a-diplomaticos-rusos-2.jpg\" width=\"100%\" height=\"100%\" alt=\"Ucrania atribuye a Rusia la masacre de Bucha aunque sus tropas se fueron das antes de la aparicin de los cuerpos por las calles Foto AFP\"><figcaption> Ucrania atribuye a Rusia la masacre de Bucha, aunque sus tropas se fueron d\u00edas antes de la aparici\u00f3n de los cuerpos por las calles. Foto: AFP. <\/figcaption><\/figure>\n<p>M\u00e1s pa\u00edses de Europa anunciaron este martes expulsiones de diplom\u00e1ticos rusos acusados de espionaje y de trabajar contra los intereses nacionales, luego de que Ucrania denunciara masacres deliberadas de civiles de las que se acusa a fuerzas militares de Rusia, cuyo gobierno las niega de plano.<\/p>\n<p><strong>El jefe de la diplomacia de la Uni\u00f3n Europea (UE), Josep Borrell, anunci\u00f3 que fueron declarados \u00abpersona non grata\u00bb varios miembros de la representaci\u00f3n de Rusia ante la UE por \u00abactividades contrarias\u00bb a su estatuto de diplom\u00e1ticos<\/strong>, sin precisar ni el n\u00famero ni la fecha de su expulsi\u00f3n.<\/p>\n<p>Un d\u00eda despu\u00e9s de que Alemania y Francia expulsaran a m\u00e1s de 70 diplom\u00e1ticos rusos y Lituania al embajador de Rusia, la medida fue continuada por Italia, que temprano anunci\u00f3 el desplazamiento de otros 30 por razones de \u00abseguridad nacional\u00bb.<\/p>\n<p>El canciller italiano, <strong>Luigi Di Maio, dijo que eso \u00abha sido necesario por razones vinculadas a nuestra seguridad nacional y en el contexto de la situaci\u00f3n actual de crisis relacionada con la agresi\u00f3n injustificada de Ucrania por parte de la Federaci\u00f3n de Rusia\u00bb.<\/strong><\/p>\n<p>M\u00e1s tarde,<strong> Espa\u00f1a dio siete d\u00edas de plazo a los 25 diplom\u00e1ticos y personal de la Embajada de Rusia en Madrid para abandonar el pa\u00eds<\/strong>, despu\u00e9s de que el ministro de Asuntos Exteriores, Jos\u00e9 Manuel Albares, confirmara su expulsi\u00f3n alegando \u00abamenazas para los intereses de seguridad\u00bb.<\/p>\n<p>En paralelo, <strong>Portugal declar\u00f3 persona no grata a 10 empleados de la Embajada rusa en la capital Lisboa<\/strong>, consign\u00f3 la agencia de noticias Europa Press.<\/p>\n<p>Ante esta situaci\u00f3n, <strong>el Kremlin denunci\u00f3 \u00abla falta de visi\u00f3n\u00bb de Europa y anticip\u00f3 que responder\u00e1 con medidas similares.<\/strong><\/p>\n<p>Las expulsiones reducen \u00ablas posibilidades de comunicar en el \u00e1mbito diplom\u00e1tico en estas circunstancias dif\u00edciles\u00bb y <strong>\u00abva a complicar m\u00e1s\u00bb las relaciones entre Europa y Rusia, declar\u00f3 a la prensa el portavoz del Kremlin, Dmitri Peskov.<\/strong><\/p>\n<p><strong>\u00abY esto conllevar\u00e1 inevitablemente medidas de represalia\u00bb<\/strong>, a\u00f1adi\u00f3.<\/p>\n<figure class=\"mb-3\"><img loading=\"lazy\" src=\"http:\/\/hoycordobaweb.com\/wp-content\/uploads\/2022\/04\/tras-la-denuncia-de-masacre-mas-paises-de-europa-expulsan-a-diplomaticos-rusos-3.jpg\" width=\"100%\" height=\"100%\" alt=\"Foto AFP\"><figcaption> Foto: AFP. <\/figcaption><\/figure>\n<p><br open> Varios pa\u00edses occidentales manifestaron esta semana su repulsa tras denuncias del Gobierno ucraniano de matanzas de civiles por parte de tropas rusas en Bucha, una ciudad cercana a Kiev que Rusia ocup\u00f3 durante semanas.<\/p>\n<p><strong>Ucrania lanz\u00f3 sus acusaciones luego de que la agencia de noticias francesa AFP publicara fotos de muertos, al parecer civiles, tirados en calles de Bucha, que fueron tomadas hace dos d\u00edas durante una recorrida con el Ej\u00e9rcito ucraniano.<\/strong><\/p>\n<p><strong>Rusia rechaz\u00f3 las acusaciones y dijo que se trat\u00f3 de un \u00abmontaje\u00bb y una \u00abpuesta en escena\u00bb organizada por el Gobierno ucraniano \u00abpara los medios occidentales\u00bb <\/strong>y para denigrar la imagen de los soldados rusos.<\/p>\n<p><strong>Dinamarca tambi\u00e9n decidi\u00f3 expulsar a diplom\u00e1ticos rusos<\/strong>, 15 en este caso, acus\u00e1ndolos de ser \u00abagentes de inteligencia\u00bb que llevaron a cabo \u00abactividades de espionaje en suelo dan\u00e9s\u00bb, declar\u00f3 el jefe de la diplomacia danesa, Jeppe Kofod.<\/p>\n<p>Otro pa\u00eds escandinavo,<strong> Suecia, se sum\u00f3 a la medida y anunci\u00f3 la expulsi\u00f3n de tres diplom\u00e1ticos rusos.<\/strong><\/p>\n<p>La canciller sueca, Ann Linde, dijo que \u00abno es f\u00e1cil expulsar diplom\u00e1ticos, porque tambi\u00e9n implica consecuencias para nuestro personal diplom\u00e1tico en Rusia\u00bb, pero aun as\u00ed no descart\u00f3 que el Gobierno decida m\u00e1s despidos.<\/p>\n<p><strong>Letonia y Estonia anunciaron que cerrar\u00e1n misiones consulares de Rusia en dos ciudades, una de cada pa\u00eds, y que expulsar\u00e1n a un total de 27 diplom\u00e1ticos rusos<\/strong> que cumplen funciones en ambas naciones b\u00e1lticas.<\/p>\n<p>El 29 de marzo, <strong>B\u00e9lgica anunci\u00f3 la expulsi\u00f3n en 15 d\u00edas de 21 personas que trabajaban para la embajada y el consulado<\/strong> de Rusia, sospechosas de estar implicadas en \u00aboperaciones de espionaje e influencia que amenazan la seguridad nacional\u00bb.<\/p>\n<p><strong>Pa\u00edses Bajos y Polonia siguieron sus pasos y tambi\u00e9n expulsaron a decenas de diplom\u00e1ticos.<\/strong><\/p>\n<p>La invasi\u00f3n rusa de Ucrania, iniciada el 24 de febrero, representa el peor conflicto en d\u00e9cadas en Europa, y dej\u00f3 miles de muertos y m\u00e1s de 10 millones de refugiados o desplazados. <\/p>\n","protected":false},"excerpt":{"rendered":"<p>Ucrania atribuye a Rusia la masacre de Bucha, aunque sus tropas se fueron d\u00edas antes de la aparici\u00f3n de los cuerpos por las calles. Foto: AFP. M\u00e1s pa\u00edses de Europa anunciaron este martes expulsiones de diplom\u00e1ticos rusos acusados de espionaje y de trabajar contra los intereses nacionales, luego de que Ucrania denunciara masacres deliberadas de [&hellip;]<\/p>\n","protected":false},"author":1,"featured_media":39523,"comment_status":"open","ping_status":"closed","sticky":false,"template":"","format":"standard","meta":[],"categories":[24],"tags":[],"_links":{"self":[{"href":"http:\/\/hoycordobaweb.com\/index.php\/wp-json\/wp\/v2\/posts\/39522"}],"collection":[{"href":"http:\/\/hoycordobaweb.com\/index.php\/wp-json\/wp\/v2\/posts"}],"about":[{"href":"http:\/\/hoycordobaweb.com\/index.php\/wp-json\/wp\/v2\/types\/post"}],"author":[{"embeddable":true,"href":"http:\/\/hoycordobaweb.com\/index.php\/wp-json\/wp\/v2\/users\/1"}],"replies":[{"embeddable":true,"href":"http:\/\/hoycordobaweb.com\/index.php\/wp-json\/wp\/v2\/comments?post=39522"}],"version-history":[{"count":0,"href":"http:\/\/hoycordobaweb.com\/index.php\/wp-json\/wp\/v2\/posts\/39522\/revisions"}],"wp:featuredmedia":[{"embeddable":true,"href":"http:\/\/hoycordobaweb.com\/index.php\/wp-json\/wp\/v2\/media\/39523"}],"wp:attachment":[{"href":"http:\/\/hoycordobaweb.com\/index.php\/wp-json\/wp\/v2\/media?parent=39522"}],"wp:term":[{"taxonomy":"category","embeddable":true,"href":"http:\/\/hoycordobaweb.com\/index.php\/wp-json\/wp\/v2\/categories?post=39522"},{"taxonomy":"post_tag","embeddable":true,"href":"http:\/\/hoycordobaweb.com\/index.php\/wp-json\/wp\/v2\/tags?post=39522"}],"curies":[{"name":"wp","href":"https:\/\/api.w.org\/{rel}","templated":true}]}}