{"id":39517,"date":"2022-04-06T03:37:23","date_gmt":"2022-04-06T03:37:23","guid":{"rendered":"http:\/\/hoycordobaweb.com\/index.php\/2022\/04\/06\/un-argentino-ex-river-proximo-dt-de-chile-ole\/"},"modified":"2022-04-06T03:37:23","modified_gmt":"2022-04-06T03:37:23","slug":"un-argentino-ex-river-proximo-dt-de-chile-ole","status":"publish","type":"post","link":"http:\/\/hoycordobaweb.com\/index.php\/2022\/04\/06\/un-argentino-ex-river-proximo-dt-de-chile-ole\/","title":{"rendered":"\u00bfUn <b>argentino<\/b>, ex River, pr\u00f3ximo DT de Chile? &#8211; Ol\u00e9"},"content":{"rendered":"<p>&#8230; de <b>F\u00fatbol<\/b> Profesional decidiera no renovarle el contrato, aseguraron que arrancaron las negociaciones con un <b>argentino<\/b> que jug\u00f3 en River. <\/p>\n","protected":false},"excerpt":{"rendered":"<p>&#8230; de F\u00fatbol Profesional decidiera no renovarle el contrato, aseguraron que arrancaron las negociaciones con un argentino que jug\u00f3 en River.<\/p>\n","protected":false},"author":1,"featured_media":0,"comment_status":"closed","ping_status":"closed","sticky":false,"template":"","format":"standard","meta":[],"categories":[22],"tags":[],"_links":{"self":[{"href":"http:\/\/hoycordobaweb.com\/index.php\/wp-json\/wp\/v2\/posts\/39517"}],"collection":[{"href":"http:\/\/hoycordobaweb.com\/index.php\/wp-json\/wp\/v2\/posts"}],"about":[{"href":"http:\/\/hoycordobaweb.com\/index.php\/wp-json\/wp\/v2\/types\/post"}],"author":[{"embeddable":true,"href":"http:\/\/hoycordobaweb.com\/index.php\/wp-json\/wp\/v2\/users\/1"}],"replies":[{"embeddable":true,"href":"http:\/\/hoycordobaweb.com\/index.php\/wp-json\/wp\/v2\/comments?post=39517"}],"version-history":[{"count":0,"href":"http:\/\/hoycordobaweb.com\/index.php\/wp-json\/wp\/v2\/posts\/39517\/revisions"}],"wp:attachment":[{"href":"http:\/\/hoycordobaweb.com\/index.php\/wp-json\/wp\/v2\/media?parent=39517"}],"wp:term":[{"taxonomy":"category","embeddable":true,"href":"http:\/\/hoycordobaweb.com\/index.php\/wp-json\/wp\/v2\/categories?post=39517"},{"taxonomy":"post_tag","embeddable":true,"href":"http:\/\/hoycordobaweb.com\/index.php\/wp-json\/wp\/v2\/tags?post=39517"}],"curies":[{"name":"wp","href":"https:\/\/api.w.org\/{rel}","templated":true}]}}