{"id":39464,"date":"2022-04-03T22:30:00","date_gmt":"2022-04-03T22:30:00","guid":{"rendered":"https:\/\/fm-comunicar.com.ar\/contenido\/19079\/el-testimonio-de-una-de-las-victimas-del-violento-asalto-comando-a-una-familia-c"},"modified":"2022-04-03T22:30:00","modified_gmt":"2022-04-03T22:30:00","slug":"el-testimonio-de-una-de-las-victimas-del-violento-asalto-comando-a-una-familia-caroyense","status":"publish","type":"post","link":"http:\/\/hoycordobaweb.com\/index.php\/2022\/04\/03\/el-testimonio-de-una-de-las-victimas-del-violento-asalto-comando-a-una-familia-caroyense\/","title":{"rendered":"El testimonio de una de las v\u00edctimas del violento asalto comando a una familia caroyense"},"content":{"rendered":"<p>Encapuchados y armados, cinco delincuentes entraron en la noche del s\u00e1bado a una casa de calle 42 y 27. Al due\u00f1o de casa lo raptaron y lo abandonaron cerca de Gui\u00f1az\u00fa.<img src=\"http:\/\/hoycordobaweb.com\/wp-content\/uploads\/2022\/04\/el-testimonio-de-una-de-las-victimas-del-violento-asalto-comando-a-una-familia-caroyense.jpg\"><\/p>\n","protected":false},"excerpt":{"rendered":"<p>Encapuchados y armados, cinco delincuentes entraron en la noche del s\u00e1bado a una casa de calle 42 y 27. Al due\u00f1o de casa lo raptaron y lo abandonaron cerca de Gui\u00f1az\u00fa.<\/p>\n","protected":false},"author":1,"featured_media":39465,"comment_status":"closed","ping_status":"closed","sticky":false,"template":"","format":"standard","meta":[],"categories":[18],"tags":[],"_links":{"self":[{"href":"http:\/\/hoycordobaweb.com\/index.php\/wp-json\/wp\/v2\/posts\/39464"}],"collection":[{"href":"http:\/\/hoycordobaweb.com\/index.php\/wp-json\/wp\/v2\/posts"}],"about":[{"href":"http:\/\/hoycordobaweb.com\/index.php\/wp-json\/wp\/v2\/types\/post"}],"author":[{"embeddable":true,"href":"http:\/\/hoycordobaweb.com\/index.php\/wp-json\/wp\/v2\/users\/1"}],"replies":[{"embeddable":true,"href":"http:\/\/hoycordobaweb.com\/index.php\/wp-json\/wp\/v2\/comments?post=39464"}],"version-history":[{"count":0,"href":"http:\/\/hoycordobaweb.com\/index.php\/wp-json\/wp\/v2\/posts\/39464\/revisions"}],"wp:featuredmedia":[{"embeddable":true,"href":"http:\/\/hoycordobaweb.com\/index.php\/wp-json\/wp\/v2\/media\/39465"}],"wp:attachment":[{"href":"http:\/\/hoycordobaweb.com\/index.php\/wp-json\/wp\/v2\/media?parent=39464"}],"wp:term":[{"taxonomy":"category","embeddable":true,"href":"http:\/\/hoycordobaweb.com\/index.php\/wp-json\/wp\/v2\/categories?post=39464"},{"taxonomy":"post_tag","embeddable":true,"href":"http:\/\/hoycordobaweb.com\/index.php\/wp-json\/wp\/v2\/tags?post=39464"}],"curies":[{"name":"wp","href":"https:\/\/api.w.org\/{rel}","templated":true}]}}