{"id":39441,"date":"2022-04-03T12:36:19","date_gmt":"2022-04-03T12:36:19","guid":{"rendered":"https:\/\/www.mujerhoy.com\/moda\/tendencias\/vestido-cruzado-barato-primark-color-azul-favorito-royals-reina-letizia-20220403143419-nt.html"},"modified":"2022-04-03T12:36:19","modified_gmt":"2022-04-03T12:36:19","slug":"el-color-favorito-de-las-royals-que-puedes-llevar-en-tu-proxima-boda-con-este-vestido-muy-low-cost-de-primark","status":"publish","type":"post","link":"http:\/\/hoycordobaweb.com\/index.php\/2022\/04\/03\/el-color-favorito-de-las-royals-que-puedes-llevar-en-tu-proxima-boda-con-este-vestido-muy-low-cost-de-primark\/","title":{"rendered":"El color favorito de las royals que puedes llevar en tu pr\u00f3xima boda con este vestido muy low cost de Primark"},"content":{"rendered":"<p><!-- AUTHOR --><!-- COMPONENTS --><\/p>\n<p class=\"voc-paragraph\">Ahora que llega la temporada de bodas toca elegir qu\u00e9 vestido nos pondremos. Por suerte, hay muchas opciones: desde <a data-voc-vtm-id=\"in-text-traffic\" href=\"https:\/\/www.mujerhoy.com\/moda\/no-te-pierdas\/vestido-bicolor-mango-favorecedor-tendencias-invitadas-looks-20220330135928-nt.html\">vestidos bicolor<\/a> que no hace falta ni ir a tienda para prob\u00e1rselos porque sienta de maravilla, hasta <a data-voc-vtm-id=\"in-text-traffic\" href=\"https:\/\/www.mujerhoy.com\/moda\/tendencias\/vestido-rosa-fucsia-zara-invitada-bodas-bordados-20220331141639-nt.html\">vestidos en color fucsia<\/a> y f\u00e1ciles de seguir llevando en verano. Eso s\u00ed, cuando hay mucha duda, y seguimos sin decidirnos, es mejor apostar por el color (casi) oficial de las royals: <strong>el azul<\/strong>. <\/p>\n<p class=\"voc-paragraph\">Da igual los a\u00f1os que pasen que las royals siguen apostando por el color azul para la mayor\u00eda de sus apariciones. Una boda, un bautizo, o simplemente una conferencia. El azul es un color con el que las royals se sienten muy c\u00f3modas. Desde <strong>Kate Middleton<\/strong>, pasando por <strong>M\u00e1xima de Holanda, Rania de Jordania, Victoria de Suecia o hasta la Reina Letizia<\/strong>. Incluso hace poco ve\u00edamos a <a data-voc-vtm-id=\"in-text-traffic\" href=\"https:\/\/www.mujerhoy.com\/moda\/tendencias\/sassa-de-osma-conjunto-vaquero-azul-zara-truco-royals-denim-elegante-20220323141030-nt.html\">Sassa de Osma con un total look en color azul.<\/a> Vamos, que est\u00e1 bastante claro, que el azul es un tono que triunfa entre las royals y siempre sienta bien. <\/p>\n<div class=\"voc-detail-photo-zoom\"><picture data-toggle=\"modal\" data-target=\"#photoZoomModal-776\" target=\"modal\">\n<div class=\"voc-img-icon-link\"><img loading=\"lazy\" data-original=\"\/\/static2.mujerhoy.com\/www\/multimedia\/202204\/01\/media\/cortadas\/letizia-ortiz-vestido-azul-kpeG--460x637@MujerHoy.jpg\" class=\"lazy\"><noscript><img src=\"http:\/\/hoycordobaweb.com\/wp-content\/uploads\/2022\/04\/el-color-favorito-de-las-royals-que-puedes-llevar-en-tu-proxima-boda-con-este-vestido-muy-low-cost-de-primark.jpg\"><\/noscript><i class=\"voc-icons zoom voc-multimedia-box voc-ico-l\"><\/i><\/div><figcaption class=\"figure-caption\"><\/figcaption><\/picture><\/div>\n<div id=\"photoZoomModal-776\" class=\"voc-lightbox modal fade voc-lightbox--photo-zoom\" role=\"dialog\" data-voc-photozoom-lightbox>\n<div class=\"voc-lightbox__dialog\" role=\"document\">\n<div class=\"voc-lightbox__content\"><!-- Modal header --><!-- Modal content --><\/p>\n<div class=\"voc-lightbox__photo-container\"><picture class><img loading=\"lazy\" data-original=\"\/\/static2.mujerhoy.com\/www\/multimedia\/202204\/01\/media\/cortadas\/letizia-ortiz-vestido-azul-kpeG--460x637@MujerHoy.jpg\" class=\"lazy\"><noscript><img src=\"http:\/\/hoycordobaweb.com\/wp-content\/uploads\/2022\/04\/el-color-favorito-de-las-royals-que-puedes-llevar-en-tu-proxima-boda-con-este-vestido-muy-low-cost-de-primark.jpg\"><\/noscript><\/picture><\/div>\n<\/div>\n<\/div>\n<\/div>\n<p class=\"voc-paragraph\">Ante la duda, siempre confiar en el azul para una boda. El azul, al final, es tono que aporta paz, calidez al rostro y elegancia. Otra de <strong>las ventajas del azul es que puede usarse en todas las bodas.<\/strong> Da igual que sea una boda de invierno, como de primavera o verano, que el azul siempre queda bien. Es un tono que aporta paz y serenidad. <\/p>\n<p class=\"voc-paragraph\">Si te gusta este color, est\u00e1s de suerte porque en <strong>Primark<\/strong> han lanzado nueva colecci\u00f3n, y entre sus novedades hay un vestido ideal en azul. Se trata de un <strong>vestido midi en azul con un dise\u00f1o cruzado<\/strong>. Es un vestido muy favorecedor con manga corta y volantes en la zona de la abertura. Pero es no es todo. \u00bfLo mejor? \u00a1Su precio! Cuesta tan solo <strong>22 euros.<\/strong> Si quieres saber d\u00f3nde encontrarlo en la web de Primark te dan la opci\u00f3n de buscar tu tienda m\u00e1s cercana. <\/p>\n<div class=\"voc-detail__cmp\">\n<div class=\"voc-article-container\">\n<article class=\"voc-article voc-article--cmp-photo-text\">\n<div class=\"voc-img-container\"><picture>\n<div class=\"voc-horizontal voc-img-icon-link\"><img class=\"lazy\" loading=\"lazy\" data-original=\"\/\/static1.mujerhoy.com\/www\/multimedia\/202204\/01\/media\/cortadas\/vestido-primark-azul-kpeG--624x624@MujerHoy.jpeg\" alt><\/div>\n<\/picture><\/div>\n<\/article>\n<\/div>\n<\/div>\n<p class=\"voc-paragraph\">Para combinar este vestido en azul, te proponemos unos zapatos de tac\u00f3n c\u00f3modo en blanco. As\u00ed le dar\u00e1s un toque original al look, e ir\u00e1s algo m\u00e1s confortable. Son <strong>unas sandalias de tac\u00f3n con tiras de Mango (29,99 euros)<\/strong>. Cuenta con un tac\u00f3n cuadrado de 5 cm y tiras f\u00e1ciles de anudar al tobillo. <\/p>\n<div class=\"voc-detail__cmp\">\n<div class=\"voc-article-container\">\n<article class=\"voc-article voc-article--cmp-photo-text\">\n<div class=\"voc-img-container\"><picture>\n<div class=\"voc-horizontal voc-img-icon-link\"><img class=\"lazy\" loading=\"lazy\" data-original=\"\/\/static.mujerhoy.com\/www\/multimedia\/202204\/01\/media\/cortadas\/sandalias-tacon-mango-kpeG--624x624@MujerHoy.jpg\" alt><\/div>\n<\/picture><\/div>\n<\/article>\n<\/div>\n<\/div>\n<div class=\"voc-detail__cmp voc-detail__cmp--pad-lr voc-detail__cmp--pad-lr--bdr\">\n<div class=\"voc-ficha-detail__wrapper\">\n<section class=\"voc-ficha-detail\">\n<h4 class=\"voc-ficha-detail-title voc-title-section\">Te recomendamos<\/h4>\n<\/section>\n<\/div>\n<\/div>\n<p><!-- TOPICS --><\/p>\n","protected":false},"excerpt":{"rendered":"<p>Ahora que llega la temporada de bodas toca elegir qu\u00e9 vestido nos pondremos. Por suerte, hay muchas opciones: desde vestidos bicolor que no hace falta ni ir a tienda para prob\u00e1rselos porque sienta de maravilla, hasta vestidos en color fucsia y f\u00e1ciles de seguir llevando en verano. Eso s\u00ed, cuando hay mucha duda, y seguimos [&hellip;]<\/p>\n","protected":false},"author":1,"featured_media":39442,"comment_status":"closed","ping_status":"closed","sticky":false,"template":"","format":"standard","meta":[],"categories":[1],"tags":[],"_links":{"self":[{"href":"http:\/\/hoycordobaweb.com\/index.php\/wp-json\/wp\/v2\/posts\/39441"}],"collection":[{"href":"http:\/\/hoycordobaweb.com\/index.php\/wp-json\/wp\/v2\/posts"}],"about":[{"href":"http:\/\/hoycordobaweb.com\/index.php\/wp-json\/wp\/v2\/types\/post"}],"author":[{"embeddable":true,"href":"http:\/\/hoycordobaweb.com\/index.php\/wp-json\/wp\/v2\/users\/1"}],"replies":[{"embeddable":true,"href":"http:\/\/hoycordobaweb.com\/index.php\/wp-json\/wp\/v2\/comments?post=39441"}],"version-history":[{"count":0,"href":"http:\/\/hoycordobaweb.com\/index.php\/wp-json\/wp\/v2\/posts\/39441\/revisions"}],"wp:featuredmedia":[{"embeddable":true,"href":"http:\/\/hoycordobaweb.com\/index.php\/wp-json\/wp\/v2\/media\/39442"}],"wp:attachment":[{"href":"http:\/\/hoycordobaweb.com\/index.php\/wp-json\/wp\/v2\/media?parent=39441"}],"wp:term":[{"taxonomy":"category","embeddable":true,"href":"http:\/\/hoycordobaweb.com\/index.php\/wp-json\/wp\/v2\/categories?post=39441"},{"taxonomy":"post_tag","embeddable":true,"href":"http:\/\/hoycordobaweb.com\/index.php\/wp-json\/wp\/v2\/tags?post=39441"}],"curies":[{"name":"wp","href":"https:\/\/api.w.org\/{rel}","templated":true}]}}