{"id":39435,"date":"2022-04-04T00:58:45","date_gmt":"2022-04-04T00:58:45","guid":{"rendered":"https:\/\/www.ole.com.ar\/futbol-internacional\/romero-vojvoda-campeones-fortaleza_0_D7ee9Oa0rl.html"},"modified":"2022-04-04T00:58:45","modified_gmt":"2022-04-04T00:58:45","slug":"vojvoda-y-romero-campeones-con-fortaleza","status":"publish","type":"post","link":"http:\/\/hoycordobaweb.com\/index.php\/2022\/04\/04\/vojvoda-y-romero-campeones-con-fortaleza\/","title":{"rendered":"Vojvoda y Romero campeones con Fortaleza"},"content":{"rendered":"<p><img src=\"http:\/\/hoycordobaweb.com\/wp-content\/uploads\/2022\/04\/vojvoda-y-romero-campeones-con-fortaleza.jpg\"><\/p>\n<p><strong><a alt=\"silvio-romero\" class=\"slug\" href=\"https:\/\/www.ole.com.ar\/tema\/silvio-romero.html\" target=\"_blank\" title=\"silvio-romero\" rel=\"noopener noreferrer\">Silvio Romero<\/a> festej\u00f3 su primer t\u00edtulo en Brasil:<\/strong> el ex delantero de Lan\u00fas e Independiente <strong>gan\u00f3 la Copa del Nordeste con Fortaleza<\/strong>, el equipo que dirige <a alt=\"juan-pablo-vojvoda\" class=\"slug\" href=\"https:\/\/www.ole.com.ar\/tema\/juan-pablo-vojvoda.html\" target=\"_blank\" title=\"juan-pablo-vojvoda\" rel=\"noopener noreferrer\">Juan Pablo Vojvoda<\/a>: 1 a 0 a Sport en la final en el estadio Arena Castel\u00e3o, que estuvo colmado con 63.000 personas que deliraron que el festejo.<\/p>\n<p>El gol fue de Pikachu, de penal, en el minuto 47 del primer tiempo. Al rival le anularon un penal por VAR.&nbsp;<\/p>\n<div class=\"sp__Normal\">\n<div class=\"image-embeb image-trigger\" readability=\"6\">\n<picture><source media=\"(min-width: 720px)\" srcset=\"http:\/\/hoycordobaweb.com\/wp-content\/uploads\/2022\/04\/vojvoda-y-romero-campeones-con-fortaleza-2.jpg\"><img itemprop=\"image\" src=\"http:\/\/hoycordobaweb.com\/wp-content\/uploads\/2022\/04\/vojvoda-y-romero-campeones-con-fortaleza-2.jpg\" loading=\"lazy\" alt=\"El festejo de Pikachu para Fortaleza.\">\n<\/picture><figcaption readability=\"2\">\n<p>El festejo de Pikachu para Fortaleza.\n<\/p>\n<\/figcaption><\/div>\n<\/div>\n<p>Para el entrenador fue su segundo t\u00edtulo en el club, ya que en 2021 hab\u00eda ganado el torneo Cearense: el DT le dio ingreso a Romero en el segundo tiempo.<\/p>\n<div class=\"sp__SM\">\n<div class=\"content-new \">\n<span class=\"tit-mobile\">Mir\u00e1 tambi\u00e9n<\/span><\/p>\n<div class=\"mg\">\n<div class=\"wrap-figure\">\n<picture>\n<a href=\"https:\/\/www.ole.com.ar\/futbol-internacional\/francia\/mbappe-messi-psg-jugar-elogios_0_Y3UgIanzcf.html\" target=\"_self\" rel=\"noopener noreferrer\"><br \/>\n<img class=\"img-responsive\" alt=\"Mbapp\u00e9: grandes elogios a Messi y una revelaci\u00f3n sobre su futuro\" src=\"http:\/\/hoycordobaweb.com\/wp-content\/uploads\/2022\/04\/vojvoda-y-romero-campeones-con-fortaleza-3.jpg\" loading=\"lazy\"><br \/>\n<\/a>\n<\/picture>\n<\/div>\n<\/div><\/div>\n<\/div>\n<p>El partido fue tenso hasta el final: se cort\u00f3 la luz a los 45 ST, por lo que hubo que esperar para jugar el tiempo adicionado. Adem\u00e1s, en un contraataque a favor del Sport, alguien tir\u00f3 una pelota dentro de la cancha, reaccionaron en el cuerpo t\u00e9cnico y un ayudante le tir\u00f3 una toalla en la cara a un asistente de Vojvoda, por lo que se arm\u00f3 una trifulca con empujones e insultos.<\/p>\n<div class=\"sp__Normal\">\n<div class=\"image-embeb image-trigger\" readability=\"6\">\n<picture><source media=\"(min-width: 720px)\" srcset=\"http:\/\/hoycordobaweb.com\/wp-content\/uploads\/2022\/04\/vojvoda-y-romero-campeones-con-fortaleza-4.jpg\"><img itemprop=\"image\" src=\"http:\/\/hoycordobaweb.com\/wp-content\/uploads\/2022\/04\/vojvoda-y-romero-campeones-con-fortaleza-4.jpg\" loading=\"lazy\" alt=\"El festejo de los jugadores de Fortaleza.\">\n<\/picture><figcaption readability=\"2\">\n<p>El festejo de los jugadores de Fortaleza.\n<\/p>\n<\/figcaption><\/div>\n<\/div>\n<div class=\"sp__Normal\">\n<div class=\"image-embeb image-trigger\" readability=\"6\">\n<picture><source media=\"(min-width: 720px)\" srcset=\"http:\/\/hoycordobaweb.com\/wp-content\/uploads\/2022\/04\/vojvoda-y-romero-campeones-con-fortaleza-5.jpg\"><img itemprop=\"image\" src=\"http:\/\/hoycordobaweb.com\/wp-content\/uploads\/2022\/04\/vojvoda-y-romero-campeones-con-fortaleza-5.jpg\" loading=\"lazy\" alt=\"Vojvoda festeja en Fortaleza.\">\n<\/picture><figcaption readability=\"2\">\n<p>Vojvoda festeja en Fortaleza.\n<\/p>\n<\/figcaption><\/div>\n<\/div>\n<div class=\"sp__SM\">\n<div class=\"content-new \">\n<span class=\"tit-mobile\">Mir\u00e1 tambi\u00e9n<\/span><\/p>\n<div class=\"mg\">\n<div class=\"wrap-figure\">\n<picture>\n<a href=\"https:\/\/www.ole.com.ar\/futbol-internacional\/atajada-ano-bundesliga_0_Yt0LZVjnvr.html\" target=\"_self\" rel=\"noopener noreferrer\"><br \/>\n<img class=\"img-responsive\" alt=\"Video: la atajada del a\u00f1o en la Bundesliga\" src=\"http:\/\/hoycordobaweb.com\/wp-content\/uploads\/2022\/04\/vojvoda-y-romero-campeones-con-fortaleza-6.jpg\" loading=\"lazy\"><br \/>\n<\/a>\n<\/picture>\n<\/div>\n<\/div><\/div>\n<\/div>\n<div class=\"entry-tags\">\n<h2>TEMAS QUE APARECEN EN ESTA NOTA<\/h2>\n<\/p><\/div>\n","protected":false},"excerpt":{"rendered":"<p>Silvio Romero festej\u00f3 su primer t\u00edtulo en Brasil: el ex delantero de Lan\u00fas e Independiente gan\u00f3 la Copa del Nordeste con Fortaleza, el equipo que dirige Juan Pablo Vojvoda: 1 a 0 a Sport en la final en el estadio Arena Castel\u00e3o, que estuvo colmado con 63.000 personas que deliraron que el festejo. El gol [&hellip;]<\/p>\n","protected":false},"author":1,"featured_media":39436,"comment_status":"open","ping_status":"closed","sticky":false,"template":"","format":"standard","meta":[],"categories":[16],"tags":[],"_links":{"self":[{"href":"http:\/\/hoycordobaweb.com\/index.php\/wp-json\/wp\/v2\/posts\/39435"}],"collection":[{"href":"http:\/\/hoycordobaweb.com\/index.php\/wp-json\/wp\/v2\/posts"}],"about":[{"href":"http:\/\/hoycordobaweb.com\/index.php\/wp-json\/wp\/v2\/types\/post"}],"author":[{"embeddable":true,"href":"http:\/\/hoycordobaweb.com\/index.php\/wp-json\/wp\/v2\/users\/1"}],"replies":[{"embeddable":true,"href":"http:\/\/hoycordobaweb.com\/index.php\/wp-json\/wp\/v2\/comments?post=39435"}],"version-history":[{"count":0,"href":"http:\/\/hoycordobaweb.com\/index.php\/wp-json\/wp\/v2\/posts\/39435\/revisions"}],"wp:featuredmedia":[{"embeddable":true,"href":"http:\/\/hoycordobaweb.com\/index.php\/wp-json\/wp\/v2\/media\/39436"}],"wp:attachment":[{"href":"http:\/\/hoycordobaweb.com\/index.php\/wp-json\/wp\/v2\/media?parent=39435"}],"wp:term":[{"taxonomy":"category","embeddable":true,"href":"http:\/\/hoycordobaweb.com\/index.php\/wp-json\/wp\/v2\/categories?post=39435"},{"taxonomy":"post_tag","embeddable":true,"href":"http:\/\/hoycordobaweb.com\/index.php\/wp-json\/wp\/v2\/tags?post=39435"}],"curies":[{"name":"wp","href":"https:\/\/api.w.org\/{rel}","templated":true}]}}