{"id":39423,"date":"2022-04-03T23:29:44","date_gmt":"2022-04-03T23:29:44","guid":{"rendered":"https:\/\/ladecimaweb.com\/?p=13089"},"modified":"2022-04-03T23:29:44","modified_gmt":"2022-04-03T23:29:44","slug":"economista-afirma-que-la-guerra-contra-la-inflacion-la-van-ganando-los-precios","status":"publish","type":"post","link":"http:\/\/hoycordobaweb.com\/index.php\/2022\/04\/03\/economista-afirma-que-la-guerra-contra-la-inflacion-la-van-ganando-los-precios\/","title":{"rendered":"Economista afirma que \u201cla guerra contra la inflaci\u00f3n la van ganando los precios\u201d"},"content":{"rendered":"<div class=\"boldgrid-section\">\n<div class=\"container\">\n<div class=\"row\">\n<div class=\"col-md-12 col-xs-12 col-sm-12\">\n<p class=\"\"><em>(Noticias Argentinas)<\/em> La economista de la Universidad CEMA,<span>&nbsp;<\/span><strong>Diana Mondino,<\/strong><span>&nbsp;<\/span>expres\u00f3 su visi\u00f3n de la pelea que anunci\u00f3 el Gobierno frente al alza creciente del \u00cdndice de Precios al Consumidor (IPC) asegurando que<span>&nbsp;<\/span><strong>\u201cla guerra contra la inflaci\u00f3n la van ganando los precios\u201d<\/strong>, ya que<span>&nbsp;<\/span><strong>\u201chasta ahora no hay nada que indique que los precios pueden dejar de subir\u201d.<\/strong><\/p>\n<p>En di\u00e1logo con<em><span>&nbsp;<\/span>Si pasa, pasa<\/em>, por Radio Rivadavia, Mondino se\u00f1al\u00f3 que a su entender, entre otras tantas causas,<strong><span>&nbsp;<\/span>\u201cla explicaci\u00f3n principal de la inflaci\u00f3n es el aumento del gasto p\u00fablico. El Gobierno emite m\u00e1s y m\u00e1s dinero, pero no hay m\u00e1s producci\u00f3n, por lo que no hay m\u00e1s cosas para comprar\u201d,<\/strong><span>&nbsp;<\/span>es decir que \u201chay m\u00e1s billetes para comprar la misma cantidad de cosas que antes\u201d. Adem\u00e1s considero que \u201ces dif\u00edcil que pueda aumentar la producci\u00f3n, cuando se ponen prohibiciones, regulaciones o precios m\u00e1ximos\u201d.<\/p>\n<p>Con respecto a la energ\u00eda y el costo que representa para los usuarios, indic\u00f3 que<span>&nbsp;<\/span><strong>\u201cvamos a tener que pagar mucho m\u00e1s por las tarifas, porque lo mismo no va a alcanzar\u201d<\/strong><span>&nbsp;<\/span>y en relaci\u00f3n a los subsidios asegur\u00f3 que \u201cse otorgan de una manera bastante oscura, poco transparente, sin seguimiento, entonces a qui\u00e9n le toca y cu\u00e1ndo pasa a ser una cuesti\u00f3n de discrecionalidad\u201d.<\/p>\n<p class=\"\">En el marco de la guerra en Ucrania y los efectos que pueda causar en el normal abastecimiento del servicio en el pa\u00eds, Mondino expres\u00f3 que \u201clo que deber\u00eda haber ocurrido es que el Gobierno se prepare y sino est\u00e1 preparado que empiece a fomentar la producci\u00f3n. Pero eso no est\u00e1 pasando\u201d.<\/p>\n<p class=\"\">Al referirse a la cuesti\u00f3n de la dolarizaci\u00f3n, planteada por Javier Milei, aseguro que \u201cimplica much\u00edsimos cambios adicionales, porque magia no se puede,<span>&nbsp;<\/span><strong>no podes dolarizar de un minuto para otro\u201d<\/strong><span>&nbsp;<\/span>y a\u00f1adi\u00f3 que \u201cte obliga a hacer todos los cambios necesarios para que Argentina no tenga m\u00e1s d\u00e9ficit y para que el pa\u00eds empiece a ser una econom\u00eda m\u00e1s flexible, donde puedas cambiar\u201d.<\/p>\n<p class=\"\">Por \u00faltimo, consider\u00f3 que<span>&nbsp;<\/span><strong>\u201cno puede haber una soluci\u00f3n mesi\u00e1nica, no se puede decir que en cinco a\u00f1os esto estar\u00e1 arreglado\u201d<\/strong><span>&nbsp;<\/span>y explic\u00f3 que \u201cning\u00fan pa\u00eds del mundo ha solucionado completamente la pobreza o logro evitar totalmente las recesiones, pero tienen herramientas para aliviarla, nosotros lo que hacemos es empeorarla\u201d.<\/p>\n<div class=\"ubm_banner\"><a href=\"https:\/\/www.cba.gov.ar\/10-https:\/\/www.cba.gov.ar\/10-mil-viviendas\/?csrt=8333084810548506306\" target=\"_blank\" rel=\"dofollow noopener noreferrer\"><img src=\"http:\/\/hoycordobaweb.com\/wp-content\/uploads\/2022\/04\/economista-afirma-que-la-guerra-contra-la-inflacion-la-van-ganando-los-precios.gif\" alt=\"\"><\/a><\/div>\n<\/div>\n<\/div>\n<\/div>\n<\/div>\n<p>La entrada <a rel=\"nofollow\" href=\"https:\/\/ladecimaweb.com\/economista-afirma-que-la-guerra-contra-la-inflacion-la-van-ganando-los-precios\/\">Economista afirma que \u201cla guerra contra la inflaci\u00f3n la van ganando los precios\u201d<\/a> se public\u00f3 primero en <a rel=\"nofollow\" href=\"https:\/\/ladecimaweb.com\">LaDecima<\/a>.<\/p>\n","protected":false},"excerpt":{"rendered":"<p>(Noticias Argentinas) La economista de la Universidad CEMA,&nbsp;Diana Mondino,&nbsp;expres\u00f3 su visi\u00f3n de la pelea que anunci\u00f3 el Gobierno frente al alza creciente del \u00cdndice de Precios al Consumidor (IPC) asegurando que&nbsp;\u201cla guerra contra la inflaci\u00f3n la van ganando los precios\u201d, ya que&nbsp;\u201chasta ahora no hay nada que indique que los precios pueden dejar de subir\u201d. [&hellip;]<\/p>\n","protected":false},"author":1,"featured_media":39424,"comment_status":"closed","ping_status":"closed","sticky":false,"template":"","format":"standard","meta":[],"categories":[19],"tags":[],"_links":{"self":[{"href":"http:\/\/hoycordobaweb.com\/index.php\/wp-json\/wp\/v2\/posts\/39423"}],"collection":[{"href":"http:\/\/hoycordobaweb.com\/index.php\/wp-json\/wp\/v2\/posts"}],"about":[{"href":"http:\/\/hoycordobaweb.com\/index.php\/wp-json\/wp\/v2\/types\/post"}],"author":[{"embeddable":true,"href":"http:\/\/hoycordobaweb.com\/index.php\/wp-json\/wp\/v2\/users\/1"}],"replies":[{"embeddable":true,"href":"http:\/\/hoycordobaweb.com\/index.php\/wp-json\/wp\/v2\/comments?post=39423"}],"version-history":[{"count":0,"href":"http:\/\/hoycordobaweb.com\/index.php\/wp-json\/wp\/v2\/posts\/39423\/revisions"}],"wp:featuredmedia":[{"embeddable":true,"href":"http:\/\/hoycordobaweb.com\/index.php\/wp-json\/wp\/v2\/media\/39424"}],"wp:attachment":[{"href":"http:\/\/hoycordobaweb.com\/index.php\/wp-json\/wp\/v2\/media?parent=39423"}],"wp:term":[{"taxonomy":"category","embeddable":true,"href":"http:\/\/hoycordobaweb.com\/index.php\/wp-json\/wp\/v2\/categories?post=39423"},{"taxonomy":"post_tag","embeddable":true,"href":"http:\/\/hoycordobaweb.com\/index.php\/wp-json\/wp\/v2\/tags?post=39423"}],"curies":[{"name":"wp","href":"https:\/\/api.w.org\/{rel}","templated":true}]}}