{"id":39381,"date":"2022-04-02T23:56:43","date_gmt":"2022-04-02T23:56:43","guid":{"rendered":"https:\/\/www.ole.com.ar\/futbol-internacional\/fluminense-campeon-carioca-cano_0_gKmMeyL4BO.html"},"modified":"2022-04-02T23:56:43","modified_gmt":"2022-04-02T23:56:43","slug":"fluminense-campeon-carioca-con-un-cano-brillante","status":"publish","type":"post","link":"http:\/\/hoycordobaweb.com\/index.php\/2022\/04\/02\/fluminense-campeon-carioca-con-un-cano-brillante\/","title":{"rendered":"Fluminense: campe\u00f3n carioca con un Cano brillante"},"content":{"rendered":"<p><img src=\"http:\/\/hoycordobaweb.com\/wp-content\/uploads\/2022\/04\/fluminense-campeon-carioca-con-un-cano-brillante.jpg\"><\/p>\n<p>Un argentino festej\u00f3 en R\u00edo de Janeiro, en pleno estadio Maracan\u00e1. Porque Germ\u00e1n Cano, ex delantero de Lan\u00fas, <mark><strong>se consagr\u00f3 con Fluminense en la segunda final del Carioca, superando a Flamengo, el cl\u00e1sico rival. <\/strong><\/mark>Y volvi\u00f3 a decir presente en el marcador, tal como hab\u00eda pasado en la ida jugada d\u00edas atr\u00e1s.<\/p>\n<div class=\"sp__Normal\">\n<div class=\"image-embeb image-trigger\" readability=\"6\">\n<picture><source media=\"(min-width: 720px)\" srcset=\"http:\/\/hoycordobaweb.com\/wp-content\/uploads\/2022\/04\/fluminense-campeon-carioca-con-un-cano-brillante-2.jpg\"><img itemprop=\"image\" src=\"http:\/\/hoycordobaweb.com\/wp-content\/uploads\/2022\/04\/fluminense-campeon-carioca-con-un-cano-brillante-2.jpg\" loading=\"lazy\" alt=\"Cano junto a sus compa\u00f1eros (REUTER).\">\n<\/picture><figcaption readability=\"2\">\n<p>Cano junto a sus compa\u00f1eros (REUTER).\n<\/p>\n<\/figcaption><\/div>\n<\/div>\n<p><a data-cke-saved-href=\"https:\/\/www.ole.com.ar\/futbol-internacional\/america\/doblete-german-cano-victoria-fluminense_3_iRmziozYZ.html\" target=\"_blank\" href=\"https:\/\/www.ole.com.ar\/futbol-internacional\/america\/doblete-german-cano-victoria-fluminense_3_iRmziozYZ.html\" rel=\"noopener noreferrer\"><strong>En el primer partido, con un doblete de Cano<\/strong><\/a>, <mark><strong>el Flu&nbsp;se hab\u00eda impuesto por 2-0<\/strong><\/mark>. Ya en la vuelta, Gabigol hab\u00eda acortado distancias en el global, antes de la media hora de juego. Sin embargo, un minuto antes de la conclusi\u00f3n del primer tiempo, <mark><strong>Cano apareci\u00f3 para aprovechar la asistencia de un compa\u00f1ero y, tras un zurdazo mordido, estampar&nbsp;el 1-1 parcial y el 3-1 en el acumulado.<\/strong><\/mark><\/p>\n<div class=\"sp__Normal\">\n<div class=\"image-embeb image-trigger\" readability=\"6\">\n<picture><source media=\"(min-width: 720px)\" srcset=\"http:\/\/hoycordobaweb.com\/wp-content\/uploads\/2022\/04\/fluminense-campeon-carioca-con-un-cano-brillante-3.jpg\"><img itemprop=\"image\" src=\"http:\/\/hoycordobaweb.com\/wp-content\/uploads\/2022\/04\/fluminense-campeon-carioca-con-un-cano-brillante-3.jpg\" loading=\"lazy\" alt=\"Cano besando la Copa (AP).\">\n<\/picture><figcaption readability=\"2\">\n<p>Cano besando la Copa (AP).\n<\/p>\n<\/figcaption><\/div>\n<\/div>\n<div class=\"sp__SM\">\n<div class=\"content-new \">\n<span class=\"tit-mobile\">Mir\u00e1 tambi\u00e9n<\/span><\/p>\n<div class=\"mg\">\n<div class=\"wrap-figure\">\n<picture>\n<a href=\"https:\/\/www.ole.com.ar\/futbol-internacional\/america\/lasarte-candidato-dt-chile-ariel-holan_0_AH4NHSFiJ8.html\" target=\"_self\" rel=\"noopener noreferrer\"><br \/>\n<img class=\"img-responsive\" alt=\"El inesperado candidato a ser DT de Chile\" src=\"http:\/\/hoycordobaweb.com\/wp-content\/uploads\/2022\/04\/fluminense-campeon-carioca-con-un-cano-brillante-4.jpg\" loading=\"lazy\"><br \/>\n<\/a>\n<\/picture>\n<\/div>\n<\/div><\/div>\n<\/div>\n<p>Fue su d\u00e9cimo gol en el club en 18 presentaciones. Obviamente, no fue uno m\u00e1s<strong>, ya que Fluminense termin\u00f3 levantando el Carioca (32\u00ba en su historia) despu\u00e9s de diez a\u00f1os<\/strong>. Y ante su eterno adversario. \u00abEstoy muy feliz. Felicito a mis compa\u00f1eros, al cuerpo t\u00e9cnico y a la hinchada. Es un trabajo muy bueno. Ahora a festejar con los hinchas y la familia. Y continuar. Est\u00e1 todo comenzando, con Brasileirao, Copa de Brasil y Sudamericana\u00bb, expres\u00f3 el argentino, compa\u00f1ero -entre otros- de Felipe Melo. <\/p>\n<div class=\"sp__Normal\">\n<div class=\"image-embeb image-trigger\" readability=\"6\">\n<picture><source media=\"(min-width: 720px)\" srcset=\"http:\/\/hoycordobaweb.com\/wp-content\/uploads\/2022\/04\/fluminense-campeon-carioca-con-un-cano-brillante-5.jpg\"><img itemprop=\"image\" src=\"http:\/\/hoycordobaweb.com\/wp-content\/uploads\/2022\/04\/fluminense-campeon-carioca-con-un-cano-brillante-5.jpg\" loading=\"lazy\" alt=\"La alegr\u00eda del argentino (REUTER).\">\n<\/picture><figcaption readability=\"2\">\n<p>La alegr\u00eda del argentino (REUTER).\n<\/p>\n<\/figcaption><\/div>\n<\/div>\n<p>Por el lado de Flamengo, que buscaba el Carioca por quinta vez consecutiva<mark><strong>, fue su cuarto subcampeonato en menos de un a\u00f1o<\/strong><\/mark>: Libertadores 2021, Brasileirao 2021, Supercopa de Brasil 2022 y el reciente. <\/p>\n<h2><mark><strong>EL GOL DE CANO<\/strong><\/mark><\/h2>\n<div class=\"sp__SM\">\n<div class=\"content-new \">\n<span class=\"tit-mobile\">Mir\u00e1 tambi\u00e9n<\/span><\/p>\n<div class=\"mg\">\n<div class=\"wrap-figure\">\n<picture>\n<a href=\"https:\/\/www.ole.com.ar\/futbol-internacional\/america\/nacho-fernandez-mineiro-golazo-pratto_0_T8pjO0Mfww.html\" target=\"_self\" rel=\"noopener noreferrer\"><br \/>\n<img class=\"img-responsive\" alt=\"Nacho Fern\u00e1ndez: golazo para ser campe\u00f3n y festejo \u00a1a lo Riquelme y Pratto!\" src=\"http:\/\/hoycordobaweb.com\/wp-content\/uploads\/2022\/04\/fluminense-campeon-carioca-con-un-cano-brillante-6.jpg\" loading=\"lazy\"><br \/>\n<\/a>\n<\/picture>\n<\/div>\n<\/div><\/div>\n<\/div>\n<h2><mark><strong>TOLE TOLE EN EL FINAL<\/strong><\/mark><\/h2>\n<p>Fred y Bruno Henrique terminaron expulsados y protagonizaron un intenso cara a cara en la salida de la cancha. Tuvieron que ser separados entre manotazos de terceros y l\u00edquidos volando por el aire. Picante.&nbsp;<\/p>\n<div class=\"sp__Normal htmlLibre\">\n<div class=\"embed-responsive-c\" readability=\"7.9753086419753\">\n<blockquote class=\"twitter-tweet\" readability=\"10.074074074074\">\n<p lang=\"pt\" dir=\"ltr\">Fred, voltando de suspens\u00e3o, \u00e9 expulso 10 minutos ap\u00f3s entrar em campo (o 11\u00ba vermelho dele com a camisa do Fluminense)<\/p>\n<p>Bruno Henrique, do Flamengo, tamb\u00e9m \u00e9 expulso <a href=\"https:\/\/t.co\/AeR51iYF33\">pic.twitter.com\/AeR51iYF33<\/a><\/p>\n<p>\u2014 Goleada Info (@goleada_info) <a href=\"https:\/\/twitter.com\/goleada_info\/status\/1510389762372382720?ref_src=twsrc%5Etfw\">April 2, 2022<\/a><\/p><\/blockquote><\/div>\n<\/div>\n<div class=\"entry-tags\">\n<h2>TEMAS QUE APARECEN EN ESTA NOTA<\/h2>\n<\/p><\/div>\n","protected":false},"excerpt":{"rendered":"<p>Un argentino festej\u00f3 en R\u00edo de Janeiro, en pleno estadio Maracan\u00e1. Porque Germ\u00e1n Cano, ex delantero de Lan\u00fas, se consagr\u00f3 con Fluminense en la segunda final del Carioca, superando a Flamengo, el cl\u00e1sico rival. Y volvi\u00f3 a decir presente en el marcador, tal como hab\u00eda pasado en la ida jugada d\u00edas atr\u00e1s. Cano junto a [&hellip;]<\/p>\n","protected":false},"author":1,"featured_media":39382,"comment_status":"open","ping_status":"closed","sticky":false,"template":"","format":"standard","meta":[],"categories":[16],"tags":[],"_links":{"self":[{"href":"http:\/\/hoycordobaweb.com\/index.php\/wp-json\/wp\/v2\/posts\/39381"}],"collection":[{"href":"http:\/\/hoycordobaweb.com\/index.php\/wp-json\/wp\/v2\/posts"}],"about":[{"href":"http:\/\/hoycordobaweb.com\/index.php\/wp-json\/wp\/v2\/types\/post"}],"author":[{"embeddable":true,"href":"http:\/\/hoycordobaweb.com\/index.php\/wp-json\/wp\/v2\/users\/1"}],"replies":[{"embeddable":true,"href":"http:\/\/hoycordobaweb.com\/index.php\/wp-json\/wp\/v2\/comments?post=39381"}],"version-history":[{"count":0,"href":"http:\/\/hoycordobaweb.com\/index.php\/wp-json\/wp\/v2\/posts\/39381\/revisions"}],"wp:featuredmedia":[{"embeddable":true,"href":"http:\/\/hoycordobaweb.com\/index.php\/wp-json\/wp\/v2\/media\/39382"}],"wp:attachment":[{"href":"http:\/\/hoycordobaweb.com\/index.php\/wp-json\/wp\/v2\/media?parent=39381"}],"wp:term":[{"taxonomy":"category","embeddable":true,"href":"http:\/\/hoycordobaweb.com\/index.php\/wp-json\/wp\/v2\/categories?post=39381"},{"taxonomy":"post_tag","embeddable":true,"href":"http:\/\/hoycordobaweb.com\/index.php\/wp-json\/wp\/v2\/tags?post=39381"}],"curies":[{"name":"wp","href":"https:\/\/api.w.org\/{rel}","templated":true}]}}