{"id":39334,"date":"2022-04-01T15:42:37","date_gmt":"2022-04-01T15:42:37","guid":{"rendered":"https:\/\/www.ole.com.ar\/futbol-internacional\/quinteros-colo-colo-libertadores_0_eTlFyVKUHo.html"},"modified":"2022-04-01T15:42:37","modified_gmt":"2022-04-01T15:42:37","slug":"gustavo-quinteros-se-envalentona-con-la-libertadores","status":"publish","type":"post","link":"http:\/\/hoycordobaweb.com\/index.php\/2022\/04\/01\/gustavo-quinteros-se-envalentona-con-la-libertadores\/","title":{"rendered":"Gustavo Quinteros se envalentona con la Libertadores"},"content":{"rendered":"<p><img src=\"http:\/\/hoycordobaweb.com\/wp-content\/uploads\/2022\/04\/gustavo-quinteros-se-envalentona-con-la-libertadores.jpg\"><\/p>\n<p><a alt=\"colo-colo\" class=\"slug\" href=\"https:\/\/www.ole.com.ar\/tema\/colo-colo.html\" target=\"_blank\" title=\"colo-colo\" rel=\"noopener noreferrer\">Colo Colo<\/a> est\u00e1 viviendo un gran momento en la liga chilena, en la que se encuentra como \u00fanico puntero de la tabla de posiciones con 17 puntos. Tras la \u00faltima victoria ante <strong>Uni\u00f3n La Calera<\/strong> por un contundente 4 a 0, el t\u00e9cnico <strong><a alt=\"gustavo-quinteros\" class=\"slug\" href=\"https:\/\/www.ole.com.ar\/tema\/gustavo-quinteros.html\" target=\"_blank\" title=\"gustavo-quinteros\" rel=\"noopener noreferrer\">Gustavo Quinteros<\/a> se mostr\u00f3 con confianza para la <a alt=\"copa-libertadores\" class=\"slug\" href=\"https:\/\/www.ole.com.ar\/tema\/copa-libertadores.html\" target=\"_blank\" title=\"copa-libertadores\" rel=\"noopener noreferrer\">Copa Libertadores<\/a><\/strong>, donde se enfrentar\u00e1 a <strong><a alt=\"river-plate\" class=\"slug\" href=\"https:\/\/www.ole.com.ar\/tema\/river-plate.html\" target=\"_blank\" title=\"river-plate\" rel=\"noopener noreferrer\">River<\/a><\/strong> en la fase de grupos.<\/p>\n<div class=\"sp__Normal\">\n<div class=\"image-embeb image-trigger\" readability=\"6.5\">\n<picture><source media=\"(min-width: 720px)\" srcset=\"http:\/\/hoycordobaweb.com\/wp-content\/uploads\/2022\/04\/gustavo-quinteros-se-envalentona-con-la-libertadores-2.jpg\"><img itemprop=\"image\" src=\"http:\/\/hoycordobaweb.com\/wp-content\/uploads\/2022\/04\/gustavo-quinteros-se-envalentona-con-la-libertadores-2.jpg\" loading=\"lazy\" alt=\"Gustavo Quinteros, DT de Colo Colo.\">\n<\/picture><figcaption readability=\"3\">\n<p>Gustavo Quinteros, DT de Colo Colo.\n<\/p>\n<\/figcaption><\/div>\n<\/div>\n<div class=\"sp__SM\">\n<div class=\"content-new \">\n<span class=\"tit-mobile\">Mir\u00e1 tambi\u00e9n<\/span><\/p>\n<div class=\"mg\">\n<div class=\"wrap-figure\">\n<picture>\n<a href=\"https:\/\/www.ole.com.ar\/defensa-y-justicia\/merentiel-gallardo-river-defensa_0_KoJjKQ73fn.html\" target=\"_self\" rel=\"noopener noreferrer\"><br \/>\n<img class=\"img-responsive\" alt=\"Merentiel, Gallardo y una gran an\u00e9cdota\" src=\"http:\/\/hoycordobaweb.com\/wp-content\/uploads\/2022\/04\/gustavo-quinteros-se-envalentona-con-la-libertadores-3.jpg\" loading=\"lazy\"><br \/>\n<\/a>\n<\/picture>\n<\/div>\n<\/div><\/div>\n<\/div>\n<p>\n<span class=\"title-box\">Segu\u00ed leyendo<\/span> <\/p>\n<p>\u00abHubo tres partidos que no pudimos convertir, fallamos penales, ahora convertimos y eso nos da tranquilidad para seguir jugando, aprovechar los espacios. <strong>Estamos mucho mejor y ojal\u00e1 podamos jugar de esta manera en Copa Libertadores<\/strong>\u201d, asegur\u00f3 Quinteros en dialogo con TNT Sports.<\/p>\n<p>En cuanto al triunfo, el t\u00e9cnico argentino&nbsp;analiz\u00f3: \u201cLo hab\u00edamos trabajado porque sab\u00edamos que La Calera sale jugando muy bien del fondo, <strong>intentando siempre hacer superioridad, atraer a los rivales y jugar saltando l\u00edneas.<\/strong> Entonces, entrenamos mucho la presi\u00f3n\u00bb.<\/p>\n<div class=\"sp__SM\">\n<div class=\"content-new \">\n<span class=\"tit-mobile\">Mir\u00e1 tambi\u00e9n<\/span><\/p>\n<div class=\"mg\">\n<div class=\"wrap-figure\">\n<picture>\n<a href=\"https:\/\/www.ole.com.ar\/river-plate\/river-defensa-subsidiaria-acuerdo_0_Dtt0EpdNx1.html\" target=\"_self\" rel=\"noopener noreferrer\"><br \/>\n<img class=\"img-responsive\" alt=\"De River a Defensa: \u00bfpor qu\u00e9 tantas cesiones?\" src=\"http:\/\/hoycordobaweb.com\/wp-content\/uploads\/2022\/04\/gustavo-quinteros-se-envalentona-con-la-libertadores-4.jpg\" loading=\"lazy\"><br \/>\n<\/a>\n<\/picture>\n<\/div>\n<\/div><\/div>\n<\/div>\n<div class=\"sp__SM\">\n<div class=\"content-new \">\n<span class=\"tit-mobile\">Mir\u00e1 tambi\u00e9n<\/span><\/p>\n<div class=\"mg\">\n<div class=\"wrap-figure\">\n<picture>\n<a href=\"https:\/\/www.ole.com.ar\/defensa-y-justicia\/defensa-river-pizzini-merentiel-rotondi_0_OqiOdhAFAX.html\" target=\"_self\" rel=\"noopener noreferrer\"><br \/>\n<img class=\"img-responsive\" alt=\"\u00cdntimos con Ol\u00e9: c\u00f3mo se prepara el Halc\u00f3n para recibir a River\" src=\"http:\/\/hoycordobaweb.com\/wp-content\/uploads\/2022\/04\/gustavo-quinteros-se-envalentona-con-la-libertadores-5.jpg\" loading=\"lazy\"><br \/>\n<\/a>\n<\/picture>\n<\/div>\n<\/div><\/div>\n<\/div>\n<p>Y a\u00f1adi\u00f3: \u00abSab\u00edamos que en alg\u00fan momento se pod\u00edan equivocar, yo creo que aprovechamos bien y pudimos convertir. Hicimos los dos goles, nos dio tranquilidad. Despu\u00e9s les expulsaron a un jugador, tuvimos m\u00e1s espacios y <strong>manejamos bien la pelota y generamos situaciones.\u201d<\/strong><\/p>\n<p>\u201cEntraron casi todas a favor, estamos contentos. Hemos entrenado mucho la definici\u00f3n y l<strong>os jugadores est\u00e1n con confianza ahora\u201d<\/strong>, concluy\u00f3 el t\u00e9cnico de 57 a\u00f1os.<\/p>\n<h2><strong>EL GRUPO F DE LA&nbsp;LIBERTADORES<\/strong><\/h2>\n<div class=\"sp__Normal\">\n<div class=\"image-embeb image-trigger\" readability=\"6\">\n<picture><source media=\"(min-width: 720px)\" srcset=\"http:\/\/hoycordobaweb.com\/wp-content\/uploads\/2022\/04\/gustavo-quinteros-se-envalentona-con-la-libertadores-6.jpg\"><img itemprop=\"image\" src=\"http:\/\/hoycordobaweb.com\/wp-content\/uploads\/2022\/04\/gustavo-quinteros-se-envalentona-con-la-libertadores-6.jpg\" loading=\"lazy\" alt=\"El grupo F de la Copa. @LIbertadores\">\n<\/picture><figcaption readability=\"2\">\n<p>El grupo F de la Copa. @LIbertadores\n<\/p>\n<\/figcaption><\/div>\n<\/div>\n<p><strong>Colo Colo compartir\u00e1 el Grupo F con River Plate, Alianza Lima y Fortaleza<\/strong>. El debut del Cacique ser\u00e1 de visitante ante el club brasile\u00f1o el pr\u00f3ximo 7 de abril desde las 19. Luego de jugar ante Alianza el 13 del mismo mes, <strong>el 27 recibir\u00e1 a River en el Estadio Monumental David Orellano.\u200b<\/strong><\/p>\n<div class=\"sp__SM\">\n<div class=\"content-new \">\n<span class=\"tit-mobile\">Mir\u00e1 tambi\u00e9n<\/span><\/p>\n<div class=\"mg\">\n<div class=\"wrap-figure\">\n<picture>\n<a href=\"https:\/\/www.ole.com.ar\/futbol-internacional\/america\/enojo-inglaterra-chile-brereton-_0_SH6byPMxcq.html\" target=\"_self\" rel=\"noopener noreferrer\"><br \/>\n<img class=\"img-responsive\" alt=\"Enojo en Inglaterra con Ben Brereton por jugar para Chile\" src=\"http:\/\/hoycordobaweb.com\/wp-content\/uploads\/2022\/04\/gustavo-quinteros-se-envalentona-con-la-libertadores-7.jpg\" loading=\"lazy\"><br \/>\n<\/a>\n<\/picture>\n<\/div>\n<\/div><\/div>\n<\/div>\n<div class=\"sp__SM\">\n<div class=\"content-new \">\n<span class=\"tit-mobile\">Mir\u00e1 tambi\u00e9n<\/span><\/p>\n<div class=\"mg\">\n<div class=\"wrap-figure\">\n<picture>\n<a href=\"https:\/\/www.ole.com.ar\/river-plate\/paulo-diaz-david-martinez-river_0_IpCixcbBy6.html\" target=\"_self\" rel=\"noopener noreferrer\"><br \/>\n<img class=\"img-responsive\" alt=\"D\u00edaz-Mart\u00ednez: la reedici\u00f3n de la defensa top de River\" src=\"http:\/\/hoycordobaweb.com\/wp-content\/uploads\/2022\/04\/gustavo-quinteros-se-envalentona-con-la-libertadores-8.jpg\" loading=\"lazy\"><br \/>\n<\/a>\n<\/picture>\n<\/div>\n<\/div><\/div>\n<\/div>\n<div class=\"entry-tags\">\n<h2>TEMAS QUE APARECEN EN ESTA NOTA<\/h2>\n<\/p><\/div>\n","protected":false},"excerpt":{"rendered":"<p>Colo Colo est\u00e1 viviendo un gran momento en la liga chilena, en la que se encuentra como \u00fanico puntero de la tabla de posiciones con 17 puntos. Tras la \u00faltima victoria ante Uni\u00f3n La Calera por un contundente 4 a 0, el t\u00e9cnico Gustavo Quinteros se mostr\u00f3 con confianza para la Copa Libertadores, donde se [&hellip;]<\/p>\n","protected":false},"author":1,"featured_media":39335,"comment_status":"open","ping_status":"closed","sticky":false,"template":"","format":"standard","meta":[],"categories":[16],"tags":[],"_links":{"self":[{"href":"http:\/\/hoycordobaweb.com\/index.php\/wp-json\/wp\/v2\/posts\/39334"}],"collection":[{"href":"http:\/\/hoycordobaweb.com\/index.php\/wp-json\/wp\/v2\/posts"}],"about":[{"href":"http:\/\/hoycordobaweb.com\/index.php\/wp-json\/wp\/v2\/types\/post"}],"author":[{"embeddable":true,"href":"http:\/\/hoycordobaweb.com\/index.php\/wp-json\/wp\/v2\/users\/1"}],"replies":[{"embeddable":true,"href":"http:\/\/hoycordobaweb.com\/index.php\/wp-json\/wp\/v2\/comments?post=39334"}],"version-history":[{"count":0,"href":"http:\/\/hoycordobaweb.com\/index.php\/wp-json\/wp\/v2\/posts\/39334\/revisions"}],"wp:featuredmedia":[{"embeddable":true,"href":"http:\/\/hoycordobaweb.com\/index.php\/wp-json\/wp\/v2\/media\/39335"}],"wp:attachment":[{"href":"http:\/\/hoycordobaweb.com\/index.php\/wp-json\/wp\/v2\/media?parent=39334"}],"wp:term":[{"taxonomy":"category","embeddable":true,"href":"http:\/\/hoycordobaweb.com\/index.php\/wp-json\/wp\/v2\/categories?post=39334"},{"taxonomy":"post_tag","embeddable":true,"href":"http:\/\/hoycordobaweb.com\/index.php\/wp-json\/wp\/v2\/tags?post=39334"}],"curies":[{"name":"wp","href":"https:\/\/api.w.org\/{rel}","templated":true}]}}