{"id":3932,"date":"2020-10-25T12:00:00","date_gmt":"2020-10-25T12:00:00","guid":{"rendered":"https:\/\/www.perfil.com\/noticias\/columnistas\/cuarentena-fase-4-por-nelson-castro.phtml"},"modified":"2020-10-25T12:00:00","modified_gmt":"2020-10-25T12:00:00","slug":"cuarentena-fase-4","status":"publish","type":"post","link":"http:\/\/hoycordobaweb.com\/index.php\/2020\/10\/25\/cuarentena-fase-4\/","title":{"rendered":"Cuarentena fase 4"},"content":{"rendered":"<p><img src=\"http:\/\/hoycordobaweb.com\/wp-content\/uploads\/2020\/10\/cuarentena-fase-4.jpg\"><\/p>\n<div><img src=\"http:\/\/hoycordobaweb.com\/wp-content\/uploads\/2020\/10\/cuarentena-fase-4-2.jpg\" class=\"ff-og-image-inserted\"><\/div>\n<aside class=\"relatedPost\">\n<h3>M\u00e1s noticias de columnistas<\/h3>\n<\/aside>\n<p>Sin rumbo. El pasado lunes el ministro de Econom\u00eda, Mart\u00edn Guzm\u00e1n, realiz\u00f3 una serie de anuncios para flexibilizar las operaciones del contado con liquidaci\u00f3n. En el Gobierno esperaban una reacci\u00f3n positiva del mercado, circunstancia que finalmente no ocurri\u00f3.<\/p>\n<p>El d\u00f3lar blue se dispar\u00f3 y cerr\u00f3 la semana a $ 195, estirando as\u00ed la brecha cambiaria que lleg\u00f3 al 140%. Salvo algunos pocos funcionarios, nadie se sorprendi\u00f3. \u201cEstamos en el segundo nivel m\u00e1s alto de la brecha de los \u00faltimos 50 a\u00f1os. El primer puesto se produjo en el a\u00f1o 1975 con Antonio Cafiero de ministro de Econom\u00eda luego del rodrigazo. Sin embargo, hoy es m\u00e1s alta que en la \u00e9poca de la Guerra de Malvinas y de la hiperinflaci\u00f3n\u201d \u2013concluy\u00f3 un prestigioso economista que se dedic\u00f3 a estudiar la serie\u2013. Otro dato: en la Argentina, cuando se achica la diferencia entre los tipos de cambio es porque sube el oficial y no porque baja el blue \u2013dijo la misma fuente\u2013. Un aporte interesante para el ministro Guzm\u00e1n que sigue negando la devaluaci\u00f3n del peso y el efecto nocivo del as\u00ed llamado \u201cd\u00f3lar blue\u201d.<\/p>\n<p>Dentro de la err\u00e1tica serie de decisiones que se vienen adoptando en el Poder Ejecutivo, se determin\u00f3 que Guzm\u00e1n salga a hablar en algunos medios \u2013no en todos\u2013 para ganar la batalla de la comunicaci\u00f3n. Menudo problema para una persona desangelada para esos menesteres. Por lo que se escuch\u00f3 hasta aqu\u00ed \u2013sobre todo en el reportaje que le realizaron Ernesto Tenembaum y Reynaldo Sietecase\u2013, el ministro, que pas\u00f3 de ser Messi a un atribulado arquero al que le entran goles todos los d\u00edas, se le va a hacer muy dif\u00edcil remontar la cuesta. \u201cLa grieta pol\u00edtica tiene un costo econ\u00f3mico\u201d, afirm\u00f3. Fue lo m\u00e1s acertado de todo lo que dijo. El problema es que el oficialismo se esmera todos los d\u00edas en profundizarla.<\/p>\n<p>\u201cAl Gobierno le est\u00e1 saliendo cara la cuarentena. La emisi\u00f3n para cubrir el d\u00e9ficit fiscal est\u00e1 llenando la calle de pesos que nadie quiere. Pero no van a dar el brazo a torcer ni modificar el rumbo. Cuando la ideolog\u00eda mete la cola deja anclado el tim\u00f3n aunque el destino sea el golpe contra el iceberg. El mal clima ya se palpa en la calle. La gente est\u00e1 muy angustiada. Los precios suben y el salario no alcanza\u201d, repiti\u00f3 un consultor que tiene v\u00ednculos en el poder.<\/p>\n<p>Cuando el r\u00edo suena&#8230; \u201cNosotros no sponsoreamos a nadie\u201d \u2013se apresur\u00f3 a decir una voz del massismo\u2013. La vuelta de los rumores de cambios en el Gabinete hab\u00eda salpicado al Frente Renovador, al relacionarlo con algunos economistas de peso que vienen sonando en los mentideros pol\u00edticos como eventuales remplazantes de Guzm\u00e1n. Lo que hay que decir es que ninguno de esos nombres cuenta con el aval de Cristina Fern\u00e1ndez de Kirchner. \u201cMassa quiere quedarse donde est\u00e1. Por un lado mantiene el v\u00ednculo con Alberto y cada dos o tres d\u00edas se junta con M\u00e1ximo y Wado de Pedro y, si hace falta, directamente con Cristina\u201d, se\u00f1al\u00f3 el referente del FR, quien, a su vez, reconoci\u00f3 que el v\u00ednculo del presidente de la C\u00e1mara de Diputados con la ex presidenta en funciones ha tenido mejores momentos.<\/p>\n<p>En el Instituto Patria, por su parte, se vive un clima de creciente desasosiego, producto de la insatisfacci\u00f3n con el desempe\u00f1o del Gobierno. Los cuestionamientos al equipo de AF contin\u00faan. \u201cA Cristina se le est\u00e1 acabando la paciencia. No solo por la falta de volumen pol\u00edtico de la gesti\u00f3n sino por la falta de resultados concretos\u201d, indic\u00f3 una fuente cercana a los l\u00edderes de La C\u00e1mpora. El reloj de arena pesa sobre los principales funcionarios del Presidente.<\/p>\n<p>La orden del Presidente es la de defender al Gabinete en general y al ministro Guzm\u00e1n en particular. Hay una regla de la pol\u00edtica que es casi axiom\u00e1tica: cuando la renuncia o el reemplazo de un funcionario debe ser desmentida casi a diario es porque su permanencia en el cargo tambalea.<\/p>\n<p>\u201cGuzm\u00e1n no tiene fecha de vencimiento\u201d, dijo Santiago Cafiero en un reportaje concedido a Canal 9 el viernes pasado. Parece que varios integrantes del Gobierno no lo saben o no piensan lo mismo. Desde esas entra\u00f1as hablan sin vueltas de las dudas que pesan sobre la estabilidad del ministro. &nbsp;<\/p>\n<p>\u201cVolvimos para ser mejores\u201d. Los hechos desmienten casi a diario esa promesa del Presidente. Veamos: &nbsp;<\/p>\n<p>Apoyo por parte de funcionarios del Gobierno a las tomas ilegales de terrenos. La provincia de Buenos Aires tiene 4.300 hect\u00e1reas de tierras fiscales y privadas ocupadas de manera ilegal y, de acuerdo con datos del Ministerio de Seguridad, en lo que va del a\u00f1o se han denunciado 1.800 usurpaciones. \u201cPor la cantidad y extensi\u00f3n de tierra muchos hablan ir\u00f3nicamente de la creaci\u00f3n del municipio n\u00famero 136\u201d, reconoci\u00f3 una legisladora del interior provincial que sigue de cerca el tema.<\/p>\n<p>Apoyo a Gildo Insfr\u00e1n, el sempiterno gobernador de Formosa, ante el episodio del joven que, por la imposibilidad de ingresar a la provincia por v\u00eda terrestre, muri\u00f3 ahogado intentando hacerlo a nado por el r\u00edo Bermejo. De haber ocurrido esto en una provincia gobernada por Juntos por el Cambio&nbsp; habr\u00edan tronado las voces de condena de los organismos de Derechos Humanos y de miembros del actual gobierno.<\/p>\n<p>Apoyo a los reg\u00edmenes dictatoriales y corruptos de Nicol\u00e1s Maduro en Venezuela y de Daniel Ortega en Nicaragua.<\/p>\n<p>La ins\u00f3lita decisi\u00f3n de la Oficina Anticorrupci\u00f3n de no presentarse de aqu\u00ed en adelante como querellante en las causas por delitos de corrupci\u00f3n cometidos por funcionarios del Estado. \u00bfPara qu\u00e9 sirve entonces una Oficina Anticorrupci\u00f3n que no se involucra en la persecuci\u00f3n judicial de la corrupci\u00f3n? &nbsp;<\/p>\n<p>En medio de este desorden asoma la trama del acto conmemorativo de los diez a\u00f1os del fallecimiento de N\u00e9stor Kirchner.<\/p>\n<p>Navegan en esas procelosas aguas los esfuerzos del canciller Felipe Sol\u00e1 por recuperar la estatua del ex presidente que supo estar en el edifico del Unasur en Ecuador junto a la intriga por saber qu\u00e9 va a hacer CFK luego de su desplante en el acto del 17 de octubre.<\/p>\n<p>La memoria nos recuerda que para asistir al velatorio del Dr. Kirchner, AF debi\u00f3 hacerlo en un momento en que CFK no estaba presente, \u201cpara no incomodarla\u201d, seg\u00fan \u00e9l mismo reconoci\u00f3, y que se le puso una guardia de La C\u00e1mpora para evitar que se acercara al f\u00e9retro. Una historia reminscente del Macondo de Gabriel Garc\u00eda M\u00e1rquez.<\/p>\n","protected":false},"excerpt":{"rendered":"<p>M\u00e1s noticias de columnistas Sin rumbo. El pasado lunes el ministro de Econom\u00eda, Mart\u00edn Guzm\u00e1n, realiz\u00f3 una serie de anuncios para flexibilizar las operaciones del contado con liquidaci\u00f3n. En el Gobierno esperaban una reacci\u00f3n positiva del mercado, circunstancia que finalmente no ocurri\u00f3. El d\u00f3lar blue se dispar\u00f3 y cerr\u00f3 la semana a $ 195, estirando [&hellip;]<\/p>\n","protected":false},"author":1,"featured_media":3933,"comment_status":"closed","ping_status":"closed","sticky":false,"template":"","format":"standard","meta":[],"categories":[1],"tags":[],"_links":{"self":[{"href":"http:\/\/hoycordobaweb.com\/index.php\/wp-json\/wp\/v2\/posts\/3932"}],"collection":[{"href":"http:\/\/hoycordobaweb.com\/index.php\/wp-json\/wp\/v2\/posts"}],"about":[{"href":"http:\/\/hoycordobaweb.com\/index.php\/wp-json\/wp\/v2\/types\/post"}],"author":[{"embeddable":true,"href":"http:\/\/hoycordobaweb.com\/index.php\/wp-json\/wp\/v2\/users\/1"}],"replies":[{"embeddable":true,"href":"http:\/\/hoycordobaweb.com\/index.php\/wp-json\/wp\/v2\/comments?post=3932"}],"version-history":[{"count":0,"href":"http:\/\/hoycordobaweb.com\/index.php\/wp-json\/wp\/v2\/posts\/3932\/revisions"}],"wp:featuredmedia":[{"embeddable":true,"href":"http:\/\/hoycordobaweb.com\/index.php\/wp-json\/wp\/v2\/media\/3933"}],"wp:attachment":[{"href":"http:\/\/hoycordobaweb.com\/index.php\/wp-json\/wp\/v2\/media?parent=3932"}],"wp:term":[{"taxonomy":"category","embeddable":true,"href":"http:\/\/hoycordobaweb.com\/index.php\/wp-json\/wp\/v2\/categories?post=3932"},{"taxonomy":"post_tag","embeddable":true,"href":"http:\/\/hoycordobaweb.com\/index.php\/wp-json\/wp\/v2\/tags?post=3932"}],"curies":[{"name":"wp","href":"https:\/\/api.w.org\/{rel}","templated":true}]}}