{"id":39316,"date":"2022-04-01T14:02:28","date_gmt":"2022-04-01T14:02:28","guid":{"rendered":"https:\/\/ladecimaweb.com\/?p=13073"},"modified":"2022-04-01T14:02:28","modified_gmt":"2022-04-01T14:02:28","slug":"buscan-fortalecer-los-centros-de-desarrollo-infantil-municipales","status":"publish","type":"post","link":"http:\/\/hoycordobaweb.com\/index.php\/2022\/04\/01\/buscan-fortalecer-los-centros-de-desarrollo-infantil-municipales\/","title":{"rendered":"Buscan fortalecer los centros de desarrollo infantil municipales"},"content":{"rendered":"<div class=\"boldgrid-section\">\n<div class=\"container\">\n<div class=\"row\">\n<div class=\"col-md-12 col-xs-12 col-sm-12\">\n<p class=\"\" style=\"font-weight: 400;\">En la sesi\u00f3n de ayer del Concejo Deliberante se aprobaron dos proyectos de ordenanza iniciados por el Ejecutivo Municipal para la ratificaci\u00f3n de convenios.<\/p>\n<p class=\"\" style=\"font-weight: 400;\">En primera instancia, se trat\u00f3 un convenio espec\u00edfico entre la Secretar\u00eda Nacional de Ni\u00f1ez, Adolescencia y Familia, la Subsecretar\u00eda de Primera Infancia y la Municipalidad para la Implementaci\u00f3n del Plan Nacional de Primera Infancia y su Anexo A; tiene por objeto el <strong>fortalecimiento de Centros de Desarrollo Infantil Municipales<\/strong>, <strong>que brindan atenci\u00f3n integral a ni\u00f1os y ni\u00f1as de 45 d\u00edas a 4 a\u00f1os de edad en situaci\u00f3n de vulnerabilidad social.<\/strong><\/p>\n<p class=\"\"><img loading=\"lazy\" class=\"alignnone wp-image-13075\" src=\"http:\/\/hoycordobaweb.com\/wp-content\/uploads\/2022\/04\/buscan-fortalecer-los-centros-de-desarrollo-infantil-municipales.jpg\" alt=\"\" width=\"318\" height=\"212\" srcset=\"http:\/\/hoycordobaweb.com\/wp-content\/uploads\/2022\/04\/buscan-fortalecer-los-centros-de-desarrollo-infantil-municipales.jpg 1280w, http:\/\/hoycordobaweb.com\/wp-content\/uploads\/2022\/04\/buscan-fortalecer-los-centros-de-desarrollo-infantil-municipales-2.jpg 666w, http:\/\/hoycordobaweb.com\/wp-content\/uploads\/2022\/04\/buscan-fortalecer-los-centros-de-desarrollo-infantil-municipales-3.jpg 768w\" sizes=\"(max-width: 318px) 100vw, 318px\" \/><\/p>\n<p class=\"\" style=\"font-weight: 400;\">La concejal Soledad Ferraro indic\u00f3 que<strong> \u201cSenaf erogar\u00e1 un monto espec\u00edfico de dinero para aportes destinados al fortalecimiento de espacios f\u00edsicos, mejoras edilicias y equipamiento;<\/strong> as\u00ed como aquellos relativos a la cobertura de gastos operativos y actividades de promoci\u00f3n del desarrollo infantil, tales como asistencia nutricional, estimulaci\u00f3n temprana, promoci\u00f3n de la salud, y capacitaci\u00f3n y formaci\u00f3n para las familias y el personal de los espacios de primera infancia, su remodelaci\u00f3n y capacitaciones\u201d.<\/p>\n<p class=\"\" style=\"font-weight: 400;\">En segundo t\u00e9rmino, se aprob\u00f3 un Convenio de Cooperaci\u00f3n y Colaboraci\u00f3n en el marco del Programa \u201cM\u00e1s Vida Digna\u201d, que tiene como objetivo disminuir la pobreza estructural y mejorar el h\u00e1bitat y calidad de vida de personas en situaci\u00f3n de vulnerabilidad social.<\/p>\n<p class=\"\" style=\"font-weight: 400;\">Al comienzo de la sesi\u00f3n se hizo la designaci\u00f3n de las concejalas Mar\u00eda Eva Ontivero y Mar\u00eda Eugenia Terr\u00e9 para el Consejo Municipal por los Derechos de las Personas con Discapacidad.<\/p>\n<p class=\"\"><img loading=\"lazy\" class=\"alignnone wp-image-13076\" src=\"http:\/\/hoycordobaweb.com\/wp-content\/uploads\/2022\/04\/buscan-fortalecer-los-centros-de-desarrollo-infantil-municipales-1.jpg\" alt=\"\" width=\"336\" height=\"224\" srcset=\"http:\/\/hoycordobaweb.com\/wp-content\/uploads\/2022\/04\/buscan-fortalecer-los-centros-de-desarrollo-infantil-municipales-4.jpg 1280w, http:\/\/hoycordobaweb.com\/wp-content\/uploads\/2022\/04\/buscan-fortalecer-los-centros-de-desarrollo-infantil-municipales-5.jpg 666w, http:\/\/hoycordobaweb.com\/wp-content\/uploads\/2022\/04\/buscan-fortalecer-los-centros-de-desarrollo-infantil-municipales-6.jpg 768w\" sizes=\"(max-width: 336px) 100vw, 336px\" \/><\/p>\n<p class=\"\" style=\"font-weight: 400;\">Al finalizar la sesi\u00f3n el viceintendente Passerini convoc\u00f3 a las actividades que se est\u00e1n llevando adelante para conmemorar los 40 a\u00f1os de la Guerra de Malvinas: &#8220;Vamos a estar acompa\u00f1ando a nuestros h\u00e9roes en los distintos eventos art\u00edsticos y deportivos, siempre poniendo \u00e9nfasis en que los \u00fanicos reconocidos y homenajeados y quienes son destinatarios de este abrazo afectuoso son nuestros h\u00e9roes de Malvinas&#8221;, afirm\u00f3.<\/p>\n<p class=\"\">\n<div class=\"ubm_banner\"><a href=\"https:\/\/www.cba.gov.ar\/10-https:\/\/www.cba.gov.ar\/10-mil-viviendas\/?csrt=8333084810548506306\" target=\"_blank\" rel=\"dofollow noopener noreferrer\"><img src=\"http:\/\/hoycordobaweb.com\/wp-content\/uploads\/2022\/04\/buscan-fortalecer-los-centros-de-desarrollo-infantil-municipales.gif\" alt=\"\"><\/a><\/div>\n<\/div>\n<\/div>\n<\/div>\n<\/div>\n<div class=\"boldgrid-section\">\n<div class=\"container\">\n<div class=\"row\">\n<div class=\"col-md-12 col-xs-12 col-sm-12\"><\/div>\n<\/div>\n<\/div>\n<\/div>\n<p>La entrada <a rel=\"nofollow\" href=\"https:\/\/ladecimaweb.com\/buscan-fortalecer-los-centros-de-desarrollo-infantil-municipales\/\">Buscan fortalecer los centros de desarrollo infantil municipales<\/a> se public\u00f3 primero en <a rel=\"nofollow\" href=\"https:\/\/ladecimaweb.com\">LaDecima<\/a>.<\/p>\n","protected":false},"excerpt":{"rendered":"<p>En la sesi\u00f3n de ayer del Concejo Deliberante se aprobaron dos proyectos de ordenanza iniciados por el Ejecutivo Municipal para la ratificaci\u00f3n de convenios. En primera instancia, se trat\u00f3 un convenio espec\u00edfico entre la Secretar\u00eda Nacional de Ni\u00f1ez, Adolescencia y Familia, la Subsecretar\u00eda de Primera Infancia y la Municipalidad para la Implementaci\u00f3n del Plan Nacional [&hellip;]<\/p>\n","protected":false},"author":1,"featured_media":39317,"comment_status":"closed","ping_status":"closed","sticky":false,"template":"","format":"standard","meta":[],"categories":[19],"tags":[],"_links":{"self":[{"href":"http:\/\/hoycordobaweb.com\/index.php\/wp-json\/wp\/v2\/posts\/39316"}],"collection":[{"href":"http:\/\/hoycordobaweb.com\/index.php\/wp-json\/wp\/v2\/posts"}],"about":[{"href":"http:\/\/hoycordobaweb.com\/index.php\/wp-json\/wp\/v2\/types\/post"}],"author":[{"embeddable":true,"href":"http:\/\/hoycordobaweb.com\/index.php\/wp-json\/wp\/v2\/users\/1"}],"replies":[{"embeddable":true,"href":"http:\/\/hoycordobaweb.com\/index.php\/wp-json\/wp\/v2\/comments?post=39316"}],"version-history":[{"count":0,"href":"http:\/\/hoycordobaweb.com\/index.php\/wp-json\/wp\/v2\/posts\/39316\/revisions"}],"wp:featuredmedia":[{"embeddable":true,"href":"http:\/\/hoycordobaweb.com\/index.php\/wp-json\/wp\/v2\/media\/39317"}],"wp:attachment":[{"href":"http:\/\/hoycordobaweb.com\/index.php\/wp-json\/wp\/v2\/media?parent=39316"}],"wp:term":[{"taxonomy":"category","embeddable":true,"href":"http:\/\/hoycordobaweb.com\/index.php\/wp-json\/wp\/v2\/categories?post=39316"},{"taxonomy":"post_tag","embeddable":true,"href":"http:\/\/hoycordobaweb.com\/index.php\/wp-json\/wp\/v2\/tags?post=39316"}],"curies":[{"name":"wp","href":"https:\/\/api.w.org\/{rel}","templated":true}]}}