{"id":39289,"date":"2022-04-01T02:04:00","date_gmt":"2022-04-01T02:04:00","guid":{"rendered":"http:\/\/hoycordobaweb.com\/index.php\/2022\/04\/01\/el-presidente-se-reunira-con-el-embajador-arguello-y-con-perez-esquivel\/"},"modified":"2022-04-01T02:04:00","modified_gmt":"2022-04-01T02:04:00","slug":"el-presidente-se-reunira-con-el-embajador-arguello-y-con-perez-esquivel","status":"publish","type":"post","link":"http:\/\/hoycordobaweb.com\/index.php\/2022\/04\/01\/el-presidente-se-reunira-con-el-embajador-arguello-y-con-perez-esquivel\/","title":{"rendered":"El Presidente se reunir\u00e1 con el embajador Arg\u00fcello y con P\u00e9rez Esquivel"},"content":{"rendered":"<p><img src=\"http:\/\/hoycordobaweb.com\/wp-content\/uploads\/2022\/04\/el-presidente-se-reunira-con-el-embajador-arguello-y-con-perez-esquivel.jpg\"><\/p>\n<figure class=\"mb-3\"><img loading=\"lazy\" src=\"http:\/\/hoycordobaweb.com\/wp-content\/uploads\/2022\/04\/el-presidente-se-reunira-con-el-embajador-arguello-y-con-perez-esquivel-2.jpg\" width=\"100%\" height=\"100%\" alt=\"Foto archivo\"><figcaption> (Foto archivo) <\/figcaption><\/figure>\n<p>El presidente Alberto Fern\u00e1ndez recibir\u00e1 este viernes en Casa Rosada al embajador argentino en Estados Unidos, Jorge Arg\u00fcello, y al Premio Nobel de la Paz Adolfo P\u00e9rez Esquivel.<\/p>\n<p>El <strong>encuentro con Arg\u00fcello tendr\u00e1 lugar a las 16 horas<\/strong>, inform\u00f3 Presidencia.<\/p>\n<p>Posteriormente, a las <strong>19 horas, el mandatario recibir\u00e1 a P\u00e9rez Esquivel,<\/strong> junto a quien descubrir\u00e1 una obra de su autor\u00eda en la escalera Carpani, y luego visitar\u00e1n el Patio Malvinas Argentinas. <\/p>\n","protected":false},"excerpt":{"rendered":"<p>(Foto archivo) El presidente Alberto Fern\u00e1ndez recibir\u00e1 este viernes en Casa Rosada al embajador argentino en Estados Unidos, Jorge Arg\u00fcello, y al Premio Nobel de la Paz Adolfo P\u00e9rez Esquivel. El encuentro con Arg\u00fcello tendr\u00e1 lugar a las 16 horas, inform\u00f3 Presidencia. Posteriormente, a las 19 horas, el mandatario recibir\u00e1 a P\u00e9rez Esquivel, junto a [&hellip;]<\/p>\n","protected":false},"author":1,"featured_media":39290,"comment_status":"open","ping_status":"closed","sticky":false,"template":"","format":"standard","meta":[],"categories":[19],"tags":[],"_links":{"self":[{"href":"http:\/\/hoycordobaweb.com\/index.php\/wp-json\/wp\/v2\/posts\/39289"}],"collection":[{"href":"http:\/\/hoycordobaweb.com\/index.php\/wp-json\/wp\/v2\/posts"}],"about":[{"href":"http:\/\/hoycordobaweb.com\/index.php\/wp-json\/wp\/v2\/types\/post"}],"author":[{"embeddable":true,"href":"http:\/\/hoycordobaweb.com\/index.php\/wp-json\/wp\/v2\/users\/1"}],"replies":[{"embeddable":true,"href":"http:\/\/hoycordobaweb.com\/index.php\/wp-json\/wp\/v2\/comments?post=39289"}],"version-history":[{"count":0,"href":"http:\/\/hoycordobaweb.com\/index.php\/wp-json\/wp\/v2\/posts\/39289\/revisions"}],"wp:featuredmedia":[{"embeddable":true,"href":"http:\/\/hoycordobaweb.com\/index.php\/wp-json\/wp\/v2\/media\/39290"}],"wp:attachment":[{"href":"http:\/\/hoycordobaweb.com\/index.php\/wp-json\/wp\/v2\/media?parent=39289"}],"wp:term":[{"taxonomy":"category","embeddable":true,"href":"http:\/\/hoycordobaweb.com\/index.php\/wp-json\/wp\/v2\/categories?post=39289"},{"taxonomy":"post_tag","embeddable":true,"href":"http:\/\/hoycordobaweb.com\/index.php\/wp-json\/wp\/v2\/tags?post=39289"}],"curies":[{"name":"wp","href":"https:\/\/api.w.org\/{rel}","templated":true}]}}