{"id":39268,"date":"2022-04-01T02:59:23","date_gmt":"2022-04-01T02:59:23","guid":{"rendered":"http:\/\/hoycordobaweb.com\/index.php\/2022\/04\/01\/la-primera-cabina-de-var-en-el-futbol-argentino-ole\/"},"modified":"2022-04-01T02:59:23","modified_gmt":"2022-04-01T02:59:23","slug":"la-primera-cabina-de-var-en-el-futbol-argentino-ole","status":"publish","type":"post","link":"http:\/\/hoycordobaweb.com\/index.php\/2022\/04\/01\/la-primera-cabina-de-var-en-el-futbol-argentino-ole\/","title":{"rendered":"La primera cabina de VAR en el <b>f\u00fatbol argentino<\/b> &#8211; Ol\u00e9"},"content":{"rendered":"<p>La primera cabina de VAR en el <b>f\u00fatbol argentino<\/b>. La tecnolog\u00eda lleg\u00f3 al torneo local: mir\u00e1 la primera instalaci\u00f3n en la cancha de Col\u00f3n. La primera&nbsp;&#8230; <\/p>\n","protected":false},"excerpt":{"rendered":"<p>La primera cabina de VAR en el f\u00fatbol argentino. La tecnolog\u00eda lleg\u00f3 al torneo local: mir\u00e1 la primera instalaci\u00f3n en la cancha de Col\u00f3n. La primera&nbsp;&#8230;<\/p>\n","protected":false},"author":1,"featured_media":0,"comment_status":"closed","ping_status":"closed","sticky":false,"template":"","format":"standard","meta":[],"categories":[22],"tags":[],"_links":{"self":[{"href":"http:\/\/hoycordobaweb.com\/index.php\/wp-json\/wp\/v2\/posts\/39268"}],"collection":[{"href":"http:\/\/hoycordobaweb.com\/index.php\/wp-json\/wp\/v2\/posts"}],"about":[{"href":"http:\/\/hoycordobaweb.com\/index.php\/wp-json\/wp\/v2\/types\/post"}],"author":[{"embeddable":true,"href":"http:\/\/hoycordobaweb.com\/index.php\/wp-json\/wp\/v2\/users\/1"}],"replies":[{"embeddable":true,"href":"http:\/\/hoycordobaweb.com\/index.php\/wp-json\/wp\/v2\/comments?post=39268"}],"version-history":[{"count":0,"href":"http:\/\/hoycordobaweb.com\/index.php\/wp-json\/wp\/v2\/posts\/39268\/revisions"}],"wp:attachment":[{"href":"http:\/\/hoycordobaweb.com\/index.php\/wp-json\/wp\/v2\/media?parent=39268"}],"wp:term":[{"taxonomy":"category","embeddable":true,"href":"http:\/\/hoycordobaweb.com\/index.php\/wp-json\/wp\/v2\/categories?post=39268"},{"taxonomy":"post_tag","embeddable":true,"href":"http:\/\/hoycordobaweb.com\/index.php\/wp-json\/wp\/v2\/tags?post=39268"}],"curies":[{"name":"wp","href":"https:\/\/api.w.org\/{rel}","templated":true}]}}