{"id":39254,"date":"2022-04-01T00:46:00","date_gmt":"2022-04-01T00:46:00","guid":{"rendered":"http:\/\/hoycordobaweb.com\/index.php\/2022\/04\/01\/velan-al-chango-cardenas-en-la-legislatura-portena\/"},"modified":"2022-04-01T00:46:00","modified_gmt":"2022-04-01T00:46:00","slug":"velan-al-chango-cardenas-en-la-legislatura-portena","status":"publish","type":"post","link":"http:\/\/hoycordobaweb.com\/index.php\/2022\/04\/01\/velan-al-chango-cardenas-en-la-legislatura-portena\/","title":{"rendered":"Velan al \u00abChango\u00bb C\u00e1rdenas en la Legislatura porte\u00f1a"},"content":{"rendered":"<p><img src=\"http:\/\/hoycordobaweb.com\/wp-content\/uploads\/2022\/04\/velan-al-chango-cardenas-en-la-legislatura-portena.jpg\"><\/p>\n<figure class=\"mb-3\"><img loading=\"lazy\" src=\"http:\/\/hoycordobaweb.com\/wp-content\/uploads\/2022\/04\/velan-al-chango-cardenas-en-la-legislatura-portena-2.jpg\" width=\"100%\" height=\"100%\" alt=\"Foto Alejandro Santa Cruz\"><figcaption> Foto: Alejandro Santa Cruz <\/figcaption><\/figure>\n<p>Los restos de Juan Carlos \u00abChango\u00bb C\u00e1rdenas, autor del gol m\u00e1s importante en la historia de <strong>Racing Club<\/strong> y quien falleci\u00f3 la noche del mi\u00e9rcoles a los 76 a\u00f1os, son velados desde las 18 en la Legislatura de la Ciudad de Buenos.<\/p>\n<p>Las puertas del Palacio Legislativo sobre la Avenida Julio Argentino Roca 575 permanecer\u00e1n abiertas hasta las 24 para darle el \u00faltimo adi\u00f3s a uno de los m\u00e1ximos \u00eddolos de la historia de la instituci\u00f3n de Avellaneda.<\/p>\n<figure class=\"mb-3\"><img loading=\"lazy\" src=\"http:\/\/hoycordobaweb.com\/wp-content\/uploads\/2022\/04\/velan-al-chango-cardenas-en-la-legislatura-portena-3.jpg\" width=\"100%\" height=\"100%\" alt=\"Foto Alejandro Santa Cruz\"><figcaption> Foto: Alejandro Santa Cruz <\/figcaption><\/figure>\n<p>En el lugar estaban presentes los familiares y amigos del \u201cChango\u201d, en tanto que en el hall de ingreso a la capilla ardiente fueron depositadas varias coronas de flores enviadas por la Comisi\u00f3n Directiva de Racing, por el presidente de la entidad V\u00edctor Blanco, por Diego Simeone y por el Club Lamadrid.<\/p>\n<figure class=\"mb-3\"><img loading=\"lazy\" src=\"http:\/\/hoycordobaweb.com\/wp-content\/uploads\/2022\/04\/velan-al-chango-cardenas-en-la-legislatura-portena-4.jpg\" width=\"100%\" height=\"100%\" alt=\"Foto Alejandro Santa Cruz\"><figcaption> Foto: Alejandro Santa Cruz <\/figcaption><\/figure>\n<p>Juan Carlos C\u00e1rdenas fue nombrado personalidad destacada por la Legislatura de la Ciudad de Buenos Aires en noviembre 2014.<\/p>\n<p>Desde la instituci\u00f3n de Avellaneda confirmaron que C\u00e1rdenas tendr\u00e1 su merecido homenaje en la previa al choque del s\u00e1bado pr\u00f3ximo, en el que Racing recibir\u00e1 a Sarmiento de Jun\u00edn por la octava jornada de la Zona A de la Copa de la Liga Profesional de F\u00fatbol (LPF)<\/p>\n<blockquote class=\"twitter-tweet\" readability=\"3.1858407079646\">\n<p lang=\"es\" dir=\"ltr\">Gracias toda la vida, Chango.<a href=\"https:\/\/twitter.com\/hashtag\/ChangoEterno?src=hash&amp;ref_src=twsrc%5Etfw\">#ChangoEterno<\/a> <a href=\"https:\/\/t.co\/UTOqO47t11\">pic.twitter.com\/UTOqO47t11<\/a><\/p>\n<p>\u2014 Racing Club (@RacingClub) <a href=\"https:\/\/twitter.com\/RacingClub\/status\/1509636703757160459?ref_src=twsrc%5Etfw\">March 31, 2022<\/a><\/p><\/blockquote>\n","protected":false},"excerpt":{"rendered":"<p>Foto: Alejandro Santa Cruz Los restos de Juan Carlos \u00abChango\u00bb C\u00e1rdenas, autor del gol m\u00e1s importante en la historia de Racing Club y quien falleci\u00f3 la noche del mi\u00e9rcoles a los 76 a\u00f1os, son velados desde las 18 en la Legislatura de la Ciudad de Buenos. Las puertas del Palacio Legislativo sobre la Avenida Julio [&hellip;]<\/p>\n","protected":false},"author":1,"featured_media":39255,"comment_status":"open","ping_status":"closed","sticky":false,"template":"","format":"standard","meta":[],"categories":[16],"tags":[],"_links":{"self":[{"href":"http:\/\/hoycordobaweb.com\/index.php\/wp-json\/wp\/v2\/posts\/39254"}],"collection":[{"href":"http:\/\/hoycordobaweb.com\/index.php\/wp-json\/wp\/v2\/posts"}],"about":[{"href":"http:\/\/hoycordobaweb.com\/index.php\/wp-json\/wp\/v2\/types\/post"}],"author":[{"embeddable":true,"href":"http:\/\/hoycordobaweb.com\/index.php\/wp-json\/wp\/v2\/users\/1"}],"replies":[{"embeddable":true,"href":"http:\/\/hoycordobaweb.com\/index.php\/wp-json\/wp\/v2\/comments?post=39254"}],"version-history":[{"count":0,"href":"http:\/\/hoycordobaweb.com\/index.php\/wp-json\/wp\/v2\/posts\/39254\/revisions"}],"wp:featuredmedia":[{"embeddable":true,"href":"http:\/\/hoycordobaweb.com\/index.php\/wp-json\/wp\/v2\/media\/39255"}],"wp:attachment":[{"href":"http:\/\/hoycordobaweb.com\/index.php\/wp-json\/wp\/v2\/media?parent=39254"}],"wp:term":[{"taxonomy":"category","embeddable":true,"href":"http:\/\/hoycordobaweb.com\/index.php\/wp-json\/wp\/v2\/categories?post=39254"},{"taxonomy":"post_tag","embeddable":true,"href":"http:\/\/hoycordobaweb.com\/index.php\/wp-json\/wp\/v2\/tags?post=39254"}],"curies":[{"name":"wp","href":"https:\/\/api.w.org\/{rel}","templated":true}]}}