{"id":39179,"date":"2022-03-28T20:08:06","date_gmt":"2022-03-28T20:08:06","guid":{"rendered":"https:\/\/ladecimaweb.com\/?p=13030"},"modified":"2022-03-28T20:08:06","modified_gmt":"2022-03-28T20:08:06","slug":"el-dolar-blue-baja-a-200-tras-la-confirmacion-definitiva-del-acuerdo-con-el-fmi","status":"publish","type":"post","link":"http:\/\/hoycordobaweb.com\/index.php\/2022\/03\/28\/el-dolar-blue-baja-a-200-tras-la-confirmacion-definitiva-del-acuerdo-con-el-fmi\/","title":{"rendered":"El d\u00f3lar blue baja a $200 tras la confirmaci\u00f3n definitiva del acuerdo con el FMI"},"content":{"rendered":"<div class=\"boldgrid-section\">\n<div class=\"container\">\n<div class=\"row\">\n<div class=\"col-md-12 col-xs-12 col-sm-12\">\n<p class=\"\">El d\u00f3lar blue arranca la semana bajando 2 pesos y<span>&nbsp;<\/span><strong>cotiza a $200<\/strong><span>&nbsp;<\/span>para la venta y a $197 para la compra,<span>&nbsp;<\/span><strong>tras la confirmaci\u00f3n de que el Directorio del Fondo Monetario Internacional (FMI) aprob\u00f3 de forma definitiva el acuerdo con el Gobierno.<\/strong><\/p>\n<p class=\"\"><span>El&nbsp;<\/span><strong><a class=\"agrupador\" href=\"https:\/\/www.ambito.com\/dolar-blue-a5125572\" rel=\"5125572\">d\u00f3lar blue<\/a><span>&nbsp;<\/span>anot\u00f3 este lunes 28 de marzo del 2022 su mayor ca\u00edda diaria en dos semanas, hasta tocar su menor valor del a\u00f1o,<span>&nbsp;<\/span><\/strong><span>seg\u00fan un&nbsp;<\/span><strong><a href=\"https:\/\/www.ambito.com\/contenidos\/dolar.html\" target=\"_blank\" rel=\"follow noopener noreferrer\">relevamiento de \u00c1mbito<span>&nbsp;<\/span><\/a><\/strong><span>en el Mercado Negro de Divisas.<\/span><\/p>\n<p class=\"\"><strong>El d\u00f3lar oficial mayorista abri\u00f3 a $110,70,<\/strong><span>&nbsp;<\/span>registrando un alza de 32 centavos respecto al cierre de la semana pasada. El<span>&nbsp;<\/span><strong>d\u00f3lar minorista, en tanto, permanece sin alteraciones y cotiza a $115,50 en el Banco Naci\u00f3n,<\/strong><span>&nbsp;<\/span>mientras que el promedio de las entidades financieras se ubica en $116,10.<\/p>\n<p class=\"\">Con respecto a los d\u00f3lares financieros,<span>&nbsp;<\/span><strong>el contado con liquidaci\u00f3n (CCL) se mantiene por encima de los $209<\/strong><span>&nbsp;<\/span>para la venta y $198 para la compra. El d\u00f3lar MEP o bolsa, en tanto, contin\u00faa por encima de los $200.<\/p>\n<p class=\"\"><strong>El d\u00f3lar solidario, por su parte, avanza a $191 en promedio,<\/strong><span>&nbsp;<\/span>de acuerdo a las cotizaciones exhibidas en las entidades bancarias.<\/p>\n<div class=\"ubm_banner\"><a href=\"https:\/\/www.cba.gov.ar\/10-https:\/\/www.cba.gov.ar\/10-mil-viviendas\/?csrt=8333084810548506306\" target=\"_blank\" rel=\"dofollow noopener noreferrer\"><img src=\"http:\/\/hoycordobaweb.com\/wp-content\/uploads\/2022\/03\/el-dolar-blue-baja-a-200-tras-la-confirmacion-definitiva-del-acuerdo-con-el-fmi.gif\" alt=\"\"><\/a><\/div>\n<\/div>\n<\/div>\n<\/div>\n<\/div>\n<p>La entrada <a rel=\"nofollow\" href=\"https:\/\/ladecimaweb.com\/el-dolar-blue-baja-a-200-tras-la-confirmacion-definitiva-del-acuerdo-con-el-fmi\/\">El d\u00f3lar blue baja a $200 tras la confirmaci\u00f3n definitiva del acuerdo con el FMI<\/a> se public\u00f3 primero en <a rel=\"nofollow\" href=\"https:\/\/ladecimaweb.com\">LaDecima<\/a>.<\/p>\n","protected":false},"excerpt":{"rendered":"<p>El d\u00f3lar blue arranca la semana bajando 2 pesos y&nbsp;cotiza a $200&nbsp;para la venta y a $197 para la compra,&nbsp;tras la confirmaci\u00f3n de que el Directorio del Fondo Monetario Internacional (FMI) aprob\u00f3 de forma definitiva el acuerdo con el Gobierno. El&nbsp;d\u00f3lar blue&nbsp;anot\u00f3 este lunes 28 de marzo del 2022 su mayor ca\u00edda diaria en dos [&hellip;]<\/p>\n","protected":false},"author":1,"featured_media":39180,"comment_status":"closed","ping_status":"closed","sticky":false,"template":"","format":"standard","meta":[],"categories":[19],"tags":[],"_links":{"self":[{"href":"http:\/\/hoycordobaweb.com\/index.php\/wp-json\/wp\/v2\/posts\/39179"}],"collection":[{"href":"http:\/\/hoycordobaweb.com\/index.php\/wp-json\/wp\/v2\/posts"}],"about":[{"href":"http:\/\/hoycordobaweb.com\/index.php\/wp-json\/wp\/v2\/types\/post"}],"author":[{"embeddable":true,"href":"http:\/\/hoycordobaweb.com\/index.php\/wp-json\/wp\/v2\/users\/1"}],"replies":[{"embeddable":true,"href":"http:\/\/hoycordobaweb.com\/index.php\/wp-json\/wp\/v2\/comments?post=39179"}],"version-history":[{"count":0,"href":"http:\/\/hoycordobaweb.com\/index.php\/wp-json\/wp\/v2\/posts\/39179\/revisions"}],"wp:featuredmedia":[{"embeddable":true,"href":"http:\/\/hoycordobaweb.com\/index.php\/wp-json\/wp\/v2\/media\/39180"}],"wp:attachment":[{"href":"http:\/\/hoycordobaweb.com\/index.php\/wp-json\/wp\/v2\/media?parent=39179"}],"wp:term":[{"taxonomy":"category","embeddable":true,"href":"http:\/\/hoycordobaweb.com\/index.php\/wp-json\/wp\/v2\/categories?post=39179"},{"taxonomy":"post_tag","embeddable":true,"href":"http:\/\/hoycordobaweb.com\/index.php\/wp-json\/wp\/v2\/tags?post=39179"}],"curies":[{"name":"wp","href":"https:\/\/api.w.org\/{rel}","templated":true}]}}