{"id":39146,"date":"2022-03-28T12:46:41","date_gmt":"2022-03-28T12:46:41","guid":{"rendered":"https:\/\/www.mujerhoy.com\/moda\/no-te-pierdas\/falda-midi-rosa-zara-lapiz-barata-sienta-bien-favorece-look-tendencia-influencers-agotada-20220328034139-nt.html"},"modified":"2022-03-28T12:46:41","modified_gmt":"2022-03-28T12:46:41","slug":"ficha-la-falda-midi-rosa-de-zara-que-llevaria-la-reina-letizia-porque-sienta-de-lujo-y-es-super-tendencia","status":"publish","type":"post","link":"http:\/\/hoycordobaweb.com\/index.php\/2022\/03\/28\/ficha-la-falda-midi-rosa-de-zara-que-llevaria-la-reina-letizia-porque-sienta-de-lujo-y-es-super-tendencia\/","title":{"rendered":"Ficha la falda midi rosa de Zara que llevar\u00eda la reina Letizia porque sienta de lujo y es s\u00faper tendencia"},"content":{"rendered":"<p><!-- AUTHOR --><!-- COMPONENTS --><\/p>\n<p class=\"voc-paragraph\">Como ya sabr\u00e1s, <strong>la reina Letizia<\/strong> es muy fan de las faldas l\u00e1piz. Ese <strong>modelo de largo midi y fit ajustado <\/strong>es uno de sus favoritos y recurre a \u00e9l en much\u00edsimas ocasiones. \u00bfLa \u00faltima? Con <a data-voc-vtm-id=\"in-text-traffic\" href=\"https:\/\/www.mujerhoy.com\/moda\/no-te-pierdas\/reina-letizia-falda-midi-zara-azul-verde-barata-ponible-estiliza-sienta-bien-favorece-20220322132150-nt.html\">este dise\u00f1o con cintur\u00f3n<\/a> con el que estaba espectacular. Y es que, una falda de tubo es una prenda que <strong>sienta de maravilla<\/strong> y que puedes usar en muchas m\u00e1s ocasiones de las que piensas. Y si est\u00e1s pensando en hacerte con una, tenemos<br \/>\n<strong> un modelo rosa de Zara<\/strong> que te va a robar el coraz\u00f3n.\n<\/p>\n<p class=\"voc-paragraph\">Si todav\u00eda no has probado el efecto favorecedor de una falda de tubo, bienvenida, tenemos la opci\u00f3n perfecta para que lo hagas y saques un diez. E<br \/>\n<strong>l color rosa es el favorito de la temporada <\/strong>y son much\u00edsimas las opciones que hay en el low cost para unirte a \u00e9l. Pero si quieres ser<br \/>\n<strong> la mas original y diferente<\/strong>, tienes que probar esta falda de Zara que ya han fichado las <strong>influencers <\/strong>y que es todo un acierto.\n<\/p>\n<p class=\"voc-paragraph\">Hablamos de una<br \/>\n<strong> falda midi de tiro alto con solapas delanteras <\/strong>con el famoso corte l\u00e1piz. Queda ajustada a toda la figura consiguiendo un efecto visual de <strong>cuerpo m\u00e1s estilizado y definido<\/strong>. Y, sumado a este rosa tan favorecedor, es (para nosotras) la prenda que no puedes dejar escapar esta primavera. Cuesta <strong>29,95 euros<\/strong> y si no nos crees, atenta al look de la influencer portuguesa <strong>Joana Vaz<\/strong>.\n<\/p>\n<div class=\"voc-detail-photo-zoom\"><picture data-toggle=\"modal\" data-target=\"#photoZoomModal-202\" target=\"modal\">\n<div class=\"voc-img-icon-link\"><img loading=\"lazy\" data-original=\"\/\/static2.mujerhoy.com\/www\/multimedia\/202203\/28\/media\/cortadas\/falda-midi-lapiz-tubo-rosa-k5b--460x637@MujerHoy.jpg\" class=\"lazy\" alt=\"ZARA\"><noscript><img src=\"http:\/\/hoycordobaweb.com\/wp-content\/uploads\/2022\/03\/ficha-la-falda-midi-rosa-de-zara-que-llevaria-la-reina-letizia-porque-sienta-de-lujo-y-es-super-tendencia.jpg\" alt=\"ZARA\"><\/noscript><i class=\"voc-icons zoom voc-multimedia-box voc-ico-l\"><\/i><\/div><figcaption class=\"figure-caption\">ZARA<\/figcaption><\/picture><\/div>\n<div id=\"photoZoomModal-202\" class=\"voc-lightbox modal fade voc-lightbox--photo-zoom\" role=\"dialog\" data-voc-photozoom-lightbox>\n<div class=\"voc-lightbox__dialog\" role=\"document\">\n<div class=\"voc-lightbox__content\"><!-- Modal header --><\/p>\n<header class=\"voc-lightbox__header\"><span class=\"voc-lightbox__title\">ZARA<\/span><\/header>\n<p><!-- Modal content --><\/p>\n<div class=\"voc-lightbox__photo-container\"><picture class><img loading=\"lazy\" data-original=\"\/\/static2.mujerhoy.com\/www\/multimedia\/202203\/28\/media\/cortadas\/falda-midi-lapiz-tubo-rosa-k5b--460x637@MujerHoy.jpg\" alt=\"ZARA\" class=\"lazy\"><noscript><img src=\"http:\/\/hoycordobaweb.com\/wp-content\/uploads\/2022\/03\/ficha-la-falda-midi-rosa-de-zara-que-llevaria-la-reina-letizia-porque-sienta-de-lujo-y-es-super-tendencia.jpg\" alt=\"ZARA\"><\/noscript><\/picture><\/div>\n<\/div>\n<\/div>\n<\/div>\n<p class=\"voc-paragraph\">Ella la ha combinado con <strong>amarillo <\/strong>(tambi\u00e9n puede ser ver e ir\u00e1s a la ultim\u00edsima con la combinaci\u00f3n favorita de la primavera). Ha a\u00f1adido un <strong>jersey <\/strong>de manga larga y zapatos y bolso en rosa. Ideal, \u00bfverdad? Aunque t\u00fa puedes escoger algo m\u00e1s sencillo como el blanco si no te atreves con un look a todo color. Algunas tallas ya est\u00e1n <strong>agotadas<\/strong>, as\u00ed que corre porque promete desaparecer en poco tiempo.\n<\/p>\n<div class=\"voc-detail__cmp voc-detail__cmp--pad-lr voc-detail__cmp--pad-lr--bdr\">\n<div class=\"voc-ficha-detail__wrapper\">\n<section class=\"voc-ficha-detail\">\n<h4 class=\"voc-ficha-detail-title voc-title-section\">te recomendamos<\/h4>\n<\/section>\n<\/div>\n<\/div>\n<p><!-- TOPICS --><\/p>\n","protected":false},"excerpt":{"rendered":"<p>Como ya sabr\u00e1s, la reina Letizia es muy fan de las faldas l\u00e1piz. Ese modelo de largo midi y fit ajustado es uno de sus favoritos y recurre a \u00e9l en much\u00edsimas ocasiones. \u00bfLa \u00faltima? Con este dise\u00f1o con cintur\u00f3n con el que estaba espectacular. Y es que, una falda de tubo es una prenda [&hellip;]<\/p>\n","protected":false},"author":1,"featured_media":39147,"comment_status":"closed","ping_status":"closed","sticky":false,"template":"","format":"standard","meta":[],"categories":[1],"tags":[],"_links":{"self":[{"href":"http:\/\/hoycordobaweb.com\/index.php\/wp-json\/wp\/v2\/posts\/39146"}],"collection":[{"href":"http:\/\/hoycordobaweb.com\/index.php\/wp-json\/wp\/v2\/posts"}],"about":[{"href":"http:\/\/hoycordobaweb.com\/index.php\/wp-json\/wp\/v2\/types\/post"}],"author":[{"embeddable":true,"href":"http:\/\/hoycordobaweb.com\/index.php\/wp-json\/wp\/v2\/users\/1"}],"replies":[{"embeddable":true,"href":"http:\/\/hoycordobaweb.com\/index.php\/wp-json\/wp\/v2\/comments?post=39146"}],"version-history":[{"count":0,"href":"http:\/\/hoycordobaweb.com\/index.php\/wp-json\/wp\/v2\/posts\/39146\/revisions"}],"wp:featuredmedia":[{"embeddable":true,"href":"http:\/\/hoycordobaweb.com\/index.php\/wp-json\/wp\/v2\/media\/39147"}],"wp:attachment":[{"href":"http:\/\/hoycordobaweb.com\/index.php\/wp-json\/wp\/v2\/media?parent=39146"}],"wp:term":[{"taxonomy":"category","embeddable":true,"href":"http:\/\/hoycordobaweb.com\/index.php\/wp-json\/wp\/v2\/categories?post=39146"},{"taxonomy":"post_tag","embeddable":true,"href":"http:\/\/hoycordobaweb.com\/index.php\/wp-json\/wp\/v2\/tags?post=39146"}],"curies":[{"name":"wp","href":"https:\/\/api.w.org\/{rel}","templated":true}]}}