{"id":39124,"date":"2022-03-28T20:43:48","date_gmt":"2022-03-28T20:43:48","guid":{"rendered":"https:\/\/ladecimaweb.com\/?p=13037"},"modified":"2022-03-28T20:43:48","modified_gmt":"2022-03-28T20:43:48","slug":"grilla-de-actividades-en-homenaje-por-los-40-anos-de-la-guerra-de-malvinas","status":"publish","type":"post","link":"http:\/\/hoycordobaweb.com\/index.php\/2022\/03\/28\/grilla-de-actividades-en-homenaje-por-los-40-anos-de-la-guerra-de-malvinas\/","title":{"rendered":"Grilla de actividades en homenaje por los 40 a\u00f1os de la guerra de Malvinas"},"content":{"rendered":"<div class=\"boldgrid-section\">\n<div class=\"container\">\n<div class=\"row\">\n<div class=\"col-md-12 col-xs-12 col-sm-12\">\n<p class=\"\" align=\"justify\"><span style=\"font-size: small; font-family: georgia, palatino, serif;\">El viceintendente Daniel Passerini junto al ministro de Desarrollo Social de la provincia Juan Carlos Massei, encabezaron esta ma\u00f1ana en el Cabildo hist\u00f3rico de la ciudad una conferencia de prensa para presentar la grilla de actividades propuestas en conmemoraci\u00f3n y homenaje a <strong>40 a\u00f1os de la guerra del Atl\u00e1ntico Sur.<\/strong><\/span><\/p>\n<p class=\"\" align=\"justify\"><span style=\"font-size: small; font-family: georgia, palatino, serif;\">Las actividades surgen de un trabajo conjunto entre la Comisi\u00f3n de Homenaje y Reflexi\u00f3n por el 40\u00ba Aniversario del Conflicto del Atl\u00e1ntico Sur, la Municipalidad de C\u00f3rdoba, las organizaciones de veteranos y el Gobierno de la provincia.<\/span><\/p>\n<p class=\"\" align=\"justify\"><span style=\"font-size: small; font-family: georgia, palatino, serif;\">Las actividades comienzan hoy. El acto central ser\u00e1 el viernes 1 de abril a partir de las 21 horas, acompa\u00f1ando la vigilia de la noche anterior esperando el 2 de abril.<\/span><\/p>\n<p class=\"\" align=\"justify\"><span style=\"font-size: small; font-family: georgia, palatino, serif;\">El s\u00e1bado 2 a las 9 horas se realizar\u00e1 el izamiento del Pabell\u00f3n Nacional, iniciando las actividades que se desarrollar\u00e1n durante todo el d\u00eda y que incluyen un <strong>locro popular y espect\u00e1culos art\u00edsticos.<\/strong><\/span><\/p>\n<p class=\"\" align=\"justify\"><span style=\"font-size: small; font-family: georgia, palatino, serif;\"><strong>El viceintendente Daniel Passerini<\/strong> destac\u00f3 la relevancia de las actividades, destacando la importancia de la presencia de veteranos y Fuerzas Armadas trabajando en conjunto con el municipio y la provincia para hacer posible la conmemoraci\u00f3n. Afirm\u00f3: &#8220;Las actividades son un justo reconocimiento hacia los veteranos de Malvinas y sus familias, que comenzamos desde el Concejo Deliberante en el 2021 con el izamiento de nuestra bandera patria todos los meses en diferentes puntos de la ciudad, para llegar a esta fecha con una nutrida agenda, honrando a nuestros h\u00e9roes&#8221;.<\/span><\/p>\n<p align=\"justify\"><span style=\"font-size: small; font-family: georgia, palatino, serif;\">Por su parte, el ministro Carlos Massei destac\u00f3 la importancia de esta serie de eventos conmemorativos:<\/span><\/p>\n<p class=\"\" align=\"justify\"><span style=\"font-size: small; font-family: georgia, palatino, serif;\">&#8220;Esta semana de homenaje y reflexi\u00f3n en el 40\u00b0Aniversario de la Gesta de Malvinas tiene tres premisas fundamentales. Mantener nuestra lucha por la soberan\u00eda de Malvinas en todos los foros internacionales con una diplomacia activa para el reconocimiento de nuestra soberan\u00eda. Visibilizar la causa Malvinas en la memoria activa, especialmente en las nuevas generaciones. Y homenajear como se merecen a nuestros ex combatientes, recordar a nuestros soldados ca\u00eddos y a nuestros Veteranos, que son nuestros hermanos que pusieron el pecho por la Patria&#8221;.<\/span><\/p>\n<p class=\"\" align=\"justify\"><img loading=\"lazy\" class=\"wp-image-13038 aligncenter\" src=\"http:\/\/hoycordobaweb.com\/wp-content\/uploads\/2022\/03\/grilla-de-actividades-en-homenaje-por-los-40-anos-de-la-guerra-de-malvinas.jpg\" alt=\"\" width=\"644\" height=\"429\" srcset=\"http:\/\/hoycordobaweb.com\/wp-content\/uploads\/2022\/03\/grilla-de-actividades-en-homenaje-por-los-40-anos-de-la-guerra-de-malvinas.jpg 1599w, http:\/\/hoycordobaweb.com\/wp-content\/uploads\/2022\/03\/grilla-de-actividades-en-homenaje-por-los-40-anos-de-la-guerra-de-malvinas-1.jpg 666w, http:\/\/hoycordobaweb.com\/wp-content\/uploads\/2022\/03\/grilla-de-actividades-en-homenaje-por-los-40-anos-de-la-guerra-de-malvinas-2.jpg 768w, http:\/\/hoycordobaweb.com\/wp-content\/uploads\/2022\/03\/grilla-de-actividades-en-homenaje-por-los-40-anos-de-la-guerra-de-malvinas-3.jpg 1536w\" sizes=\"(max-width: 644px) 100vw, 644px\" \/><\/p>\n<p class=\"\" align=\"justify\"><span style=\"font-size: small; font-family: georgia, palatino, serif;\">Passerini cerr\u00f3 la conferencia de prensa invitando a la ciudadan\u00eda a participar de la vigilia el viernes 1 a las 21 horas enarbolando banderas argentinas.<\/span><\/p>\n<p align=\"justify\"><span style=\"font-size: small; font-family: georgia, palatino, serif;\">Estuvieron presentes en la Conferencia de Prensa el secretario de Cultura y Juventud Mariano Almada, el secretario de Pol\u00edticas Sociales, Inclusi\u00f3n y Convivencia Ra\u00fal La Cava, Roberto Altamira representando a la Federaci\u00f3n de Veteranos de Guerra, Daniel Fern\u00e1ndez, Director de Coordinaci\u00f3n de la Agencia C\u00f3rdoba Cultura, concejales, concejalas, representantes de organizaciones de veteranos y de las Fuerzas Armadas.<\/span><\/p>\n<p class=\"\" align=\"justify\">\n<div class=\"ubm_banner\"><a href=\"https:\/\/www.cba.gov.ar\/10-https:\/\/www.cba.gov.ar\/10-mil-viviendas\/?csrt=8333084810548506306\" target=\"_blank\" rel=\"dofollow noopener noreferrer\"><img src=\"http:\/\/hoycordobaweb.com\/wp-content\/uploads\/2022\/03\/grilla-de-actividades-en-homenaje-por-los-40-anos-de-la-guerra-de-malvinas.gif\" alt=\"\"><\/a><\/div>\n<\/div>\n<\/div>\n<\/div>\n<\/div>\n<p>La entrada <a rel=\"nofollow\" href=\"https:\/\/ladecimaweb.com\/grilla-de-actividades-en-homenaje-por-los-40-anos-de-la-guerra-de-malvinas\/\">Grilla de actividades en homenaje por los 40 a\u00f1os de la guerra de Malvinas<\/a> se public\u00f3 primero en <a rel=\"nofollow\" href=\"https:\/\/ladecimaweb.com\">LaDecima<\/a>.<\/p>\n","protected":false},"excerpt":{"rendered":"<p>El viceintendente Daniel Passerini junto al ministro de Desarrollo Social de la provincia Juan Carlos Massei, encabezaron esta ma\u00f1ana en el Cabildo hist\u00f3rico de la ciudad una conferencia de prensa para presentar la grilla de actividades propuestas en conmemoraci\u00f3n y homenaje a 40 a\u00f1os de la guerra del Atl\u00e1ntico Sur. Las actividades surgen de un [&hellip;]<\/p>\n","protected":false},"author":1,"featured_media":39125,"comment_status":"closed","ping_status":"closed","sticky":false,"template":"","format":"standard","meta":[],"categories":[19],"tags":[],"_links":{"self":[{"href":"http:\/\/hoycordobaweb.com\/index.php\/wp-json\/wp\/v2\/posts\/39124"}],"collection":[{"href":"http:\/\/hoycordobaweb.com\/index.php\/wp-json\/wp\/v2\/posts"}],"about":[{"href":"http:\/\/hoycordobaweb.com\/index.php\/wp-json\/wp\/v2\/types\/post"}],"author":[{"embeddable":true,"href":"http:\/\/hoycordobaweb.com\/index.php\/wp-json\/wp\/v2\/users\/1"}],"replies":[{"embeddable":true,"href":"http:\/\/hoycordobaweb.com\/index.php\/wp-json\/wp\/v2\/comments?post=39124"}],"version-history":[{"count":0,"href":"http:\/\/hoycordobaweb.com\/index.php\/wp-json\/wp\/v2\/posts\/39124\/revisions"}],"wp:featuredmedia":[{"embeddable":true,"href":"http:\/\/hoycordobaweb.com\/index.php\/wp-json\/wp\/v2\/media\/39125"}],"wp:attachment":[{"href":"http:\/\/hoycordobaweb.com\/index.php\/wp-json\/wp\/v2\/media?parent=39124"}],"wp:term":[{"taxonomy":"category","embeddable":true,"href":"http:\/\/hoycordobaweb.com\/index.php\/wp-json\/wp\/v2\/categories?post=39124"},{"taxonomy":"post_tag","embeddable":true,"href":"http:\/\/hoycordobaweb.com\/index.php\/wp-json\/wp\/v2\/tags?post=39124"}],"curies":[{"name":"wp","href":"https:\/\/api.w.org\/{rel}","templated":true}]}}