{"id":39031,"date":"2022-03-27T02:45:19","date_gmt":"2022-03-27T02:45:19","guid":{"rendered":"https:\/\/www.ole.com.ar\/independiente\/eduardo-dominguez-independiente-copa-argentina-central-norte_0_EgJqy8lF4g.html"},"modified":"2022-03-27T02:45:19","modified_gmt":"2022-03-27T02:45:19","slug":"dominguez-quien-no-quisiera-tener-a-mingo-en-su-equipo","status":"publish","type":"post","link":"http:\/\/hoycordobaweb.com\/index.php\/2022\/03\/27\/dominguez-quien-no-quisiera-tener-a-mingo-en-su-equipo\/","title":{"rendered":"Dom\u00ednguez: \u00ab\u00bfQui\u00e9n no quisiera tener a Mingo en su equipo?\u00bb"},"content":{"rendered":"<p><img src=\"http:\/\/hoycordobaweb.com\/wp-content\/uploads\/2022\/03\/dominguez-quien-no-quisiera-tener-a-mingo-en-su-equipo.jpg\"><\/p>\n<p><a alt=\"club-atletico-independiente\" class=\"slug\" href=\"https:\/\/www.ole.com.ar\/tema\/club-atletico-independiente.html\" target=\"_blank\" title=\"club-atletico-independiente\" rel=\"noopener noreferrer\">Independiente<\/a> zaf\u00f3 por <a href=\"https:\/\/www.ole.com.ar\/copa-argentina\/video-independiente-serie-penales_0_AMB1dxbRPD.html\" target=\"_blank\" rel=\"noopener noreferrer\">Milton \u00c1lvarez y por la baja efectividad en los penales de Central Norte<\/a>. Es que el humilde equipo salte\u00f1o que milita en el Federal A, le complic\u00f3 las cosas al Rojo en su debut por <a alt=\"copa-argentina\" class=\"slug\" href=\"https:\/\/www.ole.com.ar\/tema\/copa-argentina.html\" target=\"_blank\" title=\"copa-argentina\" rel=\"noopener noreferrer\">Copa Argentina<\/a> y, en un clima tenso por el <a href=\"https:\/\/www.ole.com.ar\/independiente\/convocatoria-fanaticos-dinero-dirigencia_0_AfrRIgHAvY.html\" target=\"_blank\" rel=\"noopener noreferrer\">andar deportivo e institucional<\/a>, los comandados por <a alt=\"eduardo-dominguez\" class=\"slug\" href=\"https:\/\/www.ole.com.ar\/tema\/eduardo-dominguez.html\" target=\"_blank\" title=\"eduardo-dominguez\" rel=\"noopener noreferrer\">Eduardo Dom\u00ednguez<\/a> <a data-cke-saved-href=\"https:\/\/www.ole.com.ar\/copa-argentina\/copa-argentina-rojo-central-norte_0_8cTIqpbQJh.html\" target=\"_blank\" href=\"https:\/\/www.ole.com.ar\/copa-argentina\/copa-argentina-rojo-central-norte_0_8cTIqpbQJh.html\" rel=\"noopener noreferrer\"><strong>se impusieron 4-3 en la tanda de penales<\/strong><\/a> (1-1 en tiempo regular) y <strong>ahora esperan por el vencedor de Brown de Adrogu\u00e9 y Atl\u00e9tico Tucum\u00e1n en los 16avos de final.<\/strong><\/p>\n<p>Tras la ajustada clasificaci\u00f3n, la cual tuvo un festejo muuuy mesurado, el ex DT de Col\u00f3n se plant\u00f3 en conferencia de prensa y, si bien fue autocr\u00edtico, pidi\u00f3 tiempo y apoy\u00f3 a sus dirigidos:&nbsp;<strong>\u00abLo digo constantemente, el an\u00e1lisis en caliente es muy dificil de hacer, despu\u00e9s hay que desmenuzar un mont\u00f3n de cosa de por qu\u00e9 se dieron de esta forma.<\/strong> Hoy , a la generalidad, se puede trabajar mejor sabiendo que hemos pasado de fase. Es un partido, el rival viene a demostrar todo lo que tiene y que se dificulta mucho y hoy hemos jugado en un gran estadio, por momentos nos centramos en nuestros errores, pero hay que convivir con esto.<mark> El pasado fin de semana no merecimos ir como nos fuimos pero las circunstancias son as\u00ed, es esta, hay que seguir trabajando.<\/mark> Ahora se viene una linda seguidilla. Tenemos un gran equipo pero va a depender de nosotros. <strong>Acepto la realidad y tenemos que mejorar\u00bb.<\/strong><\/p>\n<div class=\"sp__SM\">\n<div class=\"content-new \">\n<span class=\"tit-mobile\">Mir\u00e1 tambi\u00e9n<\/span><\/p>\n<div class=\"mg\">\n<div class=\"wrap-figure\">\n<picture>\n<a href=\"https:\/\/www.ole.com.ar\/copa-argentina\/independiente-video-gol-central-norte-copa-argentina-error_0_HgYDlO9Mww.html\" target=\"_self\" rel=\"noopener noreferrer\"><br \/>\n<img class=\"img-responsive\" alt=\"Video: el error en defensa del Rojo que deriv\u00f3 en gol de Central Norte\" src=\"http:\/\/hoycordobaweb.com\/wp-content\/uploads\/2022\/03\/dominguez-quien-no-quisiera-tener-a-mingo-en-su-equipo-2.jpg\" loading=\"lazy\"><br \/>\n<\/a>\n<\/picture>\n<\/div>\n<\/div><\/div>\n<\/div>\n<p>\u00abEstamos para afrontar esta realidad, estamos de pie y tenemos un gran equipo. Creemos mucho en estos jugadores, pero va a depender de nosotros y de la actitud que tengamos para enfrentar estos partidos.<strong> Siento que todav\u00eda estamos a medias, ni para adelante ni para atr\u00e1s y nos tenemos que decidir, para d\u00f3nde queremos ir.<\/strong> Ni presionamos ni nos cuidamos atr\u00e1s, nos tenemos que definir como equipo y la valent\u00eda de los jugadores nos va a llevar a eso\u00bb, a\u00f1adi\u00f3 el estratega del CAI.&nbsp;<\/p>\n<p>Al ser consultado por <a data-cke-saved-href=\"https:\/\/www.ole.com.ar\/independiente\/gesto-domingo-blanco-gol_0_iQXUi0uPlY.html\" target=\"_blank\" href=\"https:\/\/www.ole.com.ar\/independiente\/gesto-domingo-blanco-gol_0_iQXUi0uPlY.html\" rel=\"noopener noreferrer\">el gesto de Domingo Blanco en el festejo, en el cual mand\u00f3 a callar a los hinchas<\/a>, Dom\u00ednguez se mostr\u00f3 sorprendido: \u00abMe agarr\u00e1s de sorpresa, no se qu\u00e9 hizo. Me da la impresi\u00f3n que escuchan una parte de lo que dicen\u00bb y luego lo banc\u00f3: <strong>\u00ab\u00bfQui\u00e9n no quisiera tener a Mingo (Blanco) en su club o en su equipo? <\/strong>Todo lo que pasa por fuera son decisiones dirigenciales y de sus empresarios, \u00e9l tiene empresarios y est\u00e1 muy bien que no se meta. \u00c9l ya fij\u00f3 la postura de querer negociar y querer estar. <strong>Obviamente hay gente que quiere que arregle ya y \u00e9l cuida su trabajo y lo de uno y est\u00e1 perfecto que lo haga, como el club cuida los intereses del club y me parece fant\u00e1stico que as\u00ed sea.<\/strong> Hay que ver toda la pel\u00edcula, no un trailer, con toda la pel\u00edcula es diferente\u00bb.<\/p>\n<div class=\"sp__SM\">\n<div class=\"content-new \">\n<span class=\"tit-mobile\">Mir\u00e1 tambi\u00e9n<\/span><\/p>\n<div class=\"mg\">\n<div class=\"wrap-figure\">\n<picture>\n<a href=\"https:\/\/www.ole.com.ar\/independiente\/lucas-gonzalez-lesionado_0_bTDKkm6q12.html\" target=\"_self\" rel=\"noopener noreferrer\"><br \/>\n<img class=\"img-responsive\" alt=\"Lucas Gonz\u00e1lez: sali\u00f3 lesionado a los 22 minutos y hay preocupaci\u00f3n\" src=\"http:\/\/hoycordobaweb.com\/wp-content\/uploads\/2022\/03\/dominguez-quien-no-quisiera-tener-a-mingo-en-su-equipo-3.jpg\" loading=\"lazy\"><br \/>\n<\/a>\n<\/picture>\n<\/div>\n<\/div><\/div>\n<\/div>\n<div class=\"sp__Normal\">\n<div class=\"image-embeb image-trigger\" readability=\"6\">\n<picture><source media=\"(min-width: 720px)\" srcset=\"http:\/\/hoycordobaweb.com\/wp-content\/uploads\/2022\/03\/dominguez-quien-no-quisiera-tener-a-mingo-en-su-equipo-4.jpg\"><img itemprop=\"image\" src=\"http:\/\/hoycordobaweb.com\/wp-content\/uploads\/2022\/03\/dominguez-quien-no-quisiera-tener-a-mingo-en-su-equipo-4.jpg\" loading=\"lazy\" alt=\"\u00c1lvarez fue la gran figura en C\u00f3rdoba.\">\n<\/picture><figcaption readability=\"2\">\n<p>\u00c1lvarez fue la gran figura en C\u00f3rdoba.\n<\/p>\n<\/figcaption><\/div>\n<\/div>\n<p>\u00abEntiendo a la gente y la situaci\u00f3n de todos, es aceptar y caminar el camino que queremos caminar. Nos debemos decidir hacia d\u00f3nde vamos. Las dos cosas van de la mano, el equipo va a levantar las individualidades y esas individualidades van a levantar al equipo. creo que estamos quedando a la mitad, cuando nos decidamos c\u00f3mo hacerlo, va a cambiar. Con equipos important\u00edsimos fuimos muy superiores, el tema es c\u00f3mo lo reflejamos. Correr para atr\u00e1s vamos atener que correr para atr\u00e1s, no va a haber problema, el tema es identificarse. Parezco repetitivo y cansador, yo tengo la paciencia y la tranquilidad para trabajar, necesitamos tiempo. Estamos hace dos meses\u00bb, agreg\u00f3 Dom\u00ednguez, que lleg\u00f3 a un Independiente diezmado en el pasado mes de enero.&nbsp;<\/p>\n<div class=\"sp__Normal\">\n<div class=\"image-embeb image-trigger\" readability=\"6\">\n<picture><source media=\"(min-width: 720px)\" srcset=\"http:\/\/hoycordobaweb.com\/wp-content\/uploads\/2022\/03\/dominguez-quien-no-quisiera-tener-a-mingo-en-su-equipo-5.jpg\"><img itemprop=\"image\" src=\"http:\/\/hoycordobaweb.com\/wp-content\/uploads\/2022\/03\/dominguez-quien-no-quisiera-tener-a-mingo-en-su-equipo-5.jpg\" loading=\"lazy\" alt=\"Independiente con la foto cl\u00e1sica del cheque.\">\n<\/picture><figcaption readability=\"2\">\n<p>Independiente con la foto cl\u00e1sica del cheque.\n<\/p>\n<\/figcaption><\/div>\n<\/div>\n<p>Adem\u00e1s, respecto al juego del Rojo, dijo: \u00abLo vamos encontrando por momentos y creo que muchos otros, por querer generar algo similar, nos abatatamos y nos olvidamos c\u00f3mo generar. Todos nuestros goles son muy parecidos, pasan los laterales, se genera el espacio, pica r\u00e1pido&#8230; pero cuando no podemos tirarla r\u00e1pido insistimos en jugar por adentro cuando quiz\u00e1s hay que lateralizar y tenerla m\u00e1s con los apoyos, ah\u00ed se dificulta.<strong> Nos sirve para saber c\u00f3mo estamos parados, yo acepto la realidad y tratamos de mejorarla\u00bb.<\/strong><\/p>\n<div class=\"sp__SM\">\n<div class=\"content-new \">\n<span class=\"tit-mobile\">Mir\u00e1 tambi\u00e9n<\/span><\/p>\n<div class=\"mg\">\n<div class=\"wrap-figure\">\n<picture>\n<a href=\"https:\/\/www.ole.com.ar\/independiente\/gesto-domingo-blanco-gol_0_iQXUi0uPlY.html\" target=\"_self\" rel=\"noopener noreferrer\"><br \/>\n<img class=\"img-responsive\" alt=\"Video: Domingo Blanco les pidi\u00f3 silencio a los hinchas del Rojo\" src=\"http:\/\/hoycordobaweb.com\/wp-content\/uploads\/2022\/03\/dominguez-quien-no-quisiera-tener-a-mingo-en-su-equipo-6.jpg\" loading=\"lazy\"><br \/>\n<\/a>\n<\/picture>\n<\/div>\n<\/div><\/div>\n<\/div>\n<div class=\"sp__SM\">\n<div class=\"content-new \">\n<span class=\"tit-mobile\">Mir\u00e1 tambi\u00e9n<\/span><\/p>\n<div class=\"mg\">\n<div class=\"wrap-figure\">\n<picture>\n<a href=\"https:\/\/www.ole.com.ar\/copa-argentina\/video-independiente-serie-penales_0_AMB1dxbRPD.html\" target=\"_self\" rel=\"noopener noreferrer\"><br \/>\n<img class=\"img-responsive\" alt=\"Video: as\u00ed fue la serie de penales que clasific\u00f3 a Independiente\" src=\"http:\/\/hoycordobaweb.com\/wp-content\/uploads\/2022\/03\/dominguez-quien-no-quisiera-tener-a-mingo-en-su-equipo-7.jpg\" loading=\"lazy\"><br \/>\n<\/a>\n<\/picture>\n<\/div>\n<\/div><\/div>\n<\/div>\n<div class=\"sp__SM\">\n<div class=\"content-new \">\n<span class=\"tit-mobile\">Mir\u00e1 tambi\u00e9n<\/span><\/p>\n<div class=\"mg\">\n<div class=\"wrap-figure\">\n<picture>\n<a href=\"https:\/\/www.ole.com.ar\/independiente\/independiente-central-norte_0_MpCXSuYvTE.html\" target=\"_self\" rel=\"noopener noreferrer\"><br \/>\n<img class=\"img-responsive\" alt=\"El uno x uno del Rojo ante Central Norte\" src=\"http:\/\/hoycordobaweb.com\/wp-content\/uploads\/2022\/03\/dominguez-quien-no-quisiera-tener-a-mingo-en-su-equipo-8.jpg\" loading=\"lazy\"><br \/>\n<\/a>\n<\/picture>\n<\/div>\n<\/div><\/div>\n<\/div>\n<div class=\"entry-tags\">\n<h2>TEMAS QUE APARECEN EN ESTA NOTA<\/h2>\n<\/p><\/div>\n","protected":false},"excerpt":{"rendered":"<p>Independiente zaf\u00f3 por Milton \u00c1lvarez y por la baja efectividad en los penales de Central Norte. Es que el humilde equipo salte\u00f1o que milita en el Federal A, le complic\u00f3 las cosas al Rojo en su debut por Copa Argentina y, en un clima tenso por el andar deportivo e institucional, los comandados por Eduardo [&hellip;]<\/p>\n","protected":false},"author":1,"featured_media":39032,"comment_status":"open","ping_status":"closed","sticky":false,"template":"","format":"standard","meta":[],"categories":[16],"tags":[],"_links":{"self":[{"href":"http:\/\/hoycordobaweb.com\/index.php\/wp-json\/wp\/v2\/posts\/39031"}],"collection":[{"href":"http:\/\/hoycordobaweb.com\/index.php\/wp-json\/wp\/v2\/posts"}],"about":[{"href":"http:\/\/hoycordobaweb.com\/index.php\/wp-json\/wp\/v2\/types\/post"}],"author":[{"embeddable":true,"href":"http:\/\/hoycordobaweb.com\/index.php\/wp-json\/wp\/v2\/users\/1"}],"replies":[{"embeddable":true,"href":"http:\/\/hoycordobaweb.com\/index.php\/wp-json\/wp\/v2\/comments?post=39031"}],"version-history":[{"count":0,"href":"http:\/\/hoycordobaweb.com\/index.php\/wp-json\/wp\/v2\/posts\/39031\/revisions"}],"wp:featuredmedia":[{"embeddable":true,"href":"http:\/\/hoycordobaweb.com\/index.php\/wp-json\/wp\/v2\/media\/39032"}],"wp:attachment":[{"href":"http:\/\/hoycordobaweb.com\/index.php\/wp-json\/wp\/v2\/media?parent=39031"}],"wp:term":[{"taxonomy":"category","embeddable":true,"href":"http:\/\/hoycordobaweb.com\/index.php\/wp-json\/wp\/v2\/categories?post=39031"},{"taxonomy":"post_tag","embeddable":true,"href":"http:\/\/hoycordobaweb.com\/index.php\/wp-json\/wp\/v2\/tags?post=39031"}],"curies":[{"name":"wp","href":"https:\/\/api.w.org\/{rel}","templated":true}]}}