{"id":38999,"date":"2022-03-25T09:57:02","date_gmt":"2022-03-25T09:57:02","guid":{"rendered":"https:\/\/www.mujerhoy.com\/vivir\/bienestar\/cambio-de-hora-horario-verano-efectos-negativos-salud-20220325105655-nt.html"},"modified":"2022-03-25T09:57:02","modified_gmt":"2022-03-25T09:57:02","slug":"por-que-nos-afecta-tanto-el-cambio-de-hora-cuando-adelantamos-el-reloj-con-el-horario-de-verano-los-efectos-negativos-de-la-alteracion-en-los-ciclos-circadianos","status":"publish","type":"post","link":"http:\/\/hoycordobaweb.com\/index.php\/2022\/03\/25\/por-que-nos-afecta-tanto-el-cambio-de-hora-cuando-adelantamos-el-reloj-con-el-horario-de-verano-los-efectos-negativos-de-la-alteracion-en-los-ciclos-circadianos\/","title":{"rendered":"Por qu\u00e9 nos afecta tanto el cambio de hora cuando adelantamos el reloj con el horario de verano: los efectos negativos de la alteraci\u00f3n en los ciclos circadianos"},"content":{"rendered":"<p><!-- AUTHOR --><!-- COMPONENTS --><\/p>\n<p class=\"voc-paragraph\">Ya ha llegado la primavera y, como todos los a\u00f1os, tenemos que <strong>adelantar una hora<\/strong> nuestros relojes. La gran mayor\u00eda de nosotros estamos contentos con este cambio, ya que supone tener m\u00e1s <strong>horas de luz <\/strong>al d\u00eda (no como con el <a data-voc-vtm-id=\"in-text-traffic\" href=\"https:\/\/www.mujerhoy.com\/vivir\/bienestar\/cambio-hora-estado-animo-como-afecta-tristeza-20211030093338-nt.html\">cambio de hora de invierno<\/a>), pero lo cierto es que <strong>dormir una hora menos <\/strong>tambi\u00e9n puede tener sus efectos sobre nuestra salud. Ya sabes lo importante que es <a data-voc-vtm-id=\"in-text-traffic\" href=\"https:\/\/www.mujerhoy.com\/vivir\/bienestar\/202105\/31\/dormir-bien-beneficios-salud-estres-mejora-rendimiento-evita-depresion-20210510124225.html\">dormir bien<\/a>, y tener <a data-voc-vtm-id=\"in-text-traffic\" href=\"https:\/\/www.mujerhoy.com\/vivir\/bienestar\/202002\/25\/dormir-mal-engorda-20200225102045.html\">una hora menos de sue\u00f1o<\/a> puede alterar nuestros<br \/>\n<strong> ritmos circadianos,<\/strong> volvi\u00e9ndonos locas durante unos d\u00edas. Qu\u00e9 bien que anochezca m\u00e1s tarde, \u00bfverdad? Pues no todo es tan bueno. Sigue leyendo&#8230;\n<\/p>\n<div class=\"voc-detail__cmp\">\n<div class=\"voc-article-container\">\n<article class=\"voc-article voc-article--cmp-photo-text\">\n<div class=\"voc-img-container\"><picture>\n<div class=\"voc-horizontal voc-img-icon-link\"><img class=\"lazy\" loading=\"lazy\" data-original=\"\/\/static3.mujerhoy.com\/www\/multimedia\/202203\/24\/media\/cortadas\/cambio-hora-verano-1-kHLE--624x624@MujerHoy.jpg\" alt><\/div>\n<\/picture><\/div>\n<\/article>\n<\/div>\n<\/div>\n<p><h3 class=\"voc-detail__title\"> Se alteran nuestros ritmos circadianos<br \/>\n<\/h3>\n<\/p>\n<p class=\"voc-paragraph\">Nuestros ritmos circadianos est\u00e1n controlados por un<br \/>\n<strong> reloj biol\u00f3gico <\/strong>que se encuentra en una regi\u00f3n del cerebro llamada <strong>hipot\u00e1lamo<\/strong>. Este env\u00eda se\u00f1ales a otras partes del cerebro como la gl\u00e1ndula pineal, que fabrica la <strong>melatonina<\/strong>, una hormona que nos ayuda a regular el sue\u00f1o. Cuando hay luz, esta gl\u00e1ndula inhibe la roducci\u00f3n de melatonina y con la oscuridad se estimula su producci\u00f3n, por lo que est\u00e1 directamente relacionado con el <strong>sue\u00f1o<\/strong>. \u00abSi movemos una hora el huso horario el reloj biol\u00f3gico seguir\u00e1 en el huso anterior. Es decir, a las 7 de la ma\u00f1ana, tendr\u00e1 la energ\u00eda de las 6. El reloj biol\u00f3gico necesita un periodo de <strong>adaptaci\u00f3n<\/strong>, es m\u00e1s f\u00e1cil ganar tiempo, c\u00f3mo se realiza con el cambio de horario de oto\u00f1o, que perder tiempo, como ocurre cuando cambiamos el horario de primavera. Para adaptarse es necesario varios d\u00edas <strong>entre 5 y 7<\/strong>\u00bb, dice la psic\u00f3loga <strong>Blanca Alcanda<\/strong>, de Mundopsicologos.com.\n<\/p>\n<p class=\"voc-paragraph\">Aparte de en los ciclos de sue\u00f1o-vigilia, los ritmos circadianos tambi\u00e9n pueden influir en la secreci\u00f3n <strong>hormonal<\/strong>, en los h\u00e1bitos <strong>alimentarios <\/strong>y la digesti\u00f3n, en la <strong>temperatura <\/strong>corporal y en otras funciones importantes del cuerpo.\n<\/p>\n<div class=\"voc-detail__cmp\">\n<div class=\"voc-article-container\">\n<article class=\"voc-article voc-article--cmp-photo-text\">\n<div class=\"voc-img-container\"><picture>\n<div class=\"voc-horizontal voc-img-icon-link\"><img class=\"lazy\" loading=\"lazy\" data-original=\"\/\/static2.mujerhoy.com\/www\/multimedia\/202203\/24\/media\/cortadas\/cambio-hora-verano-2-kHLE--624x624@MujerHoy.jpg\" alt><\/div>\n<\/picture><\/div>\n<\/article>\n<\/div>\n<\/div>\n<p><h3 class=\"voc-detail__title\"> Fatiga y somnolencia, principales efectos<br \/>\n<\/h3>\n<\/p>\n<p class=\"voc-paragraph\">Al alterar nuestros ritmos circadianos y, por tanto, las horas de sue\u00f1o, el cambio de hora produce un peque\u00f1o desajuste que puede provocar <strong>cansancio y somnolencia<\/strong>. Aunque el despertador indique que es la misma hora de todos los d\u00edas, nuestro cuerpo sabe que ha dormido una hora menos, por lo que pueden aparecer s\u00edntomas similares a los del <strong>jet lag<\/strong>: fatiga, somnolencia durante el d\u00eda, dificultad para conciliar el sue\u00f1o, irritabilidad, falta de concentraci\u00f3n y disminuci\u00f3n del rendimiento f\u00edsico e intelectual. Tambi\u00e9n podemos sentir <strong>hambre <\/strong>a deshoras o, todo lo contrario, falta de apetito o sensaci\u00f3n de plenitud tras la comida.\n<\/p>\n<div class=\"voc-detail__cmp\">\n<div class=\"voc-article-container\">\n<article class=\"voc-article voc-article--cmp-photo-text\">\n<div class=\"voc-img-container\"><picture>\n<div class=\"voc-horizontal voc-img-icon-link\"><img class=\"lazy\" loading=\"lazy\" data-original=\"\/\/static2.mujerhoy.com\/www\/multimedia\/202203\/24\/media\/cortadas\/cambio-hora-verano-3-kHLE--624x624@MujerHoy.jpg\" alt><\/div>\n<\/picture><\/div>\n<\/article>\n<\/div>\n<\/div>\n<p><h3 class=\"voc-detail__title\"> Consejos para minimizar los efectos del cambio horario<br \/>\n<\/h3>\n<\/p>\n<p class=\"voc-paragraph\">Si suele afectarte el cambio de hora, intenta poner en pr\u00e1ctica estas <strong>medidas <\/strong>para minimizar su impacto sobre tu salud:\n<\/p>\n<p class=\"voc-paragraph\"><strong>&#8211; Intenta anticiparte:<\/strong> para que tu rutina del sue\u00f1o no cambie de manera brusca, lev\u00e1ntate un cuarto de hora antes cada d\u00eda durante los d\u00edas anteriores.\n<\/p>\n<p class=\"voc-paragraph\"><strong>&#8211; Modifica tu horario de comidas:<\/strong> modifica tu horario de comidas para acostarse con el est\u00f3mago satisfecho, pero sin sensaci\u00f3n de hambre o de pesadez.\n<\/p>\n<p class=\"voc-paragraph\"><strong>&#8211; Haz deporte:<\/strong> ejercita tu cuerpo, preferentemente en las primeras horas del d\u00eda y no inmediatamente antes de acostarte.\n<\/p>\n<p class=\"voc-paragraph\"><strong>&#8211; Reduce tu actividad<\/strong> durante el fin de semana del cambio de hora. <\/p>\n<p class=\"voc-paragraph\"><strong>&#8211; No te eches la siesta.<\/strong><\/p>\n<p class=\"voc-paragraph\"><strong>&#8211; No tomes bebidas estimulantes:<\/strong> ni caf\u00e9, ni t\u00e9, ni alcohol ni ninguna bebida excitante.\n<\/p>\n<p class=\"voc-paragraph\"><strong>&#8211; No tomes medicamentos para dormir:<\/strong> los efectos del cambio de hora desaparecer\u00e1n en unos d\u00edas, ten un poco de paciencia.\n<\/p>\n<div class=\"voc-detail__cmp voc-detail__cmp--pad-lr voc-detail__cmp--pad-lr--bdr\">\n<div class=\"voc-ficha-detail__wrapper\">\n<section class=\"voc-ficha-detail\">\n<h4 class=\"voc-ficha-detail-title voc-title-section\">Te recomendamos<\/h4>\n<\/section>\n<\/div>\n<\/div>\n<p><!-- TOPICS --><\/p>\n","protected":false},"excerpt":{"rendered":"<p>Ya ha llegado la primavera y, como todos los a\u00f1os, tenemos que adelantar una hora nuestros relojes. La gran mayor\u00eda de nosotros estamos contentos con este cambio, ya que supone tener m\u00e1s horas de luz al d\u00eda (no como con el cambio de hora de invierno), pero lo cierto es que dormir una hora menos [&hellip;]<\/p>\n","protected":false},"author":1,"featured_media":39000,"comment_status":"closed","ping_status":"closed","sticky":false,"template":"","format":"standard","meta":[],"categories":[1],"tags":[],"_links":{"self":[{"href":"http:\/\/hoycordobaweb.com\/index.php\/wp-json\/wp\/v2\/posts\/38999"}],"collection":[{"href":"http:\/\/hoycordobaweb.com\/index.php\/wp-json\/wp\/v2\/posts"}],"about":[{"href":"http:\/\/hoycordobaweb.com\/index.php\/wp-json\/wp\/v2\/types\/post"}],"author":[{"embeddable":true,"href":"http:\/\/hoycordobaweb.com\/index.php\/wp-json\/wp\/v2\/users\/1"}],"replies":[{"embeddable":true,"href":"http:\/\/hoycordobaweb.com\/index.php\/wp-json\/wp\/v2\/comments?post=38999"}],"version-history":[{"count":0,"href":"http:\/\/hoycordobaweb.com\/index.php\/wp-json\/wp\/v2\/posts\/38999\/revisions"}],"wp:featuredmedia":[{"embeddable":true,"href":"http:\/\/hoycordobaweb.com\/index.php\/wp-json\/wp\/v2\/media\/39000"}],"wp:attachment":[{"href":"http:\/\/hoycordobaweb.com\/index.php\/wp-json\/wp\/v2\/media?parent=38999"}],"wp:term":[{"taxonomy":"category","embeddable":true,"href":"http:\/\/hoycordobaweb.com\/index.php\/wp-json\/wp\/v2\/categories?post=38999"},{"taxonomy":"post_tag","embeddable":true,"href":"http:\/\/hoycordobaweb.com\/index.php\/wp-json\/wp\/v2\/tags?post=38999"}],"curies":[{"name":"wp","href":"https:\/\/api.w.org\/{rel}","templated":true}]}}