{"id":38955,"date":"2022-03-26T00:27:00","date_gmt":"2022-03-26T00:27:00","guid":{"rendered":"http:\/\/hoycordobaweb.com\/index.php\/2022\/03\/26\/argentina-encontro-el-gol-y-se-impone-a-venezuela-en-la-bombonera\/"},"modified":"2022-03-26T00:27:00","modified_gmt":"2022-03-26T00:27:00","slug":"argentina-encontro-el-gol-y-se-impone-a-venezuela-en-la-bombonera","status":"publish","type":"post","link":"http:\/\/hoycordobaweb.com\/index.php\/2022\/03\/26\/argentina-encontro-el-gol-y-se-impone-a-venezuela-en-la-bombonera\/","title":{"rendered":"Argentina encontr\u00f3 el gol y se impone a Venezuela en la Bombonera"},"content":{"rendered":"<p><img src=\"http:\/\/hoycordobaweb.com\/wp-content\/uploads\/2022\/03\/argentina-encontro-el-gol-y-se-impone-a-venezuela-en-la-bombonera.jpg\"><\/p>\n<div><img src=\"http:\/\/hoycordobaweb.com\/wp-content\/uploads\/2022\/03\/argentina-encontro-el-gol-y-se-impone-a-venezuela-en-la-bombonera-2.jpg\" class=\"ff-og-image-inserted\"><\/div>\n<h3>Messi y Armani, los \u00fanicos titulares confirmados para recibir a Venezuela<\/h3>\n<p>El director t\u00e9cnico del seleccionado argentino, Lionel Scaloni, confirm\u00f3 que el capit\u00e1n Lionel Messi \u00abest\u00e1 bien\u00bb y a disposici\u00f3n para el partido de ma\u00f1ana ante Venezuela, en La Bombonera, y que el arquero Franco Armani ser\u00e1 el reemplazante del sancionado Emiliano \u00abDibu\u00bb Mart\u00ednez.<\/p>\n<p>En la conferencia de prensa, el entrenador santafesino adelant\u00f3 que Messi est\u00e1 recuperado de su cuadro gripal y dese\u00f3 que pueda \u00abdespedirse de la mejor manera\u00bb en el \u00faltimo partido del seleccionado en el pa\u00eds antes del Mundial.<\/p>\n<p>El otro titular confirmado, antes del \u00faltimo entrenamiento del plantel \u00abalbiceleste\u00bb, por Scaloni es el arquero de River Plate Franco Armani, quien recupera el puesto que perdi\u00f3 antes de la Copa Am\u00e9rica con \u00abDibu\u00bb Mart\u00ednez, sancionado por el fallo de la FIFA tras el cl\u00e1sico suspendido ante Brasil.<\/p>\n<p>Con el regreso de Messi a la convocatoria, Argentina disputar\u00e1 ante Venezuela y Ecuador, el martes en Guayaquil, las \u00faltimas dos fechas de las Eliminatorias Sudamericanas para el Mundial de Qatar cuyo sorteo se realizar\u00e1 el pr\u00f3ximo viernes 1 de abril en Doha.<\/p>\n<p>\u00abLo \u00fanico que deseo del sorteo es que nos pasen directo a octavos\u00bb, brome\u00f3 Scaloni, quien viajar\u00e1 a Qatar para estar en la ceremonia.<\/p>\n<p>Argentina enfrentar\u00e1 ma\u00f1ana a las 20.30 a Venezuela en La Bombonera por la fecha 17 de las Eliminatorias.<\/p>\n","protected":false},"excerpt":{"rendered":"<p>Messi y Armani, los \u00fanicos titulares confirmados para recibir a Venezuela El director t\u00e9cnico del seleccionado argentino, Lionel Scaloni, confirm\u00f3 que el capit\u00e1n Lionel Messi \u00abest\u00e1 bien\u00bb y a disposici\u00f3n para el partido de ma\u00f1ana ante Venezuela, en La Bombonera, y que el arquero Franco Armani ser\u00e1 el reemplazante del sancionado Emiliano \u00abDibu\u00bb Mart\u00ednez. En [&hellip;]<\/p>\n","protected":false},"author":1,"featured_media":38956,"comment_status":"open","ping_status":"closed","sticky":false,"template":"","format":"standard","meta":[],"categories":[16],"tags":[],"_links":{"self":[{"href":"http:\/\/hoycordobaweb.com\/index.php\/wp-json\/wp\/v2\/posts\/38955"}],"collection":[{"href":"http:\/\/hoycordobaweb.com\/index.php\/wp-json\/wp\/v2\/posts"}],"about":[{"href":"http:\/\/hoycordobaweb.com\/index.php\/wp-json\/wp\/v2\/types\/post"}],"author":[{"embeddable":true,"href":"http:\/\/hoycordobaweb.com\/index.php\/wp-json\/wp\/v2\/users\/1"}],"replies":[{"embeddable":true,"href":"http:\/\/hoycordobaweb.com\/index.php\/wp-json\/wp\/v2\/comments?post=38955"}],"version-history":[{"count":0,"href":"http:\/\/hoycordobaweb.com\/index.php\/wp-json\/wp\/v2\/posts\/38955\/revisions"}],"wp:featuredmedia":[{"embeddable":true,"href":"http:\/\/hoycordobaweb.com\/index.php\/wp-json\/wp\/v2\/media\/38956"}],"wp:attachment":[{"href":"http:\/\/hoycordobaweb.com\/index.php\/wp-json\/wp\/v2\/media?parent=38955"}],"wp:term":[{"taxonomy":"category","embeddable":true,"href":"http:\/\/hoycordobaweb.com\/index.php\/wp-json\/wp\/v2\/categories?post=38955"},{"taxonomy":"post_tag","embeddable":true,"href":"http:\/\/hoycordobaweb.com\/index.php\/wp-json\/wp\/v2\/tags?post=38955"}],"curies":[{"name":"wp","href":"https:\/\/api.w.org\/{rel}","templated":true}]}}