{"id":38943,"date":"2022-03-24T14:01:22","date_gmt":"2022-03-24T14:01:22","guid":{"rendered":"https:\/\/www.mujerhoy.com\/moda\/no-te-pierdas\/tamara-falco-trench-corto-azul-marino-primavera-looks-basicos-temporada-20220324143722-nt.html"},"modified":"2022-03-24T14:01:22","modified_gmt":"2022-03-24T14:01:22","slug":"el-trench-corto-de-tamara-falco-es-la-apuesta-mas-comoda-y-sofisticada-para-esta-primavera","status":"publish","type":"post","link":"http:\/\/hoycordobaweb.com\/index.php\/2022\/03\/24\/el-trench-corto-de-tamara-falco-es-la-apuesta-mas-comoda-y-sofisticada-para-esta-primavera\/","title":{"rendered":"El trench corto de Tamara Falc\u00f3 es la apuesta m\u00e1s c\u00f3moda y sofisticada para esta primavera"},"content":{"rendered":"<p><!-- AUTHOR --><!-- COMPONENTS --><\/p>\n<p class=\"voc-paragraph\"><strong>Tamara Falc\u00f3<\/strong> demuestra en todas sus apariciones que es la reina del buen gusto. Da igual que vaya <strong>una alfombra roja,<\/strong><a data-voc-vtm-id=\"in-text-traffic\" href=\"https:\/\/www.mujerhoy.com\/moda\/no-te-pierdas\/tamara-falco-botas-montar-altas-planas-mujer-look-facil-copiar-version-barata-20220305114501-nt.html\">a una escapada en el campo con botas altas,<\/a> como a <a data-voc-vtm-id=\"in-text-traffic\" href=\"https:\/\/www.mujerhoy.com\/moda\/no-te-pierdas\/tamara-falco-blazer-camisa-blanca-vaqueros-look-facil-copiar-elegante-gabardina-zara-20220310120813-nt.html\">una presentaci\u00f3n de una firma de joyas con blazer y vaqueros.<\/a> Y as\u00ed lo ha vuelto a confirmar, <strong>la hija de Isabel Preysler<\/strong> con un conjunto lleno de b\u00e1sicos que Tamara defiende como nadie.\n<\/p>\n<p class=\"voc-paragraph\">Esta semana, <strong>Tamara Falc\u00f3<\/strong> ha querido huir unos d\u00edas de la lluvia y refugiarse en <strong>la ciudad eterna, Roma<\/strong>. Una escapada fugaz, pero intensa donde la socialit\u00e9 no ha querido dar m\u00e1s detalles sobre los motivos del viaje. Aunque todo apunta a que se trata del <strong>pr\u00f3ximo documental de Netflix sobre su vida<\/strong> que saldr\u00e1 pr\u00f3ximamente. De lo que si estamos seguras es que su look es digno de inspiraci\u00f3n y puedes recrearlo porque est\u00e1 lleno de <strong>b\u00e1sicos<\/strong>. <\/p>\n<div class=\"voc-detail__cmp\">\n<div class=\"voc-article-container\">\n<article class=\"voc-article voc-article--cmp-photo-text\">\n<div class=\"voc-img-container\"><picture>\n<div class=\"voc-horizontal voc-img-icon-link\"><img class=\"lazy\" loading=\"lazy\" data-original=\"\/\/static.mujerhoy.com\/www\/multimedia\/202203\/24\/media\/cortadas\/tamara-falco-trench-corto-azul-kyXG--624x624@MujerHoy.jpg\" alt><\/div>\n<\/picture><\/div>\n<\/article>\n<\/div>\n<\/div>\n<p class=\"voc-paragraph\">La <strong>hija de Isabel Preysler<\/strong> tiene claro que para disfrutar de la ciudad de Roma hay que ir c\u00f3moda, pero sin perder el estilo. Y as\u00ed lo ha conseguido con este estilismo c\u00f3modo y sofisticado para brillar <strong>en primavera<\/strong>. Para ello, Tamara ha recurrido a uno de los cl\u00e1sicos de cualquier fondo de armario: <a data-voc-vtm-id=\"in-text-traffic\" href=\"https:\/\/www.mujerhoy.com\/moda\/no-te-pierdas\/trench-bonito-primavera-mango-chaleco-desmontable-looks-diario-2022-20220208072254-nt.html\">el trench<\/a>. Sin embargo, para esta ocasi\u00f3n ha querido apostar por <strong>una versi\u00f3n corta<\/strong>. Este tipo de trenchs son perfectos para la primavera porque abrigan lo justo y necesario. Tambi\u00e9n <strong>es la prenda estrella para bajitas<\/strong>, ya que no reduce visualmente la figura.\n<\/p>\n<div class=\"voc-detail-photo-zoom\"><picture data-toggle=\"modal\" data-target=\"#photoZoomModal-516\" target=\"modal\">\n<div class=\"voc-img-icon-link\"><img loading=\"lazy\" data-original=\"\/\/static1.mujerhoy.com\/www\/multimedia\/202203\/24\/media\/cortadas\/trench-azul-marino-massimo-dutti-kyXG--460x637@MujerHoy.jpeg\" class=\"lazy\"><noscript><img src=\"http:\/\/hoycordobaweb.com\/wp-content\/uploads\/2022\/03\/el-trench-corto-de-tamara-falco-es-la-apuesta-mas-comoda-y-sofisticada-para-esta-primavera.jpg\"><\/noscript><i class=\"voc-icons zoom voc-multimedia-box voc-ico-l\"><\/i><\/div><figcaption class=\"figure-caption\"><\/figcaption><\/picture><\/div>\n<div id=\"photoZoomModal-516\" class=\"voc-lightbox modal fade voc-lightbox--photo-zoom\" role=\"dialog\" data-voc-photozoom-lightbox>\n<div class=\"voc-lightbox__dialog\" role=\"document\">\n<div class=\"voc-lightbox__content\"><!-- Modal header --><!-- Modal content --><\/p>\n<div class=\"voc-lightbox__photo-container\"><picture class><img loading=\"lazy\" data-original=\"\/\/static1.mujerhoy.com\/www\/multimedia\/202203\/24\/media\/cortadas\/trench-azul-marino-massimo-dutti-kyXG--460x637@MujerHoy.jpeg\" class=\"lazy\"><noscript><img src=\"http:\/\/hoycordobaweb.com\/wp-content\/uploads\/2022\/03\/el-trench-corto-de-tamara-falco-es-la-apuesta-mas-comoda-y-sofisticada-para-esta-primavera.jpg\"><\/noscript><\/picture><\/div>\n<\/div>\n<\/div>\n<\/div>\n<p class=\"voc-paragraph\">El trench en azul marino por el que ha apostado Tamara es de<br \/>\n<strong>la firma Max Mara<\/strong>. La socialit\u00e9 suele acudir con bastante frecuencia a esta firma italiana que est\u00e1 llena de b\u00e1sicos como este trench tan c\u00f3modo y vers\u00e1til. Para las que quieren una versi\u00f3n algo m\u00e1s asequible, hemos encontrado en la web de <strong>Massimo Dutti un trench en azul oscuro<\/strong>. Se trata de un trench corto confeccionado en algod\u00f3n y con un precio de 129 euros. <\/p>\n<div class=\"voc-detail__cmp\">\n<div class=\"voc-article-container\">\n<article class=\"voc-article voc-article--cmp-photo-text\">\n<div class=\"voc-img-container\"><picture>\n<div class=\"voc-horizontal voc-img-icon-link\"><img class=\"lazy\" loading=\"lazy\" data-original=\"\/\/static.mujerhoy.com\/www\/multimedia\/202203\/24\/media\/cortadas\/veja-zapatillas-veganas-tamara-falco-kyXG--624x624@MujerHoy.jpg\" alt><\/div>\n<\/picture><\/div>\n<\/article>\n<\/div>\n<\/div>\n<p class=\"voc-paragraph\">Para acompa\u00f1ar el look, Tamara quiso apostar por <strong>unas zapatillas deportivas veganas de la marca Veja<\/strong>. Son <a data-voc-vtm-id=\"in-text-traffic\" href=\"https:\/\/www.mujerhoy.com\/moda\/no-te-pierdas\/zapatillas-blancas-marca-espanola-arrasan-famosas-modelos-influencers-ponibles-comodas-20220129134407-nt.html\">unas zapatillas blancas<\/a> muy c\u00f3modas con el logo de la marca en verde, que combinan f\u00e1cilmente con b\u00e1sicos. En algunas plataformas como La Redoute, se pueden conseguir estas zapatillas <strong>a un precio de 125 euros<\/strong>. <\/p>\n<div class=\"voc-detail__cmp voc-detail__cmp--pad-lr voc-detail__cmp--pad-lr--bdr\">\n<div class=\"voc-ficha-detail__wrapper\">\n<section class=\"voc-ficha-detail\">\n<h4 class=\"voc-ficha-detail-title voc-title-section\">Te recomendamos<\/h4>\n<\/section>\n<\/div>\n<\/div>\n<p><!-- TOPICS --><\/p>\n","protected":false},"excerpt":{"rendered":"<p>Tamara Falc\u00f3 demuestra en todas sus apariciones que es la reina del buen gusto. Da igual que vaya una alfombra roja,a una escapada en el campo con botas altas, como a una presentaci\u00f3n de una firma de joyas con blazer y vaqueros. Y as\u00ed lo ha vuelto a confirmar, la hija de Isabel Preysler con [&hellip;]<\/p>\n","protected":false},"author":1,"featured_media":38944,"comment_status":"closed","ping_status":"closed","sticky":false,"template":"","format":"standard","meta":[],"categories":[1],"tags":[],"_links":{"self":[{"href":"http:\/\/hoycordobaweb.com\/index.php\/wp-json\/wp\/v2\/posts\/38943"}],"collection":[{"href":"http:\/\/hoycordobaweb.com\/index.php\/wp-json\/wp\/v2\/posts"}],"about":[{"href":"http:\/\/hoycordobaweb.com\/index.php\/wp-json\/wp\/v2\/types\/post"}],"author":[{"embeddable":true,"href":"http:\/\/hoycordobaweb.com\/index.php\/wp-json\/wp\/v2\/users\/1"}],"replies":[{"embeddable":true,"href":"http:\/\/hoycordobaweb.com\/index.php\/wp-json\/wp\/v2\/comments?post=38943"}],"version-history":[{"count":0,"href":"http:\/\/hoycordobaweb.com\/index.php\/wp-json\/wp\/v2\/posts\/38943\/revisions"}],"wp:featuredmedia":[{"embeddable":true,"href":"http:\/\/hoycordobaweb.com\/index.php\/wp-json\/wp\/v2\/media\/38944"}],"wp:attachment":[{"href":"http:\/\/hoycordobaweb.com\/index.php\/wp-json\/wp\/v2\/media?parent=38943"}],"wp:term":[{"taxonomy":"category","embeddable":true,"href":"http:\/\/hoycordobaweb.com\/index.php\/wp-json\/wp\/v2\/categories?post=38943"},{"taxonomy":"post_tag","embeddable":true,"href":"http:\/\/hoycordobaweb.com\/index.php\/wp-json\/wp\/v2\/tags?post=38943"}],"curies":[{"name":"wp","href":"https:\/\/api.w.org\/{rel}","templated":true}]}}