{"id":38917,"date":"2022-03-24T13:16:00","date_gmt":"2022-03-24T13:16:00","guid":{"rendered":"https:\/\/fm-comunicar.com.ar\/contenido\/19028\/colonia-caroya-realizo-un-acto-por-el-dia-de-la-memoria-verdad-y-justicia"},"modified":"2022-03-24T13:16:00","modified_gmt":"2022-03-24T13:16:00","slug":"colonia-caroya-realizo-un-acto-por-el-dia-de-la-memoria-verdad-y-justicia","status":"publish","type":"post","link":"http:\/\/hoycordobaweb.com\/index.php\/2022\/03\/24\/colonia-caroya-realizo-un-acto-por-el-dia-de-la-memoria-verdad-y-justicia\/","title":{"rendered":"Colonia Caroya realiz\u00f3 un acto por el D\u00eda de la Memoria, Verdad y Justicia"},"content":{"rendered":"<p>Se realiz\u00f3 el mi\u00e9rcoles por la tarde en la explanada del edificio municipal, frente a la placa de Daniel Romanutti, uno de los caroyenses desaparecidos durante la dictadura militar de 1976.<img src=\"http:\/\/hoycordobaweb.com\/wp-content\/uploads\/2022\/03\/colonia-caroya-realizo-un-acto-por-el-dia-de-la-memoria-verdad-y-justicia.jpg\"><\/p>\n","protected":false},"excerpt":{"rendered":"<p>Se realiz\u00f3 el mi\u00e9rcoles por la tarde en la explanada del edificio municipal, frente a la placa de Daniel Romanutti, uno de los caroyenses desaparecidos durante la dictadura militar de 1976.<\/p>\n","protected":false},"author":1,"featured_media":38918,"comment_status":"closed","ping_status":"closed","sticky":false,"template":"","format":"standard","meta":[],"categories":[18],"tags":[],"_links":{"self":[{"href":"http:\/\/hoycordobaweb.com\/index.php\/wp-json\/wp\/v2\/posts\/38917"}],"collection":[{"href":"http:\/\/hoycordobaweb.com\/index.php\/wp-json\/wp\/v2\/posts"}],"about":[{"href":"http:\/\/hoycordobaweb.com\/index.php\/wp-json\/wp\/v2\/types\/post"}],"author":[{"embeddable":true,"href":"http:\/\/hoycordobaweb.com\/index.php\/wp-json\/wp\/v2\/users\/1"}],"replies":[{"embeddable":true,"href":"http:\/\/hoycordobaweb.com\/index.php\/wp-json\/wp\/v2\/comments?post=38917"}],"version-history":[{"count":0,"href":"http:\/\/hoycordobaweb.com\/index.php\/wp-json\/wp\/v2\/posts\/38917\/revisions"}],"wp:featuredmedia":[{"embeddable":true,"href":"http:\/\/hoycordobaweb.com\/index.php\/wp-json\/wp\/v2\/media\/38918"}],"wp:attachment":[{"href":"http:\/\/hoycordobaweb.com\/index.php\/wp-json\/wp\/v2\/media?parent=38917"}],"wp:term":[{"taxonomy":"category","embeddable":true,"href":"http:\/\/hoycordobaweb.com\/index.php\/wp-json\/wp\/v2\/categories?post=38917"},{"taxonomy":"post_tag","embeddable":true,"href":"http:\/\/hoycordobaweb.com\/index.php\/wp-json\/wp\/v2\/tags?post=38917"}],"curies":[{"name":"wp","href":"https:\/\/api.w.org\/{rel}","templated":true}]}}