{"id":38877,"date":"2022-03-23T21:57:04","date_gmt":"2022-03-23T21:57:04","guid":{"rendered":"https:\/\/ladecimaweb.com\/?p=13003"},"modified":"2022-03-23T21:57:04","modified_gmt":"2022-03-23T21:57:04","slug":"la-tasa-de-desocupacion-se-redujo-al-7-en-el-cierre-de-2021","status":"publish","type":"post","link":"http:\/\/hoycordobaweb.com\/index.php\/2022\/03\/23\/la-tasa-de-desocupacion-se-redujo-al-7-en-el-cierre-de-2021\/","title":{"rendered":"La tasa de desocupaci\u00f3n se redujo al 7% en el cierre de 2021"},"content":{"rendered":"<div class=\"boldgrid-section\">\n<div class=\"container\">\n<div class=\"row\">\n<div class=\"col-md-12 col-xs-12 col-sm-12\">\n<p class=\"\"><span>(T\u00e9lam) El \u00edndice de desocupaci\u00f3n baj\u00f3 al 7% al t\u00e9rmino del cuarto trimestre del a\u00f1o pasado, 4 puntos porcentuales por debajo del 11% registrado al cierre de 2020, inform\u00f3 el Instituto Nacional de Estad\u00edstica y Censos (Indec).<\/span><\/p>\n<p><span>Al cierre del cuarto trimestre,&nbsp;<\/span><strong>el \u00edndice tambi\u00e9n se ubic\u00f3 1,2 puntos porcentuales por debajo del 8,2% del tercer trimestre del a\u00f1o pasado.<\/strong><\/p>\n<p><span>Esta baja en la tasa de desocupaci\u00f3n se produjo en un contexto en el que&nbsp;<\/span><strong>el Producto Bruto Interno cerr\u00f3 el 2021 con un crecimiento de 10,3%,<\/strong><span>&nbsp;con lo que recuper\u00f3 e incluso super\u00f3 la ca\u00edda de 9,9% registrada en 2020, en medio de las medidas de aislamiento social puestas en marcha en medio de la primera ola de la pandemia de coronavirus.<\/span><\/p>\n<p class=\"\">Luego de que se conocieran los datos, <strong>el ministro de Desarrollo Productivo, Mat\u00edas Kulfas,<\/strong>&nbsp;destac\u00f3 que \u201cla baja de la desocupaci\u00f3n se debe a la&nbsp;<strong>creaci\u00f3n de 1,8 millones de empleos en el \u00faltimo a\u00f1o\u201d.<\/strong><\/p>\n<p class=\"\"><span>\u201cComparado con fines de 2019, hay 650.000 personas ocupadas m\u00e1s. Gracias a ello,<\/span><strong><span>&nbsp;<\/span>la tasa de empleo (ocupados cada 100 personas) alcanz\u00f3 el 43,6%, la cifra m\u00e1s alta en al menos 5 a\u00f1os\u201d<\/strong><span>, dijo Kulfas en su cuenta en la red social Twitter.<\/span><\/p>\n<p class=\"\"><a href=\"https:\/\/www.telam.com.ar\/notas\/202203\/587329-desocupacion-baja-a-7-por-ciento.html\">M\u00c1S INFORMACI\u00d3N<\/a>&nbsp;<\/p>\n<p class=\"\">&nbsp;<\/p>\n<p class=\"\">\n<div class=\"ubm_banner\"><a href=\"https:\/\/www.cba.gov.ar\/10-https:\/\/www.cba.gov.ar\/10-mil-viviendas\/?csrt=8333084810548506306\" target=\"_blank\" rel=\"dofollow noopener noreferrer\"><img src=\"http:\/\/hoycordobaweb.com\/wp-content\/uploads\/2022\/03\/la-tasa-de-desocupacion-se-redujo-al-7-en-el-cierre-de-2021.gif\" alt=\"\"><\/a><\/div>\n<\/div>\n<\/div>\n<\/div>\n<\/div>\n<p>La entrada <a rel=\"nofollow\" href=\"https:\/\/ladecimaweb.com\/la-tasa-de-desocupacion-se-redujo-al-7-en-el-cierre-de-2021\/\">La tasa de desocupaci\u00f3n se redujo al 7% en el cierre de 2021<\/a> se public\u00f3 primero en <a rel=\"nofollow\" href=\"https:\/\/ladecimaweb.com\">LaDecima<\/a>.<\/p>\n","protected":false},"excerpt":{"rendered":"<p>(T\u00e9lam) El \u00edndice de desocupaci\u00f3n baj\u00f3 al 7% al t\u00e9rmino del cuarto trimestre del a\u00f1o pasado, 4 puntos porcentuales por debajo del 11% registrado al cierre de 2020, inform\u00f3 el Instituto Nacional de Estad\u00edstica y Censos (Indec). Al cierre del cuarto trimestre,&nbsp;el \u00edndice tambi\u00e9n se ubic\u00f3 1,2 puntos porcentuales por debajo del 8,2% del tercer [&hellip;]<\/p>\n","protected":false},"author":1,"featured_media":38878,"comment_status":"closed","ping_status":"closed","sticky":false,"template":"","format":"standard","meta":[],"categories":[19],"tags":[],"_links":{"self":[{"href":"http:\/\/hoycordobaweb.com\/index.php\/wp-json\/wp\/v2\/posts\/38877"}],"collection":[{"href":"http:\/\/hoycordobaweb.com\/index.php\/wp-json\/wp\/v2\/posts"}],"about":[{"href":"http:\/\/hoycordobaweb.com\/index.php\/wp-json\/wp\/v2\/types\/post"}],"author":[{"embeddable":true,"href":"http:\/\/hoycordobaweb.com\/index.php\/wp-json\/wp\/v2\/users\/1"}],"replies":[{"embeddable":true,"href":"http:\/\/hoycordobaweb.com\/index.php\/wp-json\/wp\/v2\/comments?post=38877"}],"version-history":[{"count":0,"href":"http:\/\/hoycordobaweb.com\/index.php\/wp-json\/wp\/v2\/posts\/38877\/revisions"}],"wp:featuredmedia":[{"embeddable":true,"href":"http:\/\/hoycordobaweb.com\/index.php\/wp-json\/wp\/v2\/media\/38878"}],"wp:attachment":[{"href":"http:\/\/hoycordobaweb.com\/index.php\/wp-json\/wp\/v2\/media?parent=38877"}],"wp:term":[{"taxonomy":"category","embeddable":true,"href":"http:\/\/hoycordobaweb.com\/index.php\/wp-json\/wp\/v2\/categories?post=38877"},{"taxonomy":"post_tag","embeddable":true,"href":"http:\/\/hoycordobaweb.com\/index.php\/wp-json\/wp\/v2\/tags?post=38877"}],"curies":[{"name":"wp","href":"https:\/\/api.w.org\/{rel}","templated":true}]}}