{"id":38870,"date":"2022-03-23T07:17:26","date_gmt":"2022-03-23T07:17:26","guid":{"rendered":"http:\/\/hoycordobaweb.com\/index.php\/2022\/03\/23\/2-1-godoy-cruz-pincha-ante-talleres-mundo-deportivo\/"},"modified":"2022-03-23T07:17:26","modified_gmt":"2022-03-23T07:17:26","slug":"2-1-godoy-cruz-pincha-ante-talleres-mundo-deportivo","status":"publish","type":"post","link":"http:\/\/hoycordobaweb.com\/index.php\/2022\/03\/23\/2-1-godoy-cruz-pincha-ante-talleres-mundo-deportivo\/","title":{"rendered":"2-1: Godoy Cruz &#039;pincha&#039; ante Talleres &#8211; Mundo Deportivo"},"content":{"rendered":"<p>El Godoy Cruz cay\u00f3 este martes ante el Talleres por 2-1 en el cierre de la s\u00e9ptima jornada de la Liga Profesional de <b>F\u00fatbol<\/b> de <b>Argentina<\/b> y&nbsp;&#8230; <\/p>\n","protected":false},"excerpt":{"rendered":"<p>El Godoy Cruz cay\u00f3 este martes ante el Talleres por 2-1 en el cierre de la s\u00e9ptima jornada de la Liga Profesional de F\u00fatbol de Argentina y&nbsp;&#8230;<\/p>\n","protected":false},"author":1,"featured_media":0,"comment_status":"closed","ping_status":"closed","sticky":false,"template":"","format":"standard","meta":[],"categories":[22],"tags":[],"_links":{"self":[{"href":"http:\/\/hoycordobaweb.com\/index.php\/wp-json\/wp\/v2\/posts\/38870"}],"collection":[{"href":"http:\/\/hoycordobaweb.com\/index.php\/wp-json\/wp\/v2\/posts"}],"about":[{"href":"http:\/\/hoycordobaweb.com\/index.php\/wp-json\/wp\/v2\/types\/post"}],"author":[{"embeddable":true,"href":"http:\/\/hoycordobaweb.com\/index.php\/wp-json\/wp\/v2\/users\/1"}],"replies":[{"embeddable":true,"href":"http:\/\/hoycordobaweb.com\/index.php\/wp-json\/wp\/v2\/comments?post=38870"}],"version-history":[{"count":0,"href":"http:\/\/hoycordobaweb.com\/index.php\/wp-json\/wp\/v2\/posts\/38870\/revisions"}],"wp:attachment":[{"href":"http:\/\/hoycordobaweb.com\/index.php\/wp-json\/wp\/v2\/media?parent=38870"}],"wp:term":[{"taxonomy":"category","embeddable":true,"href":"http:\/\/hoycordobaweb.com\/index.php\/wp-json\/wp\/v2\/categories?post=38870"},{"taxonomy":"post_tag","embeddable":true,"href":"http:\/\/hoycordobaweb.com\/index.php\/wp-json\/wp\/v2\/tags?post=38870"}],"curies":[{"name":"wp","href":"https:\/\/api.w.org\/{rel}","templated":true}]}}