{"id":38866,"date":"2022-03-23T10:25:00","date_gmt":"2022-03-23T10:25:00","guid":{"rendered":"https:\/\/fm-comunicar.com.ar\/contenido\/19023\/vuelven-los-talleres-presenciales-al-complejo-de-personas-mayores"},"modified":"2022-03-23T10:25:00","modified_gmt":"2022-03-23T10:25:00","slug":"vuelven-los-talleres-presenciales-al-complejo-de-personas-mayores","status":"publish","type":"post","link":"http:\/\/hoycordobaweb.com\/index.php\/2022\/03\/23\/vuelven-los-talleres-presenciales-al-complejo-de-personas-mayores\/","title":{"rendered":"Vuelven los talleres presenciales al Complejo de Personas Mayores"},"content":{"rendered":"<p>El viernes 25 de marzo se celebran tres a\u00f1os de su funcionamiento. Ese d\u00eda se har\u00e1 un reencuentro con disertaci\u00f3n, charla y la puesta en marcha de las actividades orientadas a mayores de 60 a\u00f1os.<img src=\"http:\/\/hoycordobaweb.com\/wp-content\/uploads\/2022\/03\/vuelven-los-talleres-presenciales-al-complejo-de-personas-mayores.jpg\"><\/p>\n","protected":false},"excerpt":{"rendered":"<p>El viernes 25 de marzo se celebran tres a\u00f1os de su funcionamiento. Ese d\u00eda se har\u00e1 un reencuentro con disertaci\u00f3n, charla y la puesta en marcha de las actividades orientadas a mayores de 60 a\u00f1os.<\/p>\n","protected":false},"author":1,"featured_media":38867,"comment_status":"closed","ping_status":"closed","sticky":false,"template":"","format":"standard","meta":[],"categories":[18],"tags":[],"_links":{"self":[{"href":"http:\/\/hoycordobaweb.com\/index.php\/wp-json\/wp\/v2\/posts\/38866"}],"collection":[{"href":"http:\/\/hoycordobaweb.com\/index.php\/wp-json\/wp\/v2\/posts"}],"about":[{"href":"http:\/\/hoycordobaweb.com\/index.php\/wp-json\/wp\/v2\/types\/post"}],"author":[{"embeddable":true,"href":"http:\/\/hoycordobaweb.com\/index.php\/wp-json\/wp\/v2\/users\/1"}],"replies":[{"embeddable":true,"href":"http:\/\/hoycordobaweb.com\/index.php\/wp-json\/wp\/v2\/comments?post=38866"}],"version-history":[{"count":0,"href":"http:\/\/hoycordobaweb.com\/index.php\/wp-json\/wp\/v2\/posts\/38866\/revisions"}],"wp:featuredmedia":[{"embeddable":true,"href":"http:\/\/hoycordobaweb.com\/index.php\/wp-json\/wp\/v2\/media\/38867"}],"wp:attachment":[{"href":"http:\/\/hoycordobaweb.com\/index.php\/wp-json\/wp\/v2\/media?parent=38866"}],"wp:term":[{"taxonomy":"category","embeddable":true,"href":"http:\/\/hoycordobaweb.com\/index.php\/wp-json\/wp\/v2\/categories?post=38866"},{"taxonomy":"post_tag","embeddable":true,"href":"http:\/\/hoycordobaweb.com\/index.php\/wp-json\/wp\/v2\/tags?post=38866"}],"curies":[{"name":"wp","href":"https:\/\/api.w.org\/{rel}","templated":true}]}}