{"id":38857,"date":"2022-03-23T02:04:00","date_gmt":"2022-03-23T02:04:00","guid":{"rendered":"http:\/\/hoycordobaweb.com\/index.php\/2022\/03\/23\/fernandez-y-georgieva-destacaron-la-importancia-del-acuerdo-alcanzado\/"},"modified":"2022-03-23T02:04:00","modified_gmt":"2022-03-23T02:04:00","slug":"fernandez-y-georgieva-destacaron-la-importancia-del-acuerdo-alcanzado","status":"publish","type":"post","link":"http:\/\/hoycordobaweb.com\/index.php\/2022\/03\/23\/fernandez-y-georgieva-destacaron-la-importancia-del-acuerdo-alcanzado\/","title":{"rendered":"Fern\u00e1ndez y Georgieva destacaron la importancia del acuerdo alcanzado"},"content":{"rendered":"<p><img src=\"http:\/\/hoycordobaweb.com\/wp-content\/uploads\/2022\/03\/fernandez-y-georgieva-destacaron-la-importancia-del-acuerdo-alcanzado.jpg\"><\/p>\n<figure class=\"mb-3\"><img loading=\"lazy\" src=\"http:\/\/hoycordobaweb.com\/wp-content\/uploads\/2022\/03\/fernandez-y-georgieva-destacaron-la-importancia-del-acuerdo-alcanzado-2.jpg\" width=\"100%\" height=\"100%\" alt=\"Foto Presidencia archivo\"><figcaption> Foto: Presidencia (archivo). <\/figcaption><\/figure>\n<p>El presidente Alberto Fern\u00e1ndez mantuvo una \u00abconstructiva\u00bb conversaci\u00f3n con la directora gerenta del Fondo Monetario Internacional (FMI), Kristalina Georgieva, en el que ambos reafirmaron la importancia del Programa de Facilidades Extendidas que tratar\u00e1 el Directorio del organismo el pr\u00f3ximo viernes, informaron esta tarde fuentes de Casa Rosada.<\/p>\n<p>A trav\u00e9s de un zoom, del que particip\u00f3 tambi\u00e9n <strong><a href=\"https:\/\/www.telam.com.ar\/notas\/202203\/587096-guzman-francia--negociaciones-club-de-paris.html\" target=\"_blank\" rel=\"noopener noreferrer\">el ministro de Econom\u00eda, Mart\u00edn Guzm\u00e1n, que se encuentra en Par\u00eds, Fern\u00e1ndez enfatiz\u00f3 el \u00abfirme y decidido compromiso\u00bb con el cumplimiento de los objetivos del Programa de Facilidades Extendidas<\/a><\/strong> aprobado por el Congreso la semana pasada, a efectos de lograr que la Argentina apuntale la recuperaci\u00f3n econ\u00f3mica en curso y fortalezca las condiciones para reducir la inflaci\u00f3n de modo sostenible.<\/p>\n<p><strong>Ese Programa tiene como objetivo lograr que la Argentina apuntale la recuperaci\u00f3n econ\u00f3mica en curso y fortalezca las condiciones para reducir la inflaci\u00f3n de modo sostenible.<\/strong><\/p>\n<p>Durante el di\u00e1logo, adem\u00e1s, el Presidente remarc\u00f3 que los objetivos del Programa son los del Gobierno y resalt\u00f3 el amplio apoyo parlamentario, al igual que el de sectores sociales, acad\u00e9micos, gremiales y sindicales.<\/p>\n<p>En esta l\u00ednea, Fern\u00e1ndez indic\u00f3 tambi\u00e9n que el acuerdo contempla un fortalecimiento tanto de la inversi\u00f3n p\u00fablica en infraestructura, ciencia y tecnolog\u00eda como de pol\u00edticas de inclusi\u00f3n social y transici\u00f3n de planes sociales a empleo genuino, entre otras.<\/p>\n<p><strong>\u00abEl acuerdo permitir\u00e1 un camino responsable y transitable para nuestro pa\u00eds, con mayor previsibilidad, certezas y visi\u00f3n de futuro, en un contexto internacional que presenta profundos desaf\u00edos debido al escenario b\u00e9lico\u00bb,<\/strong> indicaron las fuentes.<\/p>\n<p>Tambi\u00e9n aseguraron que el entendimiento \u00abreafirma el compromiso absoluto de la Argentina de no postergar su crecimiento econ\u00f3mico con justicia social\u00bb.<\/p>\n<p>Giorgieva, a trav\u00e9s de su cuenta en la red social Twitter, tambi\u00e9n calific\u00f3 de<strong> \u00abmuy constructiva\u00bb<\/strong> a la conversaci\u00f3n que mantuvo con el presidente Fern\u00e1ndez.<\/p>\n<blockquote class=\"twitter-tweet\" readability=\"5.61872909699\">\n<p lang=\"en\" dir=\"ltr\">Very constructive call with President <a href=\"https:\/\/twitter.com\/alferdez?ref_src=twsrc%5Etfw\">@alferdez<\/a>. Discussed <a href=\"https:\/\/twitter.com\/hashtag\/Argentina?src=hash&amp;ref_src=twsrc%5Etfw\">#Argentina<\/a>\u2019s strong commitment to making their economic program a success. Looking forward to the IMF Executive Board\u2019s discussion of the program on Friday. <a href=\"https:\/\/t.co\/ocUCHccm0F\">pic.twitter.com\/ocUCHccm0F<\/a><\/p>\n<p>\u2014 Kristalina Georgieva (@KGeorgieva) <a href=\"https:\/\/twitter.com\/KGeorgieva\/status\/1506385523862130689?ref_src=twsrc%5Etfw\">March 22, 2022<\/a><\/p><\/blockquote>\n<p>La titular del FMI dijo que el jefe del Estado le transmiti\u00f3 el compromiso de la Argentina \u00abpara hacer que su programa econ\u00f3mico sea un \u00e9xito\u00bb, de cara a la discusi\u00f3n del acuerdo que llevar\u00e1 adelante el Directorio Ejecutivo del organismo el viernes.<\/p>\n<p>La conversaci\u00f3n entre el Presidente y Georgieva se dio casi a la par con <a href=\"https:\/\/www.telam.com.ar\/notas\/202203\/587220-argentina-acuerdo-club-de-paris.html\" target=\"_blank\" rel=\"noopener noreferrer\">el encuentro que en Par\u00eds mantuvo el ministro Guzm\u00e1n con el presidente del foro de pa\u00edses acreedores, Emmanuel Moulin<\/a>, en el que acordaron una nueva extensi\u00f3n del entendimiento alcanzado en junio del 2021.<\/p>\n<p>Asimismo, el entendimiento alcanzado incluye garant\u00edas financieras por parte del Club de Par\u00eds en respaldo al programa de Facilidades Extendidas que tiene una duraci\u00f3n de treinta meses, permiti\u00e9ndole a la Argentina asegurar las fuentes financieras identificadas en el acuerdo con el FMI.<\/p>\n<p>El 22 de junio pasado, el Gobierno argentino se hab\u00eda comprometido con el Club de Par\u00eds a alcanzar un acuerdo con el FMI antes del 31 de marzo pr\u00f3ximo.<\/p>\n<p>As\u00ed, el pa\u00eds logr\u00f3 un puente de tiempo, evit\u00f3 el default y obtuvo un alivio financiero de USD2.000 millones con este grupo de acreedores mientras segu\u00eda negociando con el Fondo Monetario.<\/p>\n<p>Ahora, con el inminente aval del Directorio del organismo al acuerdo de facilidades extendidas, la Argentina y el Club de Par\u00eds se comprometieron a concluir el proceso de modificaci\u00f3n definitiva del Acuerdo definido en la \u201cDeclaraci\u00f3n Conjunta de 2014\u201d antes del 30 de junio del corriente a\u00f1o.<\/p>\n<p>En lo que respecta al FMI, el programa de refinanciamiento acordado con el staff del organismo -que ya cuenta con aval Parlamentario- por la deuda de US$ 45.000 millones contra\u00edda en 2018 durante la administraci\u00f3n del expresidente Mauricio Macri deber\u00e1 se ratificado por el directorio del FMI (board) este viernes, para que se ponga formalmente en marcha el nuevo plan, que se extender\u00e1 hasta 2034 y contempla metas fiscales, monetarias y de inflaci\u00f3n.<\/p>\n<p><strong>El programa tendr\u00e1 en los primeros dos a\u00f1os y medio 10 revisiones que ser\u00e1n trimestrales<\/strong> y el primer desembolso ser\u00e1 de US$ 9.800 millones, luego de que el board d\u00e9 su conformidad.<\/p>\n<p>Durante el primer a\u00f1o habr\u00e1 un financiamiento neto el FMI equivalente al 0,7% del Producto Interno Bruto (PIB), para recuperar reservas.<\/p>\n<p>Y se sumar\u00eda un financiamiento extra de US$ 2.600 millones de otros organismos multilaterales, para ayudar a cerrar el bache fiscal de este a\u00f1o.<\/p>\n<p>En ese marco, se proyecta que la cuenta corriente externa se mantendr\u00e1 en super\u00e1vit, y junto a un aumento de la inversi\u00f3n extranjera directa (IED) y la entrada de flujos oficiales netos, facilitar\u00e1 una acumulaci\u00f3n de reservas netas de US$ 15.000 millones a lo largo del programa y reforzar\u00e1 el r\u00e9gimen de deslizamiento cambiario (crawling peg).<\/p>\n<p>Entre las pautas del convenio, se prev\u00e9 una suba en el gasto social y para infraestructura, no contempla la implementaci\u00f3n de reformas en el plano laboral y previsional.<\/p>\n<p>Adem\u00e1s, habr\u00e1 m\u00e1s fondos para inclusi\u00f3n social y m\u00e1s inversi\u00f3n en obra p\u00fablica, que superar\u00e1 el equivalente al 2% del PIB.<\/p>\n<p><strong>El acuerdo tambi\u00e9n prev\u00e9 una reducci\u00f3n del d\u00e9ficit fiscal con metas de d\u00e9ficit primario de 2,5% del PIB en 2022, de 1,9% del PIB en 2023 y de 0,9% en 2024; adem\u00e1s de la disminuci\u00f3n de la monetizaci\u00f3n del d\u00e9ficit a 1% del PBI este a\u00f1o<\/strong>.<\/p>\n<p>El Gobierno se comprometi\u00f3 a reducir la inflaci\u00f3n a trav\u00e9s de una combinaci\u00f3n de pol\u00edticas fiscales, monetarias y de precios e ingresos.<\/p>\n<p>En ese contexto, para 2022 se espera que la inflaci\u00f3n se ubique dentro de un rango de 38% a 48%; para 2023 en 34%\/42%; y para 2024, el \u00faltimo a\u00f1o de duraci\u00f3n del programa inicial con el FMI, en un rango de entre 29% y 37%, bajo un esquema gradual.<\/p>\n<p>Adem\u00e1s, <strong>el Gobierno nacional apunta a reducir los costos de la energ\u00eda y mejorar la focalizaci\u00f3n de los subsidios, manteniendo asegurada la protecci\u00f3n de los hogares de m\u00e1s bajos ingresos.<\/strong><\/p>\n<p>El nuevo esquema de segmentaci\u00f3n tarifaria prev\u00e9 la eliminaci\u00f3n de los subsidios a la electricidad y el gas para el 10% de los consumidores con mayor capacidad de pago a partir del 1 de junio pr\u00f3ximo.<\/p>\n<p>El s\u00e1bado \u00faltimo, el FMI extendi\u00f3 hasta el 31 de marzo el plazo para que la Argentina pague la cuota por intereses y capital que vencieron ayer y hoy por US$ 950 millones y US$ 1.850 millones, respectivamente, de manera que el pa\u00eds no caiga en un incumplimiento, junto con el anuncio de la reuni\u00f3n del board para dar el visto bueno final al entendimiento. <\/p>\n","protected":false},"excerpt":{"rendered":"<p>Foto: Presidencia (archivo). El presidente Alberto Fern\u00e1ndez mantuvo una \u00abconstructiva\u00bb conversaci\u00f3n con la directora gerenta del Fondo Monetario Internacional (FMI), Kristalina Georgieva, en el que ambos reafirmaron la importancia del Programa de Facilidades Extendidas que tratar\u00e1 el Directorio del organismo el pr\u00f3ximo viernes, informaron esta tarde fuentes de Casa Rosada. A trav\u00e9s de un zoom, [&hellip;]<\/p>\n","protected":false},"author":1,"featured_media":38858,"comment_status":"open","ping_status":"closed","sticky":false,"template":"","format":"standard","meta":[],"categories":[19],"tags":[],"_links":{"self":[{"href":"http:\/\/hoycordobaweb.com\/index.php\/wp-json\/wp\/v2\/posts\/38857"}],"collection":[{"href":"http:\/\/hoycordobaweb.com\/index.php\/wp-json\/wp\/v2\/posts"}],"about":[{"href":"http:\/\/hoycordobaweb.com\/index.php\/wp-json\/wp\/v2\/types\/post"}],"author":[{"embeddable":true,"href":"http:\/\/hoycordobaweb.com\/index.php\/wp-json\/wp\/v2\/users\/1"}],"replies":[{"embeddable":true,"href":"http:\/\/hoycordobaweb.com\/index.php\/wp-json\/wp\/v2\/comments?post=38857"}],"version-history":[{"count":0,"href":"http:\/\/hoycordobaweb.com\/index.php\/wp-json\/wp\/v2\/posts\/38857\/revisions"}],"wp:featuredmedia":[{"embeddable":true,"href":"http:\/\/hoycordobaweb.com\/index.php\/wp-json\/wp\/v2\/media\/38858"}],"wp:attachment":[{"href":"http:\/\/hoycordobaweb.com\/index.php\/wp-json\/wp\/v2\/media?parent=38857"}],"wp:term":[{"taxonomy":"category","embeddable":true,"href":"http:\/\/hoycordobaweb.com\/index.php\/wp-json\/wp\/v2\/categories?post=38857"},{"taxonomy":"post_tag","embeddable":true,"href":"http:\/\/hoycordobaweb.com\/index.php\/wp-json\/wp\/v2\/tags?post=38857"}],"curies":[{"name":"wp","href":"https:\/\/api.w.org\/{rel}","templated":true}]}}