{"id":38847,"date":"2022-03-22T15:54:10","date_gmt":"2022-03-22T15:54:10","guid":{"rendered":"https:\/\/www.mujerhoy.com\/moda\/tendencias\/como-combinar-zapatillas-nike-dunk-victoria-federica-estilo-20220322131231-nt.html"},"modified":"2022-03-22T15:54:10","modified_gmt":"2022-03-22T15:54:10","slug":"como-combinar-las-zapatillas-coloridas-que-obsesionan-a-victoria-federica-en-todos-sus-estilismos","status":"publish","type":"post","link":"http:\/\/hoycordobaweb.com\/index.php\/2022\/03\/22\/como-combinar-las-zapatillas-coloridas-que-obsesionan-a-victoria-federica-en-todos-sus-estilismos\/","title":{"rendered":"C\u00f3mo combinar las zapatillas coloridas que obsesionan a Victoria Federica en todos sus estilismos"},"content":{"rendered":"<p><!-- AUTHOR --><!-- COMPONENTS --><\/p>\n<p class=\"voc-paragraph\">Victoria Federica est\u00e1 en el ojo del hurac\u00e1n. Desde que se abriera hace unos meses una cuenta de Instagram, la nieta del Rey Em\u00e9rito no para de acaparar todas las miradas. Todas las apariciones de <a data-voc-vtm-id=\"in-text-traffic\" href=\"https:\/\/www.mujerhoy.com\/celebrities\/realeza\/victoria-federica-marichalar-borbon-educacion-elitista-lujo-universidad-americana-20220318095320-nt.html\">Victoria Federica<\/a> est\u00e1n en el punto de mira. <strong>Desde su <\/strong><strong><i>selfie<\/i><\/strong><strong> reciente con Rihanna<\/strong>, hasta su \u00faltima <i>look <\/i>en<br \/>\n<a data-voc-vtm-id=\"in-text-traffic\" href=\"https:\/\/www.mujerhoy.com\/moda\/no-te-pierdas\/victoria-federica-hija-jaime-marichalar-expulsion-familia-real-coca-nueva-influencer-bolso-polemica-20220306095642-nt.html\"> el desfile de Loewe<\/a> donde apareci\u00f3 junto a su padre <strong>Jaime de Marichalar.<\/strong><\/p>\n<div class=\"voc-detail__cmp\">\n<div class=\"voc-article-container\">\n<article class=\"voc-article voc-article--cmp-video\" readability=\"26\">\n<div class=\"voc-img-container \" readability=\"7\"><picture><\/picture>\n<p class=\"figure-caption \"><span class=\"voc-gallery-type\"><i class=\"voc-icons video\"><\/i> V\u00eddeo. <\/span> Las zapatillasmade in Spain m\u00e1s trendy <span class=\"voc-photo-author\"><\/span><\/p>\n<\/div>\n<\/article>\n<\/div>\n<\/div>\n<p class=\"voc-paragraph\">Y aunque estamos acostumbrados a ver a Victoria Federica en el <i>front row<\/i>, con <i>look <\/i>m\u00e1s sofisticados; lo cierto es que tambi\u00e9n llama la atenci\u00f3n sus estilismos diarios. Entre algunas de las prendas que no fallan en su d\u00eda a d\u00eda son <a data-voc-vtm-id=\"in-text-traffic\" href=\"https:\/\/www.mujerhoy.com\/moda\/no-te-pierdas\/deportivas-comodas-bonitas-zara-mango-pull-and-bear-rejuvenecen-look-20220225080614-nt.html\">las zapatillas deportivas.<\/a> En concreto, hay un tipo de zapatillas al que se ha vuelto adicta Victoria. \u00bfA\u00fan no lo has visto? <\/p>\n<p class=\"voc-paragraph\">El modelo que obsesiona a Victoria Federica es <strong>el Nike Dunk<\/strong>. Originalmente, estas zapatillas deportivas se crearon para el baloncesto, aunque encontraron en los a\u00f1os 2000 su impulso en el <i>street style<\/i>, gracias a la cultura skater. Ahora, a\u00f1os m\u00e1s tarde, este modelo de zapatillas se est\u00e1 convirtiendo en un b\u00e1sico para influencers y prescriptoras de estilo. El modelo elegido por <strong>Victoria Federica<\/strong> es de ca\u00f1a baja con detalles en color pastel. <\/p>\n<div class=\"voc-detail-photo-zoom\"><picture data-toggle=\"modal\" data-target=\"#photoZoomModal-344\" target=\"modal\">\n<div class=\"voc-img-icon-link\"><img loading=\"lazy\" data-original=\"\/\/static.mujerhoy.com\/www\/multimedia\/202203\/21\/media\/cortadas\/victoria-federica-zapatillas-nike-kahF--460x637@MujerHoy.jpg\" class=\"lazy\"><noscript><img src=\"http:\/\/hoycordobaweb.com\/wp-content\/uploads\/2022\/03\/como-combinar-las-zapatillas-coloridas-que-obsesionan-a-victoria-federica-en-todos-sus-estilismos.jpg\"><\/noscript><i class=\"voc-icons zoom voc-multimedia-box voc-ico-l\"><\/i><\/div><figcaption class=\"figure-caption\"><\/figcaption><\/picture><\/div>\n<div id=\"photoZoomModal-344\" class=\"voc-lightbox modal fade voc-lightbox--photo-zoom\" role=\"dialog\" data-voc-photozoom-lightbox>\n<div class=\"voc-lightbox__dialog\" role=\"document\">\n<div class=\"voc-lightbox__content\"><!-- Modal header --><!-- Modal content --><\/p>\n<div class=\"voc-lightbox__photo-container\"><picture class><img loading=\"lazy\" data-original=\"\/\/static.mujerhoy.com\/www\/multimedia\/202203\/21\/media\/cortadas\/victoria-federica-zapatillas-nike-kahF--460x637@MujerHoy.jpg\" class=\"lazy\"><noscript><img src=\"http:\/\/hoycordobaweb.com\/wp-content\/uploads\/2022\/03\/como-combinar-las-zapatillas-coloridas-que-obsesionan-a-victoria-federica-en-todos-sus-estilismos.jpg\"><\/noscript><\/picture><\/div>\n<\/div>\n<\/div>\n<\/div>\n<p class=\"voc-paragraph\">La <strong>sobrina de los Reyes de Espa\u00f1a<\/strong> no tiene miedo a mezclar unas zapatillas tan rompedoras, con prendas m\u00e1s atemporales. O quiz\u00e1s es su sello personal. Lo que s\u00ed sabemos es que este tipo de zapatillas deportivas son comod\u00edsimas, y siempre van con todo. Al igual que otros modelos como <strong>las cl\u00e1sicas Converse All Star, o las Golden Goose,<\/strong> son un habitual en el armario de cualquier fashionista. <\/p>\n<div class=\"voc-detail__cmp\">\n<div class=\"voc-article-container\">\n<article class=\"voc-article voc-article--cmp-photo-text\">\n<div class=\"voc-img-container\"><picture>\n<div class=\"voc-horizontal voc-img-icon-link\"><img class=\"lazy\" loading=\"lazy\" data-original=\"\/\/static2.mujerhoy.com\/www\/multimedia\/202203\/21\/media\/cortadas\/zapatillas-nike-deportivas-kahF--624x624@MujerHoy.jpg\" alt><\/div>\n<\/picture><\/div>\n<\/article>\n<\/div>\n<\/div>\n<p class=\"voc-paragraph\">Pero, <strong>\u00bfc\u00f3mo combinar estas zapatillas?<\/strong> Es una de las grandes preguntas cuando nos ponemos delante de unas zapatillas tan arriesgadas. La clave para acertar es hacer como <strong>Victoria Federica<\/strong> y apostar por b\u00e1sicos. En su caso, una gabardina de color beige, y prendas en negro.Te proponemos una opci\u00f3n por si te animas a llevar estas zapatillas deportivas tan rompedoras en primavera. Una <strong>gabardina de Zara<\/strong> en color beige (59,95 euros), jersey b\u00e1sico en negro de H&amp;M (19,99 euros) y pantalones de pinza (39,99 euros). <\/p>\n<div class=\"voc-detail__cmp\">\n<div class=\"voc-article-container\">\n<article class=\"voc-article voc-article--cmp-photo-text\">\n<div class=\"voc-img-container\"><picture>\n<div class=\"voc-horizontal voc-img-icon-link\"><img class=\"lazy\" loading=\"lazy\" data-original=\"\/\/static2.mujerhoy.com\/www\/multimedia\/202203\/21\/media\/cortadas\/gabardina-total-look-negro-kahF--624x624@MujerHoy.jpg\" alt><\/div>\n<\/picture><\/div>\n<\/article>\n<\/div>\n<\/div>\n<div class=\"voc-detail__cmp voc-detail__cmp--pad-lr voc-detail__cmp--pad-lr--bdr\">\n<div class=\"voc-ficha-detail__wrapper\">\n<section class=\"voc-ficha-detail\">\n<h4 class=\"voc-ficha-detail-title voc-title-section\">Te recomendamos<\/h4>\n<\/section>\n<\/div>\n<\/div>\n<p><!-- TOPICS --><\/p>\n","protected":false},"excerpt":{"rendered":"<p>Victoria Federica est\u00e1 en el ojo del hurac\u00e1n. Desde que se abriera hace unos meses una cuenta de Instagram, la nieta del Rey Em\u00e9rito no para de acaparar todas las miradas. Todas las apariciones de Victoria Federica est\u00e1n en el punto de mira. Desde su selfie reciente con Rihanna, hasta su \u00faltima look en el [&hellip;]<\/p>\n","protected":false},"author":1,"featured_media":38848,"comment_status":"closed","ping_status":"closed","sticky":false,"template":"","format":"standard","meta":[],"categories":[1],"tags":[],"_links":{"self":[{"href":"http:\/\/hoycordobaweb.com\/index.php\/wp-json\/wp\/v2\/posts\/38847"}],"collection":[{"href":"http:\/\/hoycordobaweb.com\/index.php\/wp-json\/wp\/v2\/posts"}],"about":[{"href":"http:\/\/hoycordobaweb.com\/index.php\/wp-json\/wp\/v2\/types\/post"}],"author":[{"embeddable":true,"href":"http:\/\/hoycordobaweb.com\/index.php\/wp-json\/wp\/v2\/users\/1"}],"replies":[{"embeddable":true,"href":"http:\/\/hoycordobaweb.com\/index.php\/wp-json\/wp\/v2\/comments?post=38847"}],"version-history":[{"count":0,"href":"http:\/\/hoycordobaweb.com\/index.php\/wp-json\/wp\/v2\/posts\/38847\/revisions"}],"wp:featuredmedia":[{"embeddable":true,"href":"http:\/\/hoycordobaweb.com\/index.php\/wp-json\/wp\/v2\/media\/38848"}],"wp:attachment":[{"href":"http:\/\/hoycordobaweb.com\/index.php\/wp-json\/wp\/v2\/media?parent=38847"}],"wp:term":[{"taxonomy":"category","embeddable":true,"href":"http:\/\/hoycordobaweb.com\/index.php\/wp-json\/wp\/v2\/categories?post=38847"},{"taxonomy":"post_tag","embeddable":true,"href":"http:\/\/hoycordobaweb.com\/index.php\/wp-json\/wp\/v2\/tags?post=38847"}],"curies":[{"name":"wp","href":"https:\/\/api.w.org\/{rel}","templated":true}]}}