{"id":38839,"date":"2022-03-23T01:54:20","date_gmt":"2022-03-23T01:54:20","guid":{"rendered":"https:\/\/www.ole.com.ar\/futbol-internacional\/oscar-angel-romero-boca-cruz-azul_0_Ce1cOi0K4B.html"},"modified":"2022-03-23T01:54:20","modified_gmt":"2022-03-23T01:54:20","slug":"los-romero-con-las-camisetas","status":"publish","type":"post","link":"http:\/\/hoycordobaweb.com\/index.php\/2022\/03\/23\/los-romero-con-las-camisetas\/","title":{"rendered":"Los Romero con las camisetas"},"content":{"rendered":"<p><img src=\"http:\/\/hoycordobaweb.com\/wp-content\/uploads\/2022\/03\/los-romero-con-las-camisetas.jpg\"><\/p>\n<div><img src=\"http:\/\/hoycordobaweb.com\/wp-content\/uploads\/2022\/03\/los-romero-con-las-camisetas.jpg\" class=\"ff-og-image-inserted\"><\/div>\n<p><strong>\u00d3scar y \u00c1ngel Romero vuelven a jugar juntos.<\/strong> El Melli de Boca se encontr\u00f3 con el de Cruz Azul en la concentraci\u00f3n de Paraguay, que este jueves enfrentar\u00e1 a Paraguay en Ciudad del Este por las Eliminatorias para el Mundial de Qatar.<\/p>\n<p>Y ambos llevaron camisetas de sus clubes. En el caso de \u00d3scar, con la amarilla del triunfo ante River en el \u00faltimo Supercl\u00e1sico. \u00ab\u00bfIntercambiamos camisetas?\u00bb, se preguntaron.<\/p>\n<p>\u00c1ngel hab\u00eda estado en la \u00f3rbita de Boca antes del cierre del mercado de pases, pero el futbolista prioriz\u00f3 a la M\u00e1quina Cementera azteca. Ambos hab\u00edan rescindido con San Lorenzo antes del final del \u00faltimo torneo local, ya que en Boedo no pod\u00edan afrontar sus contratos.<\/p>\n<p>Ya Paraguay no tiene chances mundialistas, al mando del Melli Guillermo Barros Schelotto.<\/p>\n<div class=\"entry-tags\">\n<h2>TEMAS QUE APARECEN EN ESTA NOTA<\/h2>\n<\/p><\/div>\n","protected":false},"excerpt":{"rendered":"<p>\u00d3scar y \u00c1ngel Romero vuelven a jugar juntos. El Melli de Boca se encontr\u00f3 con el de Cruz Azul en la concentraci\u00f3n de Paraguay, que este jueves enfrentar\u00e1 a Paraguay en Ciudad del Este por las Eliminatorias para el Mundial de Qatar. Y ambos llevaron camisetas de sus clubes. En el caso de \u00d3scar, con [&hellip;]<\/p>\n","protected":false},"author":1,"featured_media":38840,"comment_status":"open","ping_status":"closed","sticky":false,"template":"","format":"standard","meta":[],"categories":[16],"tags":[],"_links":{"self":[{"href":"http:\/\/hoycordobaweb.com\/index.php\/wp-json\/wp\/v2\/posts\/38839"}],"collection":[{"href":"http:\/\/hoycordobaweb.com\/index.php\/wp-json\/wp\/v2\/posts"}],"about":[{"href":"http:\/\/hoycordobaweb.com\/index.php\/wp-json\/wp\/v2\/types\/post"}],"author":[{"embeddable":true,"href":"http:\/\/hoycordobaweb.com\/index.php\/wp-json\/wp\/v2\/users\/1"}],"replies":[{"embeddable":true,"href":"http:\/\/hoycordobaweb.com\/index.php\/wp-json\/wp\/v2\/comments?post=38839"}],"version-history":[{"count":0,"href":"http:\/\/hoycordobaweb.com\/index.php\/wp-json\/wp\/v2\/posts\/38839\/revisions"}],"wp:featuredmedia":[{"embeddable":true,"href":"http:\/\/hoycordobaweb.com\/index.php\/wp-json\/wp\/v2\/media\/38840"}],"wp:attachment":[{"href":"http:\/\/hoycordobaweb.com\/index.php\/wp-json\/wp\/v2\/media?parent=38839"}],"wp:term":[{"taxonomy":"category","embeddable":true,"href":"http:\/\/hoycordobaweb.com\/index.php\/wp-json\/wp\/v2\/categories?post=38839"},{"taxonomy":"post_tag","embeddable":true,"href":"http:\/\/hoycordobaweb.com\/index.php\/wp-json\/wp\/v2\/tags?post=38839"}],"curies":[{"name":"wp","href":"https:\/\/api.w.org\/{rel}","templated":true}]}}