{"id":38821,"date":"2022-03-22T07:17:15","date_gmt":"2022-03-22T07:17:15","guid":{"rendered":"http:\/\/hoycordobaweb.com\/index.php\/2022\/03\/22\/los-martinez-seran-baja-en-argentina-por-doble-fecha-los-tiempos\/"},"modified":"2022-03-22T07:17:15","modified_gmt":"2022-03-22T07:17:15","slug":"los-martinez-seran-baja-en-argentina-por-doble-fecha-los-tiempos","status":"publish","type":"post","link":"http:\/\/hoycordobaweb.com\/index.php\/2022\/03\/22\/los-martinez-seran-baja-en-argentina-por-doble-fecha-los-tiempos\/","title":{"rendered":"Los Mart\u00ednez ser\u00e1n baja en <b>Argentina<\/b> por doble fecha | Los Tiempos"},"content":{"rendered":"<p>&#8230; como parte de las eliminatorias sudamericanas del Mundial de Catar, inform\u00f3 ayer la Asociaci\u00f3n del <b>F\u00fatbol Argentino<\/b> (AFA). <\/p>\n","protected":false},"excerpt":{"rendered":"<p>&#8230; como parte de las eliminatorias sudamericanas del Mundial de Catar, inform\u00f3 ayer la Asociaci\u00f3n del F\u00fatbol Argentino (AFA).<\/p>\n","protected":false},"author":1,"featured_media":0,"comment_status":"closed","ping_status":"closed","sticky":false,"template":"","format":"standard","meta":[],"categories":[22],"tags":[],"_links":{"self":[{"href":"http:\/\/hoycordobaweb.com\/index.php\/wp-json\/wp\/v2\/posts\/38821"}],"collection":[{"href":"http:\/\/hoycordobaweb.com\/index.php\/wp-json\/wp\/v2\/posts"}],"about":[{"href":"http:\/\/hoycordobaweb.com\/index.php\/wp-json\/wp\/v2\/types\/post"}],"author":[{"embeddable":true,"href":"http:\/\/hoycordobaweb.com\/index.php\/wp-json\/wp\/v2\/users\/1"}],"replies":[{"embeddable":true,"href":"http:\/\/hoycordobaweb.com\/index.php\/wp-json\/wp\/v2\/comments?post=38821"}],"version-history":[{"count":0,"href":"http:\/\/hoycordobaweb.com\/index.php\/wp-json\/wp\/v2\/posts\/38821\/revisions"}],"wp:attachment":[{"href":"http:\/\/hoycordobaweb.com\/index.php\/wp-json\/wp\/v2\/media?parent=38821"}],"wp:term":[{"taxonomy":"category","embeddable":true,"href":"http:\/\/hoycordobaweb.com\/index.php\/wp-json\/wp\/v2\/categories?post=38821"},{"taxonomy":"post_tag","embeddable":true,"href":"http:\/\/hoycordobaweb.com\/index.php\/wp-json\/wp\/v2\/tags?post=38821"}],"curies":[{"name":"wp","href":"https:\/\/api.w.org\/{rel}","templated":true}]}}