{"id":38820,"date":"2022-03-22T07:19:27","date_gmt":"2022-03-22T07:19:27","guid":{"rendered":"http:\/\/hoycordobaweb.com\/index.php\/2022\/03\/22\/pedro-caixinha-el-dt-portugues-esta-negociando-con-talleres-record\/"},"modified":"2022-03-22T07:19:27","modified_gmt":"2022-03-22T07:19:27","slug":"pedro-caixinha-el-dt-portugues-esta-negociando-con-talleres-record","status":"publish","type":"post","link":"http:\/\/hoycordobaweb.com\/index.php\/2022\/03\/22\/pedro-caixinha-el-dt-portugues-esta-negociando-con-talleres-record\/","title":{"rendered":"Pedro Caixinha: El DT portugu\u00e9s est\u00e1 negociando con Talleres &#8211; R\u00e9cord"},"content":{"rendered":"<p>Pedro Caixinha podr\u00eda dirigir en Argentina | IMAGO7 &#8230; El Forcado tendr\u00eda su primera oportunidad en el <b>futbol argentino<\/b> tras dirigir en su natal&nbsp;&#8230; <\/p>\n","protected":false},"excerpt":{"rendered":"<p>Pedro Caixinha podr\u00eda dirigir en Argentina | IMAGO7 &#8230; El Forcado tendr\u00eda su primera oportunidad en el futbol argentino tras dirigir en su natal&nbsp;&#8230;<\/p>\n","protected":false},"author":1,"featured_media":0,"comment_status":"closed","ping_status":"closed","sticky":false,"template":"","format":"standard","meta":[],"categories":[22],"tags":[],"_links":{"self":[{"href":"http:\/\/hoycordobaweb.com\/index.php\/wp-json\/wp\/v2\/posts\/38820"}],"collection":[{"href":"http:\/\/hoycordobaweb.com\/index.php\/wp-json\/wp\/v2\/posts"}],"about":[{"href":"http:\/\/hoycordobaweb.com\/index.php\/wp-json\/wp\/v2\/types\/post"}],"author":[{"embeddable":true,"href":"http:\/\/hoycordobaweb.com\/index.php\/wp-json\/wp\/v2\/users\/1"}],"replies":[{"embeddable":true,"href":"http:\/\/hoycordobaweb.com\/index.php\/wp-json\/wp\/v2\/comments?post=38820"}],"version-history":[{"count":0,"href":"http:\/\/hoycordobaweb.com\/index.php\/wp-json\/wp\/v2\/posts\/38820\/revisions"}],"wp:attachment":[{"href":"http:\/\/hoycordobaweb.com\/index.php\/wp-json\/wp\/v2\/media?parent=38820"}],"wp:term":[{"taxonomy":"category","embeddable":true,"href":"http:\/\/hoycordobaweb.com\/index.php\/wp-json\/wp\/v2\/categories?post=38820"},{"taxonomy":"post_tag","embeddable":true,"href":"http:\/\/hoycordobaweb.com\/index.php\/wp-json\/wp\/v2\/tags?post=38820"}],"curies":[{"name":"wp","href":"https:\/\/api.w.org\/{rel}","templated":true}]}}