{"id":38814,"date":"2022-03-22T18:30:33","date_gmt":"2022-03-22T18:30:33","guid":{"rendered":"https:\/\/www.espinof.com\/proyectos\/increible-hulk-2-secuela-influida-batman-nolan-que-edward-norton-tenia-mente-nunca-sucedio"},"modified":"2022-03-22T18:30:33","modified_gmt":"2022-03-22T18:30:33","slug":"el-increible-hulk-2-la-secuela-influida-por-el-batman-de-nolan-que-edward-norton-tenia-en-mente-y-nunca-sucedio","status":"publish","type":"post","link":"http:\/\/hoycordobaweb.com\/index.php\/2022\/03\/22\/el-increible-hulk-2-la-secuela-influida-por-el-batman-de-nolan-que-edward-norton-tenia-en-mente-y-nunca-sucedio\/","title":{"rendered":"&#8216;El incre\u00edble Hulk 2&#8217;: la secuela influida por el Batman de Nolan que Edward Norton ten\u00eda en mente y nunca sucedi\u00f3"},"content":{"rendered":"<p>No hay una sola persona en el mundo que no haya o\u00eddo hablar de Marvel, pero hubo una \u00e9poca en la que era una cosa de raritos. En un mundo en el que \u2018Los Vengadores\u2019 era solo una escena postcr\u00e9ditos, all\u00e1 por 2008, la segunda pel\u00edcula del Universo Cinematogr\u00e1fico Marvel sal\u00eda a la luz: <a href=\"https:\/\/www.espinof.com\/criticas\/comic-en-cine-el-increible-hulk-de-louis-leterrier\">\u2018El incre\u00edble Hulk\u2019<\/a>. Catorce a\u00f1os despu\u00e9s, a\u00fan estamos esperando una secuela. \u00bfPor qu\u00e9? Y a\u00fan m\u00e1s importante, <strong>\u00bfde qu\u00e9 tratar\u00eda esta supuesta continuaci\u00f3n?<\/strong><\/p>\n<p><!-- BREAK 1 --><\/p>\n<div class=\"video-boost-container article-asset-normal\"> <span class=\"video-boost-title\">&#8216;FALCON Y EL SOLDADO DE INVIERNO&#8217; demuestra que un MCU ma\u0301s ADULTO es posible<\/span>\n<\/div>\n<h2><strong>Hulk al estilo Nolan<\/strong><\/h2>\n<p>Puede que la pel\u00edcula del gigante esmeralda funcionara solo un poco mejor en taquilla que la que estren\u00f3 Ang Lee cinco a\u00f1os antes, pero para Universal fue suficiente para querer <strong>expandir su universo<\/strong>. S\u00ed, Universal: el l\u00edo de derechos de los personajes Marvel hace que las pel\u00edculas en solitario de Hulk tengan que ser distribuidas por ellos, pero no en las que forme parte de un grupo. Por eso <strong>Hulk es el secundario de oro<\/strong> de <a href=\"https:\/\/www.espinof.com\/tag\/marvel\">Marvel<\/a>, pero nunca el protagonista.<\/p>\n<p><!-- BREAK 2 --> <\/p>\n<div class=\"article-asset article-asset-normal article-asset-center\">\n<div class=\"desvio-container\">\n<div class=\"desvio\">\n<div class=\"desvio-figure js-desvio-figure\"> <a href=\"https:\/\/www.espinof.com\/listas\/marvel-que-orden-conviene-ver-todas-peliculas-superheroes-mcu\"> <img alt=\"\u00a1Vengadores, un\u00edos! En qu\u00e9 orden conviene ver todas las pel\u00edculas del Universo Marvel\" src=\"http:\/\/hoycordobaweb.com\/wp-content\/uploads\/2022\/03\/el-increible-hulk-2-la-secuela-influida-por-el-batman-de-nolan-que-edward-norton-tenia-en-mente-y-nunca-sucedio.jpg\"> <\/a> <\/div><\/div><\/div>\n<\/div>\n<p>El propio <strong>Kevin Feige <\/strong>afirm\u00f3 que \u2018El incre\u00edble Hulk\u2019 hab\u00eda colmado las expectativas de Marvel, y que el personaje volver\u00eda despu\u00e9s de <a href=\"https:\/\/www.espinof.com\/criticas\/los-vengadores-gracias-joss-whedon\">\u2018Los Vengadores\u2019<\/a>. <strong>Edward Norton<\/strong>, emocionado con su oportunidad de volver a estar en el candelero, <a href=\"https:\/\/www.syfy.com\/syfy-wire\/edward-norton-incredible-hulk-two-movies\">present\u00f3 su idea<\/a> de una secuela a Marvel Studios, apartada del \u201c\u00a1Hulk aplasta!\u201d y m\u00e1s alineada con el tono oscuro y serio del Batman de Nolan. Spoiler: no sali\u00f3 bien.<\/p>\n<p><!-- BREAK 3 --><\/p>\n<blockquote><p>Hulk es literalmente el mito de Prometeo. Pens\u00e9 en dos pel\u00edculas: El origen y luego la idea de Hulk como el so\u00f1ador consciente, el t\u00edo que puede dominar el viaje. Y ellos estaban diciendo, \u2018\u00a1Esto es lo que queremos!\u2019. Como sabemos, eso no es lo que quer\u00edan.<\/p><\/blockquote>\n<p>La idea de Norton era mostrar a <strong>Hulk controlando su furia interior<\/strong>, continuando la \u00faltima escena de la pel\u00edcula original en la que Bruce Banner, con los ojos verdes, sonre\u00eda. Al final, siendo justos, la idea de Norton lleg\u00f3 a la pantalla una d\u00e9cada despu\u00e9s, en <a href=\"https:\/\/www.espinof.com\/criticas\/vengadores-endgame-critica-spoilers-excelente-colofon-para-mcu-puntualmente-innovador-sobrado-epica\">\u2018Vengadores: Endgame\u2019<\/a>, en la que Bruce Banner viv\u00eda eternamente transformado en el Profesor Hulk. Al fandom le sent\u00f3 regular.<\/p>\n<p><!-- BREAK 4 --><\/p>\n<div class=\"article-asset-image article-asset-normal article-asset-center\">\n<div class=\"asset-content\">\n<div class=\"base-wrapper-image\"> <img class=\"sf-lazy centro_sinmarco\" data-sf-srcset=\"http:\/\/hoycordobaweb.com\/wp-content\/uploads\/2022\/03\/el-increible-hulk-2-la-secuela-influida-por-el-batman-de-nolan-que-edward-norton-tenia-en-mente-y-nunca-sucedio-1.jpg 450w, http:\/\/hoycordobaweb.com\/wp-content\/uploads\/2022\/03\/el-increible-hulk-2-la-secuela-influida-por-el-batman-de-nolan-que-edward-norton-tenia-en-mente-y-nunca-sucedio-3.jpg 681w,http:\/\/hoycordobaweb.com\/wp-content\/uploads\/2022\/03\/el-increible-hulk-2-la-secuela-influida-por-el-batman-de-nolan-que-edward-norton-tenia-en-mente-y-nunca-sucedio-4.jpg 1024w, http:\/\/hoycordobaweb.com\/wp-content\/uploads\/2022\/03\/el-increible-hulk-2-la-secuela-influida-por-el-batman-de-nolan-que-edward-norton-tenia-en-mente-y-nunca-sucedio-5.jpg 1366w,\" data-sf-src=\"http:\/\/hoycordobaweb.com\/wp-content\/uploads\/2022\/03\/el-increible-hulk-2-la-secuela-influida-por-el-batman-de-nolan-que-edward-norton-tenia-en-mente-y-nunca-sucedio-1.jpg\" alt=\"Profesor Hulk\"> <noscript><img alt=\"Profesor Hulk\" class=\"centro_sinmarco\" src=\"http:\/\/hoycordobaweb.com\/wp-content\/uploads\/2022\/03\/el-increible-hulk-2-la-secuela-influida-por-el-batman-de-nolan-que-edward-norton-tenia-en-mente-y-nunca-sucedio-1.jpg\"><\/noscript> <\/div><\/div>\n<\/div>\n<p>En 2010, en mitad de la Comic-Con de San Diego, Marvel Studios anunci\u00f3 que <strong>Edward Norton ser\u00eda reemplazado <\/strong>por un actor que disfrutara m\u00e1s formando parte de un elenco colaborativo. El agente de Norton <a href=\"https:\/\/www.espinof.com\/actores-y-actrices\/increible-hulk-que-marvel-despidio-a-edward-norton-sustituyo-mark-ruffalo-vengadores\">respondi\u00f3 enfurecido<\/a> y protagonizaron la pol\u00e9mica del a\u00f1o de aquella semana.<\/p>\n<p><!-- BREAK 5 --><\/p>\n<p>Y al llegar aqu\u00ed es posible que os pregunt\u00e9is: Vale, pero entonces, <strong>\u00bfva a haber secuela de \u2018El incre\u00edble Hulk\u2019?<\/strong> La respuesta es s\u00ed y no. Aunque hay muchos rumores que apuntan a una adaptaci\u00f3n del divertid\u00edsimo <strong>\u2018World War Hulk\u2019<\/strong>, de momento tendremos que conformarnos con ver al personaje acompa\u00f1ando a Jennifer Walters en <a href=\"https:\/\/www.espinof.com\/tag\/she-hulk\">\u2018She-Hulk\u2019<\/a> (o \u2018Hulka\u2019 si has le\u00eddo los c\u00f3mics originales), la pr\u00f3xima serie de Disney+. Se puede decir que a Marvel le han pillado con las manos en La Masa.<\/p>\n<p><!-- BREAK 6 --> <\/p>\n","protected":false},"excerpt":{"rendered":"<p>No hay una sola persona en el mundo que no haya o\u00eddo hablar de Marvel, pero hubo una \u00e9poca en la que era una cosa de raritos. En un mundo en el que \u2018Los Vengadores\u2019 era solo una escena postcr\u00e9ditos, all\u00e1 por 2008, la segunda pel\u00edcula del Universo Cinematogr\u00e1fico Marvel sal\u00eda a la luz: \u2018El [&hellip;]<\/p>\n","protected":false},"author":1,"featured_media":38815,"comment_status":"open","ping_status":"closed","sticky":false,"template":"","format":"standard","meta":[],"categories":[1],"tags":[],"_links":{"self":[{"href":"http:\/\/hoycordobaweb.com\/index.php\/wp-json\/wp\/v2\/posts\/38814"}],"collection":[{"href":"http:\/\/hoycordobaweb.com\/index.php\/wp-json\/wp\/v2\/posts"}],"about":[{"href":"http:\/\/hoycordobaweb.com\/index.php\/wp-json\/wp\/v2\/types\/post"}],"author":[{"embeddable":true,"href":"http:\/\/hoycordobaweb.com\/index.php\/wp-json\/wp\/v2\/users\/1"}],"replies":[{"embeddable":true,"href":"http:\/\/hoycordobaweb.com\/index.php\/wp-json\/wp\/v2\/comments?post=38814"}],"version-history":[{"count":0,"href":"http:\/\/hoycordobaweb.com\/index.php\/wp-json\/wp\/v2\/posts\/38814\/revisions"}],"wp:featuredmedia":[{"embeddable":true,"href":"http:\/\/hoycordobaweb.com\/index.php\/wp-json\/wp\/v2\/media\/38815"}],"wp:attachment":[{"href":"http:\/\/hoycordobaweb.com\/index.php\/wp-json\/wp\/v2\/media?parent=38814"}],"wp:term":[{"taxonomy":"category","embeddable":true,"href":"http:\/\/hoycordobaweb.com\/index.php\/wp-json\/wp\/v2\/categories?post=38814"},{"taxonomy":"post_tag","embeddable":true,"href":"http:\/\/hoycordobaweb.com\/index.php\/wp-json\/wp\/v2\/tags?post=38814"}],"curies":[{"name":"wp","href":"https:\/\/api.w.org\/{rel}","templated":true}]}}