{"id":38783,"date":"2022-03-22T02:08:33","date_gmt":"2022-03-22T02:08:33","guid":{"rendered":"https:\/\/www.ole.com.ar\/rosario-central\/lucas-gamba-operado-urgencia-apendicitis_0_hh0dAZLJfG.html"},"modified":"2022-03-22T02:08:33","modified_gmt":"2022-03-22T02:08:33","slug":"operaron-de-urgencia-a-lucas-gamba","status":"publish","type":"post","link":"http:\/\/hoycordobaweb.com\/index.php\/2022\/03\/22\/operaron-de-urgencia-a-lucas-gamba\/","title":{"rendered":"Operaron \u00abde urgencia\u00bb a Lucas Gamba"},"content":{"rendered":"<p><img src=\"http:\/\/hoycordobaweb.com\/wp-content\/uploads\/2022\/03\/operaron-de-urgencia-a-lucas-gamba.jpg\"><\/p>\n<p><strong>Contin\u00faan las malas noticias para <a data-cke-saved-href=\"https:\/\/www.ole.com.ar\/rosario-central\/\" target=\"_blank\" href=\"https:\/\/www.ole.com.ar\/rosario-central\/\" rel=\"noopener noreferrer\">Rosario Central<\/a><\/strong>. El \u00faltimo fin de semana fue ca\u00f3tico para el Canalla. No solo que perdieron de local ante <a data-cke-saved-href=\"https:\/\/www.ole.com.ar\/futbol-primera\/rosario-central-vs-newell-s-fecha-7_0_TIZ7jz8P2Y.html\" target=\"_blank\" href=\"https:\/\/www.ole.com.ar\/futbol-primera\/rosario-central-vs-newell-s-fecha-7_0_TIZ7jz8P2Y.html\" rel=\"noopener noreferrer\"><strong>Newell&#8217;s<\/strong><\/a>, sino que tambi\u00e9n se quedaron sin entrenador. La dirigencia tom\u00f3 la decisi\u00f3n de que el <a data-cke-saved-href=\"https:\/\/www.ole.com.ar\/rosario-central\/kily-gonzalez-rosario-central-va-despido_0_rUmPx59YfO.html\" target=\"_blank\" href=\"https:\/\/www.ole.com.ar\/rosario-central\/kily-gonzalez-rosario-central-va-despido_0_rUmPx59YfO.html\" rel=\"noopener noreferrer\"><strong>Kily Gonz\u00e1lez<\/strong><\/a> de un paso al costado tras varios partidos sin buenos rendimientos. Pero eso no es todo&#8230;<\/p>\n<div class=\"sp__SM\">\n<div class=\"content-new \">\n<span class=\"tit-mobile\">Mir\u00e1 tambi\u00e9n<\/span><\/p>\n<div class=\"mg\">\n<div class=\"wrap-figure\">\n<picture>\n<a href=\"https:\/\/www.ole.com.ar\/rosario-central\/kily-gonzalez-rosario-central-va-despido_0_rUmPx59YfO.html\" target=\"_self\" rel=\"noopener noreferrer\"><br \/>\n<img class=\"img-responsive\" alt=\"Central y las repercusiones del cl\u00e1sico: Kily afuera\" src=\"http:\/\/hoycordobaweb.com\/wp-content\/uploads\/2022\/03\/operaron-de-urgencia-a-lucas-gamba-2.jpg\" loading=\"lazy\"><br \/>\n<\/a>\n<\/picture>\n<\/div>\n<\/div><\/div>\n<\/div>\n<p> <strong>Este lunes por la noche tuvo que ser intervenido quir\u00fargicamente <a data-cke-saved-href=\"https:\/\/www.ole.com.ar\/tema\/lucas-gamba.html\" target=\"_blank\" href=\"https:\/\/www.ole.com.ar\/tema\/lucas-gamba.html\" rel=\"noopener noreferrer\">Lucas Gamba<\/a> por un cuadro de apendicitis y permanecer\u00e1 48 horas internado<\/strong>. Seg\u00fan inform\u00f3 el equipo de Arroyito, el delantero de 34 a\u00f1os fue operado \u00ab<mark>de urgencia<\/mark>\u00bb en el Sanatorio de la Mujer de Rosario, a ra\u00edz de un \u00ab<mark>fuerte dolor abdominal, producto de un cuadro de apendicitis<\/mark>\u00ab.<\/p>\n<div class=\"sp__Normal\">\n<div class=\"image-embeb image-trigger\" readability=\"6\">\n<picture><source media=\"(min-width: 720px)\" srcset=\"http:\/\/hoycordobaweb.com\/wp-content\/uploads\/2022\/03\/operaron-de-urgencia-a-lucas-gamba-3.jpg\"><img itemprop=\"image\" src=\"http:\/\/hoycordobaweb.com\/wp-content\/uploads\/2022\/03\/operaron-de-urgencia-a-lucas-gamba-3.jpg\" loading=\"lazy\" alt=\"Lucas Gamba fue operado de urgencia.\">\n<\/picture><figcaption readability=\"2\">\n<p>Lucas Gamba fue operado de urgencia.\n<\/p>\n<\/figcaption><\/div>\n<\/div>\n<p> La evoluci\u00f3n cl\u00ednica del paciente demandar\u00e1 un m\u00ednimo de 48 horas, que es el per\u00edodo m\u00ednimo que permanecer\u00e1 en el centro asistencial. <strong>Esta intervenci\u00f3n quir\u00fargica le impedir\u00e1 a Lucas Gamba formar parte de la n\u00f3mina a disposici\u00f3n para el partido de la octava fecha ante Tigre, a jugarse durante el primer fin de semana de abril<\/strong>, por la octava fecha de la Copa de la Liga Profesional.<\/p>\n<h2><strong>EL MENSAJE DE ROSARIO CENTRAL<\/strong><\/h2>\n<div class=\"sp__Normal htmlLibre\">\n<div class=\"embed-responsive-c\" readability=\"6.1540785498489\">\n<blockquote class=\"twitter-tweet\" readability=\"6.1540785498489\">\n<p lang=\"es\" dir=\"ltr\">\ud83d\ude91 Parte m\u00e9dico <\/p>\n<p>Lucas Gamba fue intervenido quir\u00fargicamente de urgencia en el Sanatorio de la Mujer por un cuadro de dolor abdominal resultado de una apendicitis. Se espera evoluci\u00f3n cl\u00ednica. El jugador permanecer\u00e1 internado las pr\u00f3ximas 48hs . <a href=\"https:\/\/t.co\/ZzYizKjsmq\">pic.twitter.com\/ZzYizKjsmq<\/a><\/p>\n<p>\u2014 Rosario Central (@RosarioCentral) <a href=\"https:\/\/twitter.com\/RosarioCentral\/status\/1506069342600970244?ref_src=twsrc%5Etfw\">March 22, 2022<\/a><\/p><\/blockquote><\/div>\n<\/div>\n<p> \u00abLucas Gamba fue intervenido quir\u00fargicamente de urgencia en el Sanatorio de la Mujer por un cuadro de dolor abdominal resultado de una apendicitis. Se espera evoluci\u00f3n cl\u00ednica. El jugador permanecer\u00e1 internado las pr\u00f3ximas 48hs\u00bb.<\/p>\n<div class=\"sp__SM\">\n<div class=\"content-new \">\n<span class=\"tit-mobile\">Mir\u00e1 tambi\u00e9n<\/span><\/p>\n<div class=\"mg\">\n<div class=\"wrap-figure\">\n<picture>\n<a href=\"https:\/\/www.ole.com.ar\/rosario-central\/rivarola-rosario-central-pirulo-zubeldia_0_SyKe7LDYvG.html\" target=\"_self\" rel=\"noopener noreferrer\"><br \/>\n<img class=\"img-responsive\" alt=\"Por ahora, Pirulo Rivarola\" src=\"http:\/\/hoycordobaweb.com\/wp-content\/uploads\/2022\/03\/operaron-de-urgencia-a-lucas-gamba-4.jpg\" loading=\"lazy\"><br \/>\n<\/a>\n<\/picture>\n<\/div>\n<\/div><\/div>\n<\/div>\n<h2><strong>EL NUEVO DT CANALLA<\/strong><\/h2>\n<p> A partir de este martes comenzar\u00e1, de forma interina, a dirigir el plantel Germ\u00e1n Rivarola, quien tom\u00f3 la posta luego de la salida de Cristian Gonz\u00e1lez. La intenci\u00f3n de la dirigencia de Rosario Central es que Pirulo comande los entrenamiento de los pr\u00f3ximos d\u00edas mientras buscan el sustituto adecuado. Los dos nombres que m\u00e1s circularon como opciones son Luis Zubeld\u00eda y Vitamina S\u00e1nchez.<\/p>\n<h2><strong>EL PARTIDO ANTE NEWELL&#8217;S<\/strong><\/h2>\n<div class=\"sp__SM\">\n<div class=\"content-new \">\n<span class=\"tit-mobile\">Mir\u00e1 tambi\u00e9n<\/span><\/p>\n<div class=\"mg\">\n<div class=\"wrap-figure\">\n<picture>\n<a href=\"https:\/\/www.ole.com.ar\/futbol-primera\/central-ruben-kily-clasico-newell-s_0_t5buUoG5lI.html\" target=\"_self\" rel=\"noopener noreferrer\"><br \/>\n<img class=\"img-responsive\" alt=\"Ruben banc\u00f3 a un Kily Gonz\u00e1lez que se fue silbado\" src=\"http:\/\/hoycordobaweb.com\/wp-content\/uploads\/2022\/03\/operaron-de-urgencia-a-lucas-gamba-5.jpg\" loading=\"lazy\"><br \/>\n<\/a>\n<\/picture>\n<\/div>\n<\/div><\/div>\n<\/div>\n<div class=\"sp__SM\">\n<div class=\"content-new \">\n<span class=\"tit-mobile\">Mir\u00e1 tambi\u00e9n<\/span><\/p>\n<div class=\"mg\">\n<div class=\"wrap-figure\">\n<picture>\n<a href=\"https:\/\/www.ole.com.ar\/newells-old-boys\/rosario-central-newells-perez_0_v7I9Stqlyz.html\" target=\"_self\" rel=\"noopener noreferrer\"><br \/>\n<img class=\"img-responsive\" alt=\"Pablo P\u00e9rez: del abrazo con el Kily al coscorr\u00f3n a Ruben\" src=\"http:\/\/hoycordobaweb.com\/wp-content\/uploads\/2022\/03\/operaron-de-urgencia-a-lucas-gamba-6.jpg\" loading=\"lazy\"><br \/>\n<\/a>\n<\/picture>\n<\/div>\n<\/div><\/div>\n<\/div>\n<div class=\"sp__SM\">\n<div class=\"content-new \">\n<span class=\"tit-mobile\">Mir\u00e1 tambi\u00e9n<\/span><\/p>\n<div class=\"mg\">\n<div class=\"wrap-figure\">\n<picture>\n<a href=\"https:\/\/www.ole.com.ar\/futbol-primera\/tabla-fecha-clasicos-liga-profesional_0_zxL0HCchr7.html\" target=\"_self\" rel=\"noopener noreferrer\"><br \/>\n<img class=\"img-responsive\" alt=\"Tabla de la Copa de la Liga: Boca qued\u00f3 segundo y River, cuarto\" src=\"http:\/\/hoycordobaweb.com\/wp-content\/uploads\/2022\/03\/operaron-de-urgencia-a-lucas-gamba-7.jpg\" loading=\"lazy\"><br \/>\n<\/a>\n<\/picture>\n<\/div>\n<\/div><\/div>\n<\/div>\n<div class=\"entry-tags\">\n<h2>TEMAS QUE APARECEN EN ESTA NOTA<\/h2>\n<\/p><\/div>\n","protected":false},"excerpt":{"rendered":"<p>Contin\u00faan las malas noticias para Rosario Central. El \u00faltimo fin de semana fue ca\u00f3tico para el Canalla. No solo que perdieron de local ante Newell&#8217;s, sino que tambi\u00e9n se quedaron sin entrenador. La dirigencia tom\u00f3 la decisi\u00f3n de que el Kily Gonz\u00e1lez de un paso al costado tras varios partidos sin buenos rendimientos. Pero eso [&hellip;]<\/p>\n","protected":false},"author":1,"featured_media":38784,"comment_status":"open","ping_status":"closed","sticky":false,"template":"","format":"standard","meta":[],"categories":[16],"tags":[],"_links":{"self":[{"href":"http:\/\/hoycordobaweb.com\/index.php\/wp-json\/wp\/v2\/posts\/38783"}],"collection":[{"href":"http:\/\/hoycordobaweb.com\/index.php\/wp-json\/wp\/v2\/posts"}],"about":[{"href":"http:\/\/hoycordobaweb.com\/index.php\/wp-json\/wp\/v2\/types\/post"}],"author":[{"embeddable":true,"href":"http:\/\/hoycordobaweb.com\/index.php\/wp-json\/wp\/v2\/users\/1"}],"replies":[{"embeddable":true,"href":"http:\/\/hoycordobaweb.com\/index.php\/wp-json\/wp\/v2\/comments?post=38783"}],"version-history":[{"count":0,"href":"http:\/\/hoycordobaweb.com\/index.php\/wp-json\/wp\/v2\/posts\/38783\/revisions"}],"wp:featuredmedia":[{"embeddable":true,"href":"http:\/\/hoycordobaweb.com\/index.php\/wp-json\/wp\/v2\/media\/38784"}],"wp:attachment":[{"href":"http:\/\/hoycordobaweb.com\/index.php\/wp-json\/wp\/v2\/media?parent=38783"}],"wp:term":[{"taxonomy":"category","embeddable":true,"href":"http:\/\/hoycordobaweb.com\/index.php\/wp-json\/wp\/v2\/categories?post=38783"},{"taxonomy":"post_tag","embeddable":true,"href":"http:\/\/hoycordobaweb.com\/index.php\/wp-json\/wp\/v2\/tags?post=38783"}],"curies":[{"name":"wp","href":"https:\/\/api.w.org\/{rel}","templated":true}]}}