{"id":38735,"date":"2022-03-21T02:23:12","date_gmt":"2022-03-21T02:23:12","guid":{"rendered":"https:\/\/www.ole.com.ar\/futbol-primera\/rojo-boca-super-frase_0_LPqmCwE9CU.html"},"modified":"2022-03-21T02:23:12","modified_gmt":"2022-03-21T02:23:12","slug":"rojo-y-la-picante-frase-post-super-en-un-momento-los-dejamos-en-silencio","status":"publish","type":"post","link":"http:\/\/hoycordobaweb.com\/index.php\/2022\/03\/21\/rojo-y-la-picante-frase-post-super-en-un-momento-los-dejamos-en-silencio\/","title":{"rendered":"Rojo y la picante frase post S\u00faper: \u00abEn un momento los dejamos en silencio\u00bb"},"content":{"rendered":"<p><img src=\"http:\/\/hoycordobaweb.com\/wp-content\/uploads\/2022\/03\/rojo-y-la-picante-frase-post-super-en-un-momento-los-dejamos-en-silencio.jpg\"><\/p>\n<p>En el d\u00eda de su cumplea\u00f1os, Marcos Rojo tuvo un gran regalo<a data-cke-saved-href=\"https:\/\/www.ole.com.ar\/futbol-primera\/copa-liga-river-boca-fecha-7-clasicos_0_eniKhB7Z9s.html\" target=\"_blank\" href=\"https:\/\/www.ole.com.ar\/futbol-primera\/copa-liga-river-boca-fecha-7-clasicos_0_eniKhB7Z9s.html\" rel=\"noopener noreferrer\"><strong>. Es que termin\u00f3 celebrando en el Monumental, producto del triunfo de Boca ante River en una nueva edici\u00f3n del S\u00faper.<\/strong><\/a> 1-0, con un buen partido del zaguero central, que en el anterior hab\u00eda sido expulsado tempranamente. Una revancha a nivel personal, desde luego. <mark><strong>Y ya post S\u00faper, dej\u00f3 una frase picante, chicaneando a los casi 70 mil hinchas que coparon el escenario de N\u00fa\u00f1ez.<\/strong><\/mark> <\/p>\n<div class=\"sp__SM\">\n<div class=\"content-new \">\n<span class=\"tit-mobile\">Mir\u00e1 tambi\u00e9n<\/span><\/p>\n<div class=\"mg\">\n<div class=\"wrap-figure\">\n<picture>\n<a href=\"https:\/\/www.ole.com.ar\/futbol-primera\/sebastian-battaglia-video-desahogo-boca-river-superclasico-monumental_0_6mvCqIyYmf.html\" target=\"_self\" rel=\"noopener noreferrer\"><br \/>\n<img class=\"img-responsive\" alt=\"Video: el desahogo extremo de Battaglia\" src=\"http:\/\/hoycordobaweb.com\/wp-content\/uploads\/2022\/03\/rojo-y-la-picante-frase-post-super-en-un-momento-los-dejamos-en-silencio-2.jpg\" loading=\"lazy\"><br \/>\n<\/a>\n<\/picture>\n<\/div>\n<\/div><\/div>\n<\/div>\n<div class=\"sp__SM\">\n<div class=\"content-new \">\n<span class=\"tit-mobile\">Mir\u00e1 tambi\u00e9n<\/span><\/p>\n<div class=\"mg\">\n<div class=\"wrap-figure\">\n<picture>\n<a href=\"https:\/\/www.ole.com.ar\/futbol-primera\/amarilla-camiseta-boca_0_y9OR81Gvz0.html\" target=\"_self\" rel=\"noopener noreferrer\"><br \/>\n<img class=\"img-responsive\" alt=\"Amarilla hist\u00f3rica: el cham\u00e1n y una sugerencia que vali\u00f3 un S\u00faper\" src=\"http:\/\/hoycordobaweb.com\/wp-content\/uploads\/2022\/03\/rojo-y-la-picante-frase-post-super-en-un-momento-los-dejamos-en-silencio-3.jpg\" loading=\"lazy\"><br \/>\n<\/a>\n<\/picture>\n<\/div>\n<\/div><\/div>\n<\/div>\n<p><strong>\u00abEn un momento los dejamos en silencio. Adentro de la cancha no me daba cuenta, pero cuando sal\u00ed vi la gente que estaba bastante callada, Ten\u00edan tensi\u00f3n y se ve\u00eda en el equipo<\/strong>\u00ab, expres\u00f3 el ex Estudiantes de La Plata en conferencia de prensa, realizada en los pasillos del Monumental.<\/p>\n<div class=\"sp__SM\">\n<div class=\"content-new \">\n<span class=\"tit-mobile\">Mir\u00e1 tambi\u00e9n<\/span><\/p>\n<div class=\"mg\">\n<div class=\"wrap-figure\">\n<picture>\n<a href=\"https:\/\/www.ole.com.ar\/boca-juniors\/boca-river-superclasico_0_e7jCZp9hMQ.html\" target=\"_self\" rel=\"noopener noreferrer\"><br \/>\n<img class=\"img-responsive\" alt=\"El uno por uno de Boca vs. River\" src=\"http:\/\/hoycordobaweb.com\/wp-content\/uploads\/2022\/03\/rojo-y-la-picante-frase-post-super-en-un-momento-los-dejamos-en-silencio-4.jpg\" loading=\"lazy\"><br \/>\n<\/a>\n<\/picture>\n<\/div>\n<\/div><\/div>\n<\/div>\n<div class=\"sp__SM\">\n<div class=\"content-new \">\n<span class=\"tit-mobile\">Mir\u00e1 tambi\u00e9n<\/span><\/p>\n<div class=\"mg\">\n<div class=\"wrap-figure\">\n<picture>\n<a href=\"https:\/\/www.ole.com.ar\/boca-juniors\/boca-memes-super-river-pirez_0_qqXee4K2X3.html\" target=\"_self\" rel=\"noopener noreferrer\"><br \/>\n<img class=\"img-responsive\" alt=\"Los memes tras el triunfo de Boca\" src=\"http:\/\/hoycordobaweb.com\/wp-content\/uploads\/2022\/03\/rojo-y-la-picante-frase-post-super-en-un-momento-los-dejamos-en-silencio-5.jpg\" loading=\"lazy\"><br \/>\n<\/a>\n<\/picture>\n<\/div>\n<\/div><\/div>\n<\/div>\n<div class=\"sp__SM\">\n<div class=\"content-new \">\n<span class=\"tit-mobile\">Mir\u00e1 tambi\u00e9n<\/span><\/p>\n<div class=\"mg\">\n<div class=\"wrap-figure\">\n<picture>\n<a href=\"https:\/\/www.ole.com.ar\/futbol-primera\/copa-liga-river-boca-fecha-7-clasicos_0_eniKhB7Z9s.html\" target=\"_self\" rel=\"noopener noreferrer\"><br \/>\n<img class=\"img-responsive\" alt=\"Boca: un golpe Monumental a River con la camiseta amarilla\" src=\"http:\/\/hoycordobaweb.com\/wp-content\/uploads\/2022\/03\/rojo-y-la-picante-frase-post-super-en-un-momento-los-dejamos-en-silencio-6.jpg\" loading=\"lazy\"><br \/>\n<\/a>\n<\/picture>\n<\/div>\n<\/div><\/div>\n<\/div>\n<p><mark><strong>Analizando lo que fue el 1-0 en s\u00ed, detall\u00f3: <\/strong><\/mark>\u00abLes llegamos varias veces. Presionaban muy bien pero dejaban espacios libres. No pudimos encontrar a Villa ni al Pipa en el PT. El gol destrab\u00f3 y tuvimos chances de gol. Ten\u00edamos que tener las l\u00edneas juntas y tener calma como nos pidi\u00f3 Battaglia. Sab\u00edamos que \u00edbamos a sufrir y ten\u00edamos que estar organizados\u00bb.&nbsp;<\/p>\n<div class=\"sp__Normal\">\n<div class=\"image-embeb image-trigger\" readability=\"6\">\n<picture><source media=\"(min-width: 720px)\" srcset=\"http:\/\/hoycordobaweb.com\/wp-content\/uploads\/2022\/03\/rojo-y-la-picante-frase-post-super-en-un-momento-los-dejamos-en-silencio-7.jpg\"><img itemprop=\"image\" src=\"http:\/\/hoycordobaweb.com\/wp-content\/uploads\/2022\/03\/rojo-y-la-picante-frase-post-super-en-un-momento-los-dejamos-en-silencio-7.jpg\" loading=\"lazy\" alt=\"Rojo y Adv\u00edncula marcan a \u00c1lvarez (AFP).\">\n<\/picture><figcaption readability=\"2\">\n<p>Rojo y Adv\u00edncula marcan a \u00c1lvarez (AFP).\n<\/p>\n<\/figcaption><\/div>\n<\/div>\n<div class=\"sp__SM\">\n<div class=\"content-new \">\n<span class=\"tit-mobile\">Mir\u00e1 tambi\u00e9n<\/span><\/p>\n<div class=\"mg\">\n<div class=\"wrap-figure\">\n<picture>\n<a href=\"https:\/\/www.ole.com.ar\/futbol-primera\/battaglia-boca-triunfo-river-monumental_0_qmhYeZ3RBH.html\" target=\"_self\" rel=\"noopener noreferrer\"><br \/>\n<img class=\"img-responsive\" alt=\"Battaglia: &quot;Un partido bisagra&quot;\" src=\"http:\/\/hoycordobaweb.com\/wp-content\/uploads\/2022\/03\/rojo-y-la-picante-frase-post-super-en-un-momento-los-dejamos-en-silencio-8.jpg\" loading=\"lazy\"><br \/>\n<\/a>\n<\/picture>\n<\/div>\n<\/div><\/div>\n<\/div>\n<div class=\"sp__Normal htmlLibre\" readability=\"6\">\n<div class=\"mt\" readability=\"7\">\n<h2>Mir\u00e1 el resumen de River 0 &#8211; Boca 1<\/h2>\n<p>El gol de Villa y mucho m\u00e1s<\/p>\n<hr>\n<\/div>\n<p><iframe width=\"100%\" height=\"315\" src=\"\/\/www.youtube.com\/embed\/IdA7tZfMQUI\" title=\"YouTube video player\" frameborder=\"0\" allow=\"accelerometer; autoplay; clipboard-write; encrypted-media; gyroscope; picture-in-picture\" allowfullscreen>[embedded content]<\/iframe><\/p>\n<\/div>\n<p>Volviendo a lo que hab\u00eda sido el 1-2 pasado, con su roja en la primera parte, record\u00f3: \u00abMe fui muy mal, enojado conmigo. Por ah\u00ed el \u00e1rbitro se hab\u00eda apurado un poco. Pero contento ahora por la victoria\u00bb.<\/p>\n<h2><mark><strong>EL GOL DE VILLA<\/strong><\/mark><\/h2>\n<div class=\"sp__SM\">\n<div class=\"content-new \">\n<span class=\"tit-mobile\">Mir\u00e1 tambi\u00e9n<\/span><\/p>\n<div class=\"mg\">\n<div class=\"wrap-figure\">\n<picture>\n<a href=\"https:\/\/www.ole.com.ar\/futbol-primera\/boca-river-festejo-jugadores-enojo-hinchas_0_Mbw3wj9b3m.html\" target=\"_self\" rel=\"noopener noreferrer\"><br \/>\n<img class=\"img-responsive\" alt=\"Boca: &quot;Un minuto de silencio&quot; y salida entre botellazos\" src=\"http:\/\/hoycordobaweb.com\/wp-content\/uploads\/2022\/03\/rojo-y-la-picante-frase-post-super-en-un-momento-los-dejamos-en-silencio-9.jpg\" loading=\"lazy\"><br \/>\n<\/a>\n<\/picture>\n<\/div>\n<\/div><\/div>\n<\/div>\n<div class=\"sp__SM\">\n<div class=\"content-new \">\n<span class=\"tit-mobile\">Mir\u00e1 tambi\u00e9n<\/span><\/p>\n<div class=\"mg\">\n<div class=\"wrap-figure\">\n<picture>\n<a href=\"https:\/\/www.ole.com.ar\/futbol-primera\/videos-river-boca-resumen-superclasico_0_FIdsMN1otd.html\" target=\"_self\" rel=\"noopener noreferrer\"><br \/>\n<img class=\"img-responsive\" alt=\"River 0 - Boca 1: mir\u00e1 el resumen\" src=\"http:\/\/hoycordobaweb.com\/wp-content\/uploads\/2022\/03\/rojo-y-la-picante-frase-post-super-en-un-momento-los-dejamos-en-silencio-10.jpg\" loading=\"lazy\"><br \/>\n<\/a>\n<\/picture>\n<\/div>\n<\/div><\/div>\n<\/div>\n<p>Adem\u00e1s, destac\u00f3 el papel de su compa\u00f1ero Rossi bajo los tres palos,&nbsp;consider\u00f3 que \u00abes muy linda\u00bb la camiseta amarilla (y mucho m\u00e1s tras el triunfo) y lament\u00f3 el cruce del final con los plate\u00edstas de River:<strong> \u00abEs una mala costumbre del f\u00fatbol argentino. Pasa en todos lados, tambi\u00e9n afuera\u00bb.<\/strong><\/p>\n<div class=\"sp__SM\">\n<div class=\"content-new \">\n<span class=\"tit-mobile\">Mir\u00e1 tambi\u00e9n<\/span><\/p>\n<div class=\"mg\">\n<div class=\"wrap-figure\">\n<picture>\n<a href=\"https:\/\/www.ole.com.ar\/boca-juniors\/boca-river-salvio_0_Nw1isctB12.html\" target=\"_self\" rel=\"noopener noreferrer\"><br \/>\n<img class=\"img-responsive\" alt=\"El picante festejo de Boca en el vestuario del Monumental\" src=\"http:\/\/hoycordobaweb.com\/wp-content\/uploads\/2022\/03\/rojo-y-la-picante-frase-post-super-en-un-momento-los-dejamos-en-silencio-11.jpg\" loading=\"lazy\"><br \/>\n<\/a>\n<\/picture>\n<\/div>\n<\/div><\/div>\n<\/div>\n<p><opta-widget sport=\"football\" widget=\"timeline\" competition=\"384\" season=\"2022\" match=\"2268380\" template=\"normal\" live=\"true\" orientation=\"horizontal\" vertical_timebar_height=\"260\" show_match_header=\"true\" show_score=\"true\" show_crests=\"true\" show_assists=\"all\" show_team_formation=\"true\" show_clock=\"true\" show_period_dividers=\"true\" show_halftime_score=\"false\" show_date=\"true\" date_format=\"dddd D MMMM YYYY\" show_attendance=\"true\" show_images=\"true\" show_referee=\"true\" show_venue=\"true\" show_cards=\"all\" show_goals=\"true\" show_penalties_missed=\"true\" show_subs=\"false\" show_goals_combined=\"false\" show_shootouts=\"false\" show_competition_name=\"true\" competition_naming=\"full\" team_naming=\"full\" player_naming=\"full\" show_live=\"true\" show_logo=\"false\" show_title=\"true\" breakpoints=\"400, 700\"><\/opta-widget><opta-widget sport=\"football\" widget=\"matchstats\" competition=\"384\" season=\"2022\" match=\"2268380\" template=\"lineups\" live=\"true\" side=\"both\" column_count=\"1\" side_by_side=\"true\" show_match_header=\"true\" show_score=\"true\" show_halftime_score=\"false\" show_crests=\"false\" show_team_formation=\"true\" show_competition_name=\"true\" show_date=\"false\" date_format=\"dddd D MMMM YYYY\" order_by=\"position\" group_by_position=\"false\" show_position=\"true\" show_images=\"false\" show_key=\"false\" show_starters=\"true\" show_goalkeepers=\"true\" show_defenders=\"true\" show_midfielders=\"true\" show_forwards=\"true\" show_subs=\"true\" show_unused_subs=\"false\" show_managers=\"true\" show_captain=\"false\" show_match_events=\"true\" competition_naming=\"full\" team_naming=\"full\" player_naming=\"full\" show_live=\"false\" show_logo=\"false\" show_title=\"true\" breakpoints=\"400, 700\"><\/opta-widget><opta-widget widget=\"commentary\" competition=\"384\" season=\"2022\" match=\"2268380\" template=\"normal\" live=\"true\" data_type=\"auto\" order_by=\"time_descending\" show_event_icons=\"true\" show_minor_events=\"true\" fixed_height_comments=\"300\" show_live=\"true\" show_logo=\"false\" show_title=\"true\" breakpoints=\"400\" sport=\"football\"><\/opta-widget><opta-widget sport=\"football\" widget=\"heatmap\" competition=\"384\" season=\"2022\" match=\"2268380\" preselected_player template=\"normal\" live=\"true\" show_maps=\"all\" orientation=\"horizontal\" side=\"both\" dimension=\"2D\" one_direction=\"false\" show_match_header=\"true\" show_score=\"true\" show_halftime_score=\"false\" show_crests=\"false\" show_team_formation=\"true\" show_competition_name=\"true\" show_date=\"true\" date_format=\"dddd D MMMM YYYY\" show_team_sheets=\"true\" show_subs=\"true\" show_position=\"true\" show_timecontrols=\"true\" show_timecontrols_buttons=\"true\" show_timecontrols_bar=\"true\" show_tooltips=\"false\" competition_naming=\"full\" team_naming=\"full\" player_naming=\"full\" show_logo=\"false\" show_title=\"true\" breakpoints=\"400, 700\"><\/opta-widget><opta-widget widget=\"standings\" competition=\"384\" season=\"2022\" template=\"normal\" live=\"true\" default_nav=\"1\" side=\"combined\" data_detail=\"default\" show_key=\"true\" show_crests=\"true\" points_in_first_column=\"true\" lose_before_draw=\"false\" competition_naming=\"full\" team_naming=\"full\" date_format=\"dddd D MMMM YYYY\" sorting=\"false\" show_live=\"false\" show_relegation_average=\"true\" show_logo=\"true\" show_title=\"true\" breakpoints=\"382\" sport=\"football\"><\/opta-widget> <\/p>\n<div class=\"entry-tags\">\n<h2>TEMAS QUE APARECEN EN ESTA NOTA<\/h2>\n<\/p><\/div>\n","protected":false},"excerpt":{"rendered":"<p>En el d\u00eda de su cumplea\u00f1os, Marcos Rojo tuvo un gran regalo. Es que termin\u00f3 celebrando en el Monumental, producto del triunfo de Boca ante River en una nueva edici\u00f3n del S\u00faper. 1-0, con un buen partido del zaguero central, que en el anterior hab\u00eda sido expulsado tempranamente. Una revancha a nivel personal, desde luego. [&hellip;]<\/p>\n","protected":false},"author":1,"featured_media":38736,"comment_status":"open","ping_status":"closed","sticky":false,"template":"","format":"standard","meta":[],"categories":[16],"tags":[],"_links":{"self":[{"href":"http:\/\/hoycordobaweb.com\/index.php\/wp-json\/wp\/v2\/posts\/38735"}],"collection":[{"href":"http:\/\/hoycordobaweb.com\/index.php\/wp-json\/wp\/v2\/posts"}],"about":[{"href":"http:\/\/hoycordobaweb.com\/index.php\/wp-json\/wp\/v2\/types\/post"}],"author":[{"embeddable":true,"href":"http:\/\/hoycordobaweb.com\/index.php\/wp-json\/wp\/v2\/users\/1"}],"replies":[{"embeddable":true,"href":"http:\/\/hoycordobaweb.com\/index.php\/wp-json\/wp\/v2\/comments?post=38735"}],"version-history":[{"count":0,"href":"http:\/\/hoycordobaweb.com\/index.php\/wp-json\/wp\/v2\/posts\/38735\/revisions"}],"wp:featuredmedia":[{"embeddable":true,"href":"http:\/\/hoycordobaweb.com\/index.php\/wp-json\/wp\/v2\/media\/38736"}],"wp:attachment":[{"href":"http:\/\/hoycordobaweb.com\/index.php\/wp-json\/wp\/v2\/media?parent=38735"}],"wp:term":[{"taxonomy":"category","embeddable":true,"href":"http:\/\/hoycordobaweb.com\/index.php\/wp-json\/wp\/v2\/categories?post=38735"},{"taxonomy":"post_tag","embeddable":true,"href":"http:\/\/hoycordobaweb.com\/index.php\/wp-json\/wp\/v2\/tags?post=38735"}],"curies":[{"name":"wp","href":"https:\/\/api.w.org\/{rel}","templated":true}]}}