{"id":38673,"date":"2022-03-20T00:53:00","date_gmt":"2022-03-20T00:53:00","guid":{"rendered":"http:\/\/hoycordobaweb.com\/index.php\/2022\/03\/20\/el-mundo-en-1982-eeuu-en-recesion-y-sudamerica-plagada-de-dictaduras\/"},"modified":"2022-03-20T00:53:00","modified_gmt":"2022-03-20T00:53:00","slug":"el-mundo-en-1982-eeuu-en-recesion-y-sudamerica-plagada-de-dictaduras","status":"publish","type":"post","link":"http:\/\/hoycordobaweb.com\/index.php\/2022\/03\/20\/el-mundo-en-1982-eeuu-en-recesion-y-sudamerica-plagada-de-dictaduras\/","title":{"rendered":"El mundo en 1982: EEUU en recesi\u00f3n y Sudam\u00e9rica plagada de dictaduras"},"content":{"rendered":"<p><img src=\"http:\/\/hoycordobaweb.com\/wp-content\/uploads\/2022\/03\/el-mundo-en-1982-eeuu-en-recesion-y-sudamerica-plagada-de-dictaduras.jpg\"><\/p>\n<figure class=\"mb-3\"><img loading=\"lazy\" src=\"http:\/\/hoycordobaweb.com\/wp-content\/uploads\/2022\/03\/el-mundo-en-1982-eeuu-en-recesion-y-sudamerica-plagada-de-dictaduras-2.jpg\" width=\"100%\" height=\"100%\" alt=\"Nicaragua Foto AFP\"><figcaption> Nicaragua. Foto: AFP. <\/figcaption><\/figure>\n<p>La recesi\u00f3n econ\u00f3mica que envolv\u00eda a Estados Unidos, el conflicto de Medio Oriente expandido a Francia con el atentado a un tren, varios pa\u00edses de Am\u00e9rica Latina conmovidos por el terrorismo estatal, las guerrillas internas y las salidas democr\u00e1ticas, mientras proliferaban los dictadores, y la mira de buena parte del mundo en el inminente Mundial de F\u00fatbol de Espa\u00f1a fueron el trasfondo en el que se produjo el desembarco argentino en las Malvinas, el 2 de abril de 1982.<\/p>\n<p>Sudam\u00e9rica, entretanto, atravesaba el que probablemente haya sido el m\u00e1s duro per\u00edodo de dictaduras convivientes: al mismo tiempo que Leopoldo Galtieri en Argentina, gobernaban Augusto Pinochet en Chile; Alfredo Stroessner en Paraguay; Celso Torrelio Villa en Bolivia; Gregorio \u00abGoyo\u00bb Alvarez en Uruguay; y Joao Figueiredo en Brasil.<\/p>\n<p>Y las democracias de Per\u00fa y Colombia enfrentaban un momento todav\u00eda de fortaleza de las organizaciones guerrilleras: Sendero Luminoso y el Movimiento Revolucionario Tupac Amaru (MRTA) jaqueaban al peruano Fernando Bela\u00fande Terry, mientras que las FARC, el M-19, el EPL y el ELN hac\u00edan lo propio con el colombiano Julio C\u00e9sar Turbay, a punto de dejar la presidencia.<\/p>\n<p>Por lo dem\u00e1s, al reci\u00e9n asumido Javier P\u00e9rez de Cu\u00e9llar como secretario general de la ONU le tocaba enfrentar una decisi\u00f3n de Israel que el mundo acaba de repudiar: la anexi\u00f3n de los Altos del Gol\u00e1n -aunque su Parlamento evitaba usar esa palabra-, declarada \u00abnula y sin valor\u00bb por unanimidad por el Consejo de Seguridad de la organizaci\u00f3n, en diciembre de 1981.<\/p>\n<p>Estados Unidos enfrentaba el que para muchos fue su peor per\u00edodo de recesi\u00f3n despu\u00e9s de la Segunda Guerra Mundial, generada en parte por su estricta pol\u00edtica monetaria para controlar la inflaci\u00f3n y en parte por la crisis energ\u00e9tica que hab\u00eda disparado a\u00f1os antes Ir\u00e1n con la brutal suba en el precio del petr\u00f3leo.<\/p>\n<p>Con todo, Estados Unidos -presidido por el republicano Ronald Reagan- era todav\u00eda el mayor acreedor del mundo en ese incipiente 1982, aunque apenas tres a\u00f1os m\u00e1s tarde ser\u00eda el mayor deudor.<\/p>\n<p>En l\u00edneas generales, Europa experimentaba el avance del Sistema Monetario Europeo (SME), creado en 1979, que impuls\u00f3 paridades entre distintas monedas de la por entonces Comunidad Econ\u00f3mica. Hasta ah\u00ed, el resultado era satisfactorio, porque se hab\u00eda generado una zona de aceptable estabilidad cambiaria.<\/p>\n<figure class=\"mb-3\"><img loading=\"lazy\" src=\"http:\/\/hoycordobaweb.com\/wp-content\/uploads\/2022\/03\/el-mundo-en-1982-eeuu-en-recesion-y-sudamerica-plagada-de-dictaduras-3.jpg\" width=\"100%\" height=\"100%\" alt=\"Atentado en Toulouse Foto AFP\"><figcaption> Atentado en Toulouse. Foto: AFP. <\/figcaption><\/figure>\n<p>En el Reino Unido, la primera ministra Margaret Thatcher arrastraba en abril de 1982 cierta debilidad producto de la compleja situaci\u00f3n econ\u00f3mica, el desempleo, el desgaste natural de los a\u00f1os en el poder y el duro conflicto por las huelgas mineras.<\/p>\n<p>Las dos Alemanias, en tanto, viv\u00edan de buenas noticias: la Occidental ten\u00eda una r\u00e1pida recuperaci\u00f3n econ\u00f3mica con baja del d\u00e9ficit fiscal y de inflaci\u00f3n, y la Democr\u00e1tica consegu\u00eda crecer al punto de lograr el nivel de producci\u00f3n per c\u00e1pita m\u00e1s alto de la regi\u00f3n.<\/p>\n<p>En Espa\u00f1a, en febrero hab\u00eda comenzado el juicio a los responsables del frustrado golpe de Estrado del a\u00f1o anterior, conocido como \u00abTejerazo\u00bb. La sentencia ser\u00eda en junio y los tres principales responsables recibieron penas de 30 a\u00f1os de c\u00e1rcel.<\/p>\n<p>Francia, mientras, viv\u00eda la presidencia de Francoise Mitterrand y los primeros meses de gesti\u00f3n como primer ministro de Pierre Mauroy, que encar\u00f3 con velocidad un proceso de descentralizaci\u00f3n.<\/p>\n<p>El 2 de marzo, Mitterrand promulg\u00f3 la ley que dio paso a una amplia y profunda reforma descentralizadora de municipios, departamentos y regiones, que dejaron de ser entes tutelados por el Estado para ser \u00abinstituciones mayores, es decir, libres y responsables\u00bb, seg\u00fan el texto.<\/p>\n<p>D\u00edas despu\u00e9s, el 29, el pa\u00eds se conmov\u00eda por un atentado al tren Par\u00eds-Toulouse, atribuido a la Organizaci\u00f3n de Lucha Armada \u00c1rabe, que marc\u00f3 todo un cambio: ya no era un hecho de agentes internos ni contra intereses extranjeros en Francia.<\/p>\n<div class=\"card col-md-10 offset-md-1 mb-4\">\n<h3 class=\"pt-2\">Relacionadas<\/h3>\n<\/p><\/div>\n<p>Las confirmaciones vendr\u00edan en apenas meses, con otros hechos igualmente tr\u00e1gicos: el asesinato de un diplom\u00e1tico israel\u00ed, una explosi\u00f3n ante la sede de un diario sirio, otro estallido ante un banco israel\u00ed, y las bombas en dos restaurantes de Par\u00eds, en la estaci\u00f3n de Saint Charles de Marsella y en el tren de alta velocidad (TGV) Par\u00eds-Marsella.<\/p>\n<p>Rusia, mientras, ya consolidada como superpotencia, parec\u00eda ponerle fin a su etapa de crecimiento, despu\u00e9s de las reformas radicales en su econom\u00eda de la era pre-Leonid Br\u00e9zhnev, quien morir\u00eda en noviembre del mismo 1982.<\/p>\n<p>Marzo ser\u00eda un mes agitado para Am\u00e9rica Central: el 7 se llevaron a cabo elecciones en Guatemala, que gan\u00f3 \u00c1ngel Guevara Guti\u00e9rrez, aunque nunca lleg\u00f3 a asumir, porque el 23 hubo un golpe de Estado encabezado por Efra\u00edn R\u00edos Montt, quien se revelar\u00eda como un dictador sanguinario apenas un mes despu\u00e9s: el 29 de abril militares torturaron y asesinaron a los 57 habitantes de la aldea Los Josefinos.<\/p>\n<figure class=\"mb-3\"><img loading=\"lazy\" src=\"http:\/\/hoycordobaweb.com\/wp-content\/uploads\/2022\/03\/el-mundo-en-1982-eeuu-en-recesion-y-sudamerica-plagada-de-dictaduras-4.jpg\" width=\"100%\" height=\"100%\" alt=\"Atentado en Toulouse Foto AFP\"><figcaption> Atentado en Toulouse. Foto: AFP. <\/figcaption><\/figure>\n<p>El 28 del mismo marzo, El Salvador vot\u00f3 para conformar una Asamblea Constituyente que elegir\u00eda a un presidente por dos a\u00f1os, como paso de transici\u00f3n entre la dictadura abierta en 1979 y un futuro gobierno salido de las urnas. A fines de abril resultar\u00eda designado \u00c1lvaro Maga\u00f1a.<\/p>\n<p>Buena parte de la atenci\u00f3n de ese abril se la llev\u00f3 la recuperaci\u00f3n de las Malvinas por parte de Argentina, y mayo trajo un nuevo gobierno socialdem\u00f3crata en la regi\u00f3n: el 8, en Costa Rica, asumi\u00f3 Luis Monge, que hab\u00eda ganado las elecciones de febrero.<\/p>\n<p>Pero ya en plena guerra una noticia sacudi\u00f3 al mundo, al menos al cat\u00f3lico: casi un a\u00f1o despu\u00e9s de ser baleado por el turco Al\u00ed Agca, Juan Pablo II esquiv\u00f3 el que ser\u00eda un nuevo intento por matarlo, esta vez en F\u00e1tima, Portugal. El atacante era un sacerdote espa\u00f1ol ultraconservador que acusaba de comunista al Pont\u00edfice de origen polaco.<\/p>\n<p>Fuera del universo de la pol\u00edtica, el 23 de mayo se estren\u00f3 en Londres \u00abThe Wall\u00bb, el c\u00e9lebre musical de Pink Floyd que con los a\u00f1os se convertir\u00eda en un filme de culto.<\/p>\n<p>Una semana despu\u00e9s, el 30, el conservador Belisario Betancur gan\u00f3 los comicios presidenciales en Colombia, dando continuidad a la alternancia entre conservadores y liberales.<\/p>\n<p>Despu\u00e9s, como cada cuatro a\u00f1os, buena parte de la atenci\u00f3n del mundo -y al menos de buena parte de la Argentina- se traslad\u00f3 a Espa\u00f1a, donde el 13 de junio se inaugur\u00f3 el Mundial de F\u00fatbol con un partido en el que justamente le toc\u00f3 jugar a Argentina. Fue derrota 0-1 ante B\u00e9lgica. Al d\u00eda siguiente la guerra en el Atl\u00e1ntico Sur termin\u00f3 con la capitulaci\u00f3n nacional: en el mundo hab\u00eda una guerra menos. <\/p>\n","protected":false},"excerpt":{"rendered":"<p>Nicaragua. Foto: AFP. La recesi\u00f3n econ\u00f3mica que envolv\u00eda a Estados Unidos, el conflicto de Medio Oriente expandido a Francia con el atentado a un tren, varios pa\u00edses de Am\u00e9rica Latina conmovidos por el terrorismo estatal, las guerrillas internas y las salidas democr\u00e1ticas, mientras proliferaban los dictadores, y la mira de buena parte del mundo en [&hellip;]<\/p>\n","protected":false},"author":1,"featured_media":38674,"comment_status":"open","ping_status":"closed","sticky":false,"template":"","format":"standard","meta":[],"categories":[24],"tags":[],"_links":{"self":[{"href":"http:\/\/hoycordobaweb.com\/index.php\/wp-json\/wp\/v2\/posts\/38673"}],"collection":[{"href":"http:\/\/hoycordobaweb.com\/index.php\/wp-json\/wp\/v2\/posts"}],"about":[{"href":"http:\/\/hoycordobaweb.com\/index.php\/wp-json\/wp\/v2\/types\/post"}],"author":[{"embeddable":true,"href":"http:\/\/hoycordobaweb.com\/index.php\/wp-json\/wp\/v2\/users\/1"}],"replies":[{"embeddable":true,"href":"http:\/\/hoycordobaweb.com\/index.php\/wp-json\/wp\/v2\/comments?post=38673"}],"version-history":[{"count":0,"href":"http:\/\/hoycordobaweb.com\/index.php\/wp-json\/wp\/v2\/posts\/38673\/revisions"}],"wp:featuredmedia":[{"embeddable":true,"href":"http:\/\/hoycordobaweb.com\/index.php\/wp-json\/wp\/v2\/media\/38674"}],"wp:attachment":[{"href":"http:\/\/hoycordobaweb.com\/index.php\/wp-json\/wp\/v2\/media?parent=38673"}],"wp:term":[{"taxonomy":"category","embeddable":true,"href":"http:\/\/hoycordobaweb.com\/index.php\/wp-json\/wp\/v2\/categories?post=38673"},{"taxonomy":"post_tag","embeddable":true,"href":"http:\/\/hoycordobaweb.com\/index.php\/wp-json\/wp\/v2\/tags?post=38673"}],"curies":[{"name":"wp","href":"https:\/\/api.w.org\/{rel}","templated":true}]}}