{"id":38641,"date":"2022-03-18T22:48:29","date_gmt":"2022-03-18T22:48:29","guid":{"rendered":"https:\/\/www.ole.com.ar\/internacional\/liga-alemana-bundesliga\/agredieron-juez-linea-suspension-partido_0_h4Ap0D4ouK.html"},"modified":"2022-03-18T22:48:29","modified_gmt":"2022-03-18T22:48:29","slug":"video-agredieron-al-juez-de-linea-y-se-suspendio-el-partido","status":"publish","type":"post","link":"http:\/\/hoycordobaweb.com\/index.php\/2022\/03\/18\/video-agredieron-al-juez-de-linea-y-se-suspendio-el-partido\/","title":{"rendered":"Video: agredieron al juez de l\u00ednea y se suspendi\u00f3 el partido"},"content":{"rendered":"<p><img src=\"http:\/\/hoycordobaweb.com\/wp-content\/uploads\/2022\/03\/video-agredieron-al-juez-de-linea-y-se-suspendio-el-partido.jpg\"><\/p>\n<p>La <strong><a alt=\"bundesliga\" class=\"slug\" href=\"https:\/\/www.ole.com.ar\/tema\/bundesliga.html\" target=\"_blank\" title=\"bundesliga\" rel=\"noopener noreferrer\">Bundesliga <\/a><\/strong>acaba de vivir un momento ins\u00f3lito. El duelo entre el <strong>Bochum <\/strong>y el<strong><a alt=\"borussia-monchengladbach\" class=\"slug\" href=\"https:\/\/www.ole.com.ar\/tema\/borussia-monchengladbach.html\" target=\"_blank\" title=\"borussia-monchengladbach\" rel=\"noopener noreferrer\"> Borussia Monchengladbach<\/a><\/strong> se suspendi\u00f3 a los 24 minutos del segundo tiempo. \u00bfLa raz\u00f3n? <mark>Agredieron a un juez de l\u00ednea desde la tribuna<\/mark>. El asistente recibi\u00f3 un golpazo en la nuca, provocado por un<strong> vaso lleno de cerveza<\/strong>. El \u00e1rbitro principal no dud\u00f3 y detuvo el juego (la visita ganaba por 2-0), y tras unos minutos de an\u00e1lisis, determin\u00f3 la suspensi\u00f3n del partido.<\/p>\n<div class=\"sp__Normal\">\n<div class=\"image-embeb image-trigger\" readability=\"6\">\n<picture><source media=\"(min-width: 720px)\" srcset=\"http:\/\/hoycordobaweb.com\/wp-content\/uploads\/2022\/03\/video-agredieron-al-juez-de-linea-y-se-suspendio-el-partido-2.jpg\"><img itemprop=\"image\" src=\"http:\/\/hoycordobaweb.com\/wp-content\/uploads\/2022\/03\/video-agredieron-al-juez-de-linea-y-se-suspendio-el-partido-2.jpg\" loading=\"lazy\" alt=\"Monchengladbach ganaba 2-0. Foto: AP.\">\n<\/picture><figcaption readability=\"2\">\n<p>Monchengladbach ganaba 2-0. Foto: AP.\n<\/p>\n<\/figcaption><\/div>\n<\/div>\n<h2><strong>Mir\u00e1 el video<\/strong><\/h2>\n<div class=\"sp__SM\">\n<div class=\"content-new \">\n<span class=\"tit-mobile\">Mir\u00e1 tambi\u00e9n<\/span><\/p>\n<div class=\"mg\">\n<div class=\"wrap-figure\">\n<picture>\n<a href=\"https:\/\/www.ole.com.ar\/fuera-de-juego\/arquero-espanol-liga-jugador-gay_0_U8fghsJZcv.html\" target=\"_self\" rel=\"noopener noreferrer\"><br \/>\n<img class=\"img-responsive\" alt=\"Ex Real Madrid: &quot;Me cuesta entender que en La Liga no haya ning\u00fan jugador gay&quot;\" src=\"http:\/\/hoycordobaweb.com\/wp-content\/uploads\/2022\/03\/video-agredieron-al-juez-de-linea-y-se-suspendio-el-partido-3.jpg\" loading=\"lazy\"><br \/>\n<\/a>\n<\/picture>\n<\/div>\n<\/div><\/div>\n<\/div>\n<p>Con el impacto,<strong> el l\u00ednea Christian Gittelmann cay\u00f3 al suelo inmediatamente<\/strong> y cuando se dio cuenta de lo que hab\u00eda pasado, le clav\u00f3 la mirada a los hinchas del Bochum con cara de decepci\u00f3n. <strong>Despu\u00e9s los propios jugadores del equipo local fueron a defender al \u00e1rbitro<\/strong>, cuestionando y rechazando la actitud de los fan\u00e1ticos.<\/p>\n<div class=\"sp__Normal\">\n<div class=\"image-embeb image-trigger\" readability=\"6\">\n<picture><source media=\"(min-width: 720px)\" srcset=\"http:\/\/hoycordobaweb.com\/wp-content\/uploads\/2022\/03\/video-agredieron-al-juez-de-linea-y-se-suspendio-el-partido-4.jpg\"><img itemprop=\"image\" src=\"http:\/\/hoycordobaweb.com\/wp-content\/uploads\/2022\/03\/video-agredieron-al-juez-de-linea-y-se-suspendio-el-partido-4.jpg\" loading=\"lazy\" alt=\"Los jugadores del Bochum fueron a frenar a los hinchas. Foto: @VfLBochum1848EN.\">\n<\/picture><figcaption readability=\"2\">\n<p>Los jugadores del Bochum fueron a frenar a los hinchas. Foto: @VfLBochum1848EN.\n<\/p>\n<\/figcaption><\/div>\n<\/div>\n<p><strong>\u00abEl partido se ha retrasado debido a las instrucciones de seguridad despu\u00e9s de que el \u00e1rbitro asistente fue golpeado por un objeto del p\u00fablico\u00bb<\/strong>, inform\u00f3 el Twitter de la liga al momento del incidente. Aunque m\u00e1s tarde se confirm\u00f3 que hab\u00eda sido <mark>suspendido de forma permanente.<\/mark><\/p>\n<div class=\"sp__Normal htmlLibre\">\n<div class=\"embed-responsive-c\" readability=\"6.7125\">\n<blockquote class=\"twitter-tweet\" readability=\"7.16\">\n<p lang=\"en\" dir=\"ltr\">The game has been delayed due to safety instructions after the assistant referee was struck by an item from the crowd. <\/p>\n<p>\ud83d\udc99 0-2 \ud83d\udc0e (68&#8242;) <a href=\"https:\/\/twitter.com\/hashtag\/BOCBMG?src=hash&amp;ref_src=twsrc%5Etfw\">#BOCBMG<\/a><\/p>\n<p>\u2014 Bundesliga English (@Bundesliga_EN) <a href=\"https:\/\/twitter.com\/Bundesliga_EN\/status\/1504927508369711106?ref_src=twsrc%5Etfw\">March 18, 2022<\/a><\/p><\/blockquote><\/div>\n<\/div>\n<div class=\"sp__SM\">\n<div class=\"content-new \">\n<span class=\"tit-mobile\">Mir\u00e1 tambi\u00e9n<\/span><\/p>\n<div class=\"mg\">\n<div class=\"wrap-figure\">\n<picture>\n<a href=\"https:\/\/www.ole.com.ar\/seleccion\/seleccion-argentina-visita-ecuador-eliminatorias-qatar-2022-guayaquil-estadio-lleno-aforo_0_35PpJ9l1Tf.html\" target=\"_self\" rel=\"noopener noreferrer\"><br \/>\n<img class=\"img-responsive\" alt=\"Luego del furor por las entradas, Ecuador-Argentina va con aforo completo\" src=\"http:\/\/hoycordobaweb.com\/wp-content\/uploads\/2022\/03\/video-agredieron-al-juez-de-linea-y-se-suspendio-el-partido-5.jpg\" loading=\"lazy\"><br \/>\n<\/a>\n<\/picture>\n<\/div>\n<\/div><\/div>\n<\/div>\n<h2><strong>Pedido de disculpas y reacci\u00f3n del equipo en redes<\/strong><\/h2>\n<p><strong>\u200b<\/strong>La cuenta oficial del Bochum repudi\u00f3 la agresi\u00f3n y le ofreci\u00f3 sus disculpas al l\u00ednea. \u00abRetraso en el juego. <mark>Un idiota ha lanzado algo hacia el campo y ha golpeado al juez de l\u00ednea<\/mark>. El partido se ha retrasado. Un comportamiento incre\u00edblemente est\u00fapido e irresponsable,<strong> \u00a1no tiene cabida en un estadio! Idiota, idiota, idiota. <\/strong>Esperemos que el juez de l\u00ednea est\u00e9 bien\u00bb, escribieron en Twitter momentos despu\u00e9s del suceso.<\/p>\n<div class=\"sp__Normal htmlLibre\">\n<div class=\"embed-responsive-c\" readability=\"6.5909090909091\">\n<blockquote class=\"twitter-tweet\" readability=\"7.030303030303\">\n<p lang=\"en\" dir=\"ltr\">The match will not be restarted, <a href=\"https:\/\/twitter.com\/hashtag\/BOCBMG?src=hash&amp;ref_src=twsrc%5Etfw\">#BOCBMG<\/a> has been abandoned. We can only formally apologise to linesman Christian Gittelmannn. A highly embarrassing and bitter evening for us. An extremely stupid action from an idiotic fan. <\/p>\n<p>0-2 <a href=\"https:\/\/twitter.com\/hashtag\/BOCBMG?src=hash&amp;ref_src=twsrc%5Etfw\">#BOCBMG<\/a> <a href=\"https:\/\/twitter.com\/hashtag\/meinVfL?src=hash&amp;ref_src=twsrc%5Etfw\">#meinVfL<\/a><\/p>\n<p>\u2014 VfL Bochum 1848 (@VfLBochum1848EN) <a href=\"https:\/\/twitter.com\/VfLBochum1848EN\/status\/1504932797563260931?ref_src=twsrc%5Etfw\">March 18, 2022<\/a><\/p><\/blockquote><\/div>\n<\/div>\n<p>Y despu\u00e9s a\u00f1adieron:<strong> \u00abEl partido no se reanudar\u00e1, <\/strong>el Bochum &#8211; Monchengladbach ha sido abandonado. S\u00f3lo podemos pedir <mark>disculpas formalmente al juez de l\u00ednea Christian Gittelmann.<\/mark> Una velada altamente vergonzosa y amarga para nosotros. Una acci\u00f3n <strong>extremadamente est\u00fapida de un aficionado idiota\u00bb.<\/strong><\/p>\n<div class=\"sp__SM\">\n<div class=\"content-new \">\n<span class=\"tit-mobile\">Mir\u00e1 tambi\u00e9n<\/span><\/p>\n<div class=\"mg\">\n<div class=\"wrap-figure\">\n<picture>\n<a href=\"https:\/\/www.ole.com.ar\/futbol-internacional\/espana\/dani-alves-lionel-messi-psg-barcelona_0_yH6Gf3Jsji.html\" target=\"_self\" rel=\"noopener noreferrer\"><br \/>\n<img class=\"img-responsive\" alt=\"Dani Alves: &quot;Leo no est\u00e1 disfrutando en PSG. Ojal\u00e1 pueda volver&quot;\" src=\"http:\/\/hoycordobaweb.com\/wp-content\/uploads\/2022\/03\/video-agredieron-al-juez-de-linea-y-se-suspendio-el-partido-6.jpg\" loading=\"lazy\"><br \/>\n<\/a>\n<\/picture>\n<\/div>\n<\/div><\/div>\n<\/div>\n<h2> <strong>\u00bfC\u00f3mo sigue?<\/strong><\/h2>\n<p>Todav\u00eda no fue confirmado, pero se estima que el juez Benjamin Cortus optar\u00e1 por <strong>reanudar los 19 minutos restantes otro d\u00eda y a puertas cerradas<\/strong>. Con la ventaja a favor del Monchengladbach, que ya se impon\u00eda con los tantos de Alassane Plea y Breel Embolo.<\/p>\n<div class=\"sp__Normal\">\n<div class=\"image-embeb image-trigger\" readability=\"6\">\n<picture><source media=\"(min-width: 720px)\" srcset=\"http:\/\/hoycordobaweb.com\/wp-content\/uploads\/2022\/03\/video-agredieron-al-juez-de-linea-y-se-suspendio-el-partido-7.jpg\"><img itemprop=\"image\" src=\"http:\/\/hoycordobaweb.com\/wp-content\/uploads\/2022\/03\/video-agredieron-al-juez-de-linea-y-se-suspendio-el-partido-7.jpg\" loading=\"lazy\" alt=\"\u00bfSe juega a puertas cerradas? Foto: AP.\">\n<\/picture><figcaption readability=\"2\">\n<p>\u00bfSe juega a puertas cerradas? Foto: AP.\n<\/p>\n<\/figcaption><\/div>\n<\/div>\n<div class=\"sp__SM\">\n<div class=\"content-new \">\n<span class=\"tit-mobile\">Mir\u00e1 tambi\u00e9n<\/span><\/p>\n<div class=\"mg\">\n<div class=\"wrap-figure\">\n<picture>\n<a href=\"https:\/\/www.ole.com.ar\/voley\/panteras-mundial-voley-rivales_0_CDf24glqXX.html\" target=\"_self\" rel=\"noopener noreferrer\"><br \/>\n<img class=\"img-responsive\" alt=\"Las Panteras conocen sus rivales para el Mundial\" src=\"http:\/\/hoycordobaweb.com\/wp-content\/uploads\/2022\/03\/video-agredieron-al-juez-de-linea-y-se-suspendio-el-partido-8.jpg\" loading=\"lazy\"><br \/>\n<\/a>\n<\/picture>\n<\/div>\n<\/div><\/div>\n<\/div>\n<h2> <strong>\u00bfC\u00f3mo est\u00e1 la Bundes?<\/strong><\/h2>\n<p>La liga de Alemania tiene de l\u00edder &#8211; como de costumbre &#8211; al <strong><a alt=\"bayern-munich\" class=\"slug\" href=\"https:\/\/www.ole.com.ar\/tema\/bayern-munich.html\" target=\"_blank\" title=\"bayern-munich\" rel=\"noopener noreferrer\">Bayern Munich<\/a><\/strong>. Los b\u00e1varos marchan en soledad con <strong>60 unidades en 26 fechas,<\/strong> y son escoltados por el <strong><a alt=\"borussia-dortmund\" class=\"slug\" href=\"https:\/\/www.ole.com.ar\/tema\/borussia-dortmund.html\" target=\"_blank\" title=\"borussia-dortmund\" rel=\"noopener noreferrer\">Borussia Dortmund<\/a><\/strong>, que acumula 56. M\u00e1s abajo aparecen el Leverkusen y el Leipzig, que ya parecen estar totalmente fuera de la competencia por el t\u00edtulo. <strong>El Gladbach (11\u00ba con 33) y el Bochum (12\u00ba con 32 ) ya no compiten por nada:<\/strong> est\u00e1n c\u00f3modos en mitad de tabla, salvados del descenso pero lejos de los puestos de torneos internacionales.<\/p>\n<p><opta-widget widget=\"standings\" competition=\"22\" season=\"2021\" template=\"normal\" live=\"true\" default_nav=\"1\" side=\"combined\" data_detail=\"default\" show_key=\"true\" show_crests=\"true\" points_in_first_column=\"true\" lose_before_draw=\"false\" competition_naming=\"full\" team_naming=\"full\" date_format=\"dddd D MMMM YYYY\" sorting=\"false\" show_live=\"false\" show_relegation_average=\"true\" show_logo=\"true\" show_title=\"true\" breakpoints=\"382\" sport=\"football\"><\/opta-widget><\/p>\n<div class=\"sp__SM\">\n<div class=\"content-new \">\n<span class=\"tit-mobile\">Mir\u00e1 tambi\u00e9n<\/span><\/p>\n<div class=\"mg\">\n<div class=\"wrap-figure\">\n<picture>\n<a href=\"https:\/\/www.ole.com.ar\/futbol-internacional\/francia\/lionel-messi-psg-entrenamiento_0_wlAnF1sXaw.html\" target=\"_self\" rel=\"noopener noreferrer\"><br \/>\n<img class=\"img-responsive\" alt=\"Messi no particip\u00f3 del entrenamiento del viernes\" src=\"http:\/\/hoycordobaweb.com\/wp-content\/uploads\/2022\/03\/video-agredieron-al-juez-de-linea-y-se-suspendio-el-partido-9.jpg\" loading=\"lazy\"><br \/>\n<\/a>\n<\/picture>\n<\/div>\n<\/div><\/div>\n<\/div>\n<div class=\"sp__SM\">\n<div class=\"content-new \">\n<span class=\"tit-mobile\">Mir\u00e1 tambi\u00e9n<\/span><\/p>\n<div class=\"mg\">\n<div class=\"wrap-figure\">\n<picture>\n<a href=\"https:\/\/www.ole.com.ar\/futbol-internacional\/champions\/rulli-champions-league-villarreal-figura_0_dwZP67L2UW.html\" target=\"_self\" rel=\"noopener noreferrer\"><br \/>\n<img class=\"img-responsive\" alt=\"Rulli fue elegido como el jugador de la semana en la Champions\" src=\"http:\/\/hoycordobaweb.com\/wp-content\/uploads\/2022\/03\/video-agredieron-al-juez-de-linea-y-se-suspendio-el-partido-10.jpg\" loading=\"lazy\"><br \/>\n<\/a>\n<\/picture>\n<\/div>\n<\/div><\/div>\n<\/div>\n<div class=\"entry-tags\">\n<h2>TEMAS QUE APARECEN EN ESTA NOTA<\/h2>\n<\/p><\/div>\n","protected":false},"excerpt":{"rendered":"<p>La Bundesliga acaba de vivir un momento ins\u00f3lito. El duelo entre el Bochum y el Borussia Monchengladbach se suspendi\u00f3 a los 24 minutos del segundo tiempo. \u00bfLa raz\u00f3n? Agredieron a un juez de l\u00ednea desde la tribuna. El asistente recibi\u00f3 un golpazo en la nuca, provocado por un vaso lleno de cerveza. El \u00e1rbitro principal [&hellip;]<\/p>\n","protected":false},"author":1,"featured_media":38642,"comment_status":"open","ping_status":"closed","sticky":false,"template":"","format":"standard","meta":[],"categories":[16],"tags":[],"_links":{"self":[{"href":"http:\/\/hoycordobaweb.com\/index.php\/wp-json\/wp\/v2\/posts\/38641"}],"collection":[{"href":"http:\/\/hoycordobaweb.com\/index.php\/wp-json\/wp\/v2\/posts"}],"about":[{"href":"http:\/\/hoycordobaweb.com\/index.php\/wp-json\/wp\/v2\/types\/post"}],"author":[{"embeddable":true,"href":"http:\/\/hoycordobaweb.com\/index.php\/wp-json\/wp\/v2\/users\/1"}],"replies":[{"embeddable":true,"href":"http:\/\/hoycordobaweb.com\/index.php\/wp-json\/wp\/v2\/comments?post=38641"}],"version-history":[{"count":0,"href":"http:\/\/hoycordobaweb.com\/index.php\/wp-json\/wp\/v2\/posts\/38641\/revisions"}],"wp:featuredmedia":[{"embeddable":true,"href":"http:\/\/hoycordobaweb.com\/index.php\/wp-json\/wp\/v2\/media\/38642"}],"wp:attachment":[{"href":"http:\/\/hoycordobaweb.com\/index.php\/wp-json\/wp\/v2\/media?parent=38641"}],"wp:term":[{"taxonomy":"category","embeddable":true,"href":"http:\/\/hoycordobaweb.com\/index.php\/wp-json\/wp\/v2\/categories?post=38641"},{"taxonomy":"post_tag","embeddable":true,"href":"http:\/\/hoycordobaweb.com\/index.php\/wp-json\/wp\/v2\/tags?post=38641"}],"curies":[{"name":"wp","href":"https:\/\/api.w.org\/{rel}","templated":true}]}}